{"id":67168,"date":"2016-02-25T09:36:27","date_gmt":"2016-02-25T12:36:27","guid":{"rendered":"http:\/\/www.eltrabajo.cl\/portal\/?p=67168"},"modified":"2016-02-25T09:36:27","modified_gmt":"2016-02-25T12:36:27","slug":"en-san-rafael-se-realizo-primer-concejo-municipal-en-terreno-de-2016","status":"publish","type":"post","link":"https:\/\/eltrabajo.cl\/portal\/en-san-rafael-se-realizo-primer-concejo-municipal-en-terreno-de-2016\/","title":{"rendered":"En San Rafael se realiz\u00f3 Primer Concejo Municipal en terreno de 2016"},"content":{"rendered":"<figure id=\"attachment_67169\" aria-describedby=\"caption-attachment-67169\" style=\"width: 530px\" class=\"wp-caption alignleft\"><a href=\"http:\/\/www.eltrabajo.cl\/portal\/en-san-rafael-se-realizo-primer-concejo-municipal-en-terreno-de-2016\/autoridades-dirigentes-y-vecinos-formaron-parte-de-una-nueva-instancia-de-dialogo-en-el-concejo-munipal-en-terreno-del-pasado-martes\/\" rel=\"attachment wp-att-67169\"><img data-recalc-dims=\"1\" loading=\"lazy\" decoding=\"async\" class=\"size-full wp-image-67169\" src=\"https:\/\/i0.wp.com\/www.eltrabajo.cl\/portal\/wp-content\/uploads\/2016\/02\/AUTORIDADES-DIRIGENTES-Y-VECINOS-FORMARON-PARTE-DE-UNA-NUEVA-INSTANCIA-DE-DIALOGO-EN-EL-CONCEJO-MUNIPAL-EN-TERRENO-DEL-PASADO-MARTES.jpg?resize=530%2C349\" alt=\"Autoridades, dirigentes y vecinos formaron parte de una nueva instancia de di\u00e1logo en el Concejo Municipal en terreno del pasado martes.\" width=\"530\" height=\"349\" srcset=\"https:\/\/i0.wp.com\/eltrabajo.cl\/portal\/wp-content\/uploads\/2016\/02\/AUTORIDADES-DIRIGENTES-Y-VECINOS-FORMARON-PARTE-DE-UNA-NUEVA-INSTANCIA-DE-DIALOGO-EN-EL-CONCEJO-MUNIPAL-EN-TERRENO-DEL-PASADO-MARTES.jpg?w=530&amp;ssl=1 530w, https:\/\/i0.wp.com\/eltrabajo.cl\/portal\/wp-content\/uploads\/2016\/02\/AUTORIDADES-DIRIGENTES-Y-VECINOS-FORMARON-PARTE-DE-UNA-NUEVA-INSTANCIA-DE-DIALOGO-EN-EL-CONCEJO-MUNIPAL-EN-TERRENO-DEL-PASADO-MARTES.jpg?resize=200%2C132&amp;ssl=1 200w, https:\/\/i0.wp.com\/eltrabajo.cl\/portal\/wp-content\/uploads\/2016\/02\/AUTORIDADES-DIRIGENTES-Y-VECINOS-FORMARON-PARTE-DE-UNA-NUEVA-INSTANCIA-DE-DIALOGO-EN-EL-CONCEJO-MUNIPAL-EN-TERRENO-DEL-PASADO-MARTES.jpg?resize=300%2C198&amp;ssl=1 300w, https:\/\/i0.wp.com\/eltrabajo.cl\/portal\/wp-content\/uploads\/2016\/02\/AUTORIDADES-DIRIGENTES-Y-VECINOS-FORMARON-PARTE-DE-UNA-NUEVA-INSTANCIA-DE-DIALOGO-EN-EL-CONCEJO-MUNIPAL-EN-TERRENO-DEL-PASADO-MARTES.jpg?resize=228%2C150&amp;ssl=1 228w, https:\/\/i0.wp.com\/eltrabajo.cl\/portal\/wp-content\/uploads\/2016\/02\/AUTORIDADES-DIRIGENTES-Y-VECINOS-FORMARON-PARTE-DE-UNA-NUEVA-INSTANCIA-DE-DIALOGO-EN-EL-CONCEJO-MUNIPAL-EN-TERRENO-DEL-PASADO-MARTES.jpg?resize=400%2C263&amp;ssl=1 400w\" sizes=\"auto, (max-width: 530px) 100vw, 530px\" \/><\/a><figcaption id=\"caption-attachment-67169\" class=\"wp-caption-text\">Autoridades, dirigentes y vecinos formaron parte de una nueva instancia de di\u00e1logo en el Concejo Municipal en terreno del pasado martes.<\/figcaption><\/figure>\n<p><strong>Vecinos del sector en cara a cara con autoridades presentaron directamente su petitorio a los representantes de la comuna de San Felipe.<\/strong><\/p>\n<p>La concreci\u00f3n de las obras de alcantarillado es una de las preocupaciones m\u00e1s urgentes de esta localidad, junto con otras inquietudes, que si bien, no pueden ser resueltas directamente por la municipalidad, contar\u00e1n con la mediaci\u00f3n y el apoyo de \u00e9sta para su ejecuci\u00f3n.<br \/>\nLos vecinos del sector de San Rafael, tuvieron la posibilidad de plantear directamente sus demandas a los concejales de la comuna de San Felipe, en el marco del primer Concejo Municipal en terreno que se realiza durante el 2016 \u2013el s\u00e9ptimo en la presente administraci\u00f3n del alcalde Patricio Freire Canto-.<br \/>\nRicardo Carrasco, encargado del \u00e1rea comunitaria de la Dideco San Felipe, destac\u00f3 el hecho de que se puedan generar estas instancias de di\u00e1logo directo entre los vecinos y las autoridades, argumentando que \u201cdentro de todas las peticiones, hay varias que son abordables desde el municipio, pero otras tantas que tienen que ver con otras instituciones del estado, como es vialidad, lo que tiene que ver con tr\u00e1nsito \u00f3 alcantarillado que era uno de los temas principales, dentro de muchos otros como poda de \u00e1rboles, veredas en mal estado, lomos de toro, accesos al colegio, etc\u2026\u201d, detall\u00f3.<br \/>\nEn relaci\u00f3n con el tema del alcantarillado San Rafael-Curim\u00f3n, Carrasco cont\u00f3 que \u201cdon Claudio Paredes (Director de la Secretar\u00eda de Planificaci\u00f3n de la Municipalidad de San Felipe) le explic\u00f3 a los vecinos que eso ya est\u00e1 en proceso, en licitaci\u00f3n y estamos a la espera de que se puedan concretar los contratos con la empresa que se va adjudicar la construcci\u00f3n de este tramo de alcantarillado, lo cual debiera estar finiquitado la pr\u00f3xima semana\u201d, sostuvo.<br \/>\nA trav\u00e9s de los mismos trabajos que se llevar\u00e1n a cabo en las obras de alcantarillado, Carrasco asegur\u00f3 que se tiene estipulado remover los \u00e1rboles que est\u00e1n en malas condiciones y de los cuales hab\u00eda una serie de reclamos por parte de los vecinos del sector, en relaci\u00f3n con que las ra\u00edces de estas a\u00f1osas especies comenzaron a levantar las veredas, por lo que se llevar\u00e1 a cabo un programa de poda de \u00e1rboles y tambi\u00e9n de reparaci\u00f3n de veredas.<br \/>\nRespecto con el acceso al Establecimiento educacional del Sector San Rafael, el profesional asegur\u00f3 que se estudiar\u00e1 junto a Vialidad, la posibilidad de construir medidas mitigatorias para los ni\u00f1os que asisten a este colegio.<br \/>\n\u201cLo que son los lomos de toro tan famosos hoy en d\u00eda, pero que realmente la idea es que no genere un problema mayor, sobre todo en una carretera, ah\u00ed vienen otro tipo de complicaciones, as\u00ed que hay que revisarlo con mucho detenimiento, cuidado y ver las caracter\u00edsticas del lugar para hacer obras de buena calidad y no vaya a generar otro tipo de dificultades para los vecinos\u201d, resalt\u00f3.<br \/>\nOtro de los proyectos que presentaron los vecinos de San Rafael en su pliego de peticiones, dice relaci\u00f3n con el mejoramiento de su sede comunitaria, construir techumbre a la multicancha y la construcci\u00f3n de una plaza, obras que desde ya contaron con el compromiso de distintas instancias del municipio sanfelipe\u00f1o para concretar su realizaci\u00f3n.<\/p>\n","protected":false},"excerpt":{"rendered":"<p>Vecinos del sector en cara a cara con autoridades presentaron directamente su petitorio a los representantes de la comuna de San Felipe. La concreci\u00f3n de las obras de alcantarillado es una de&#8230;<\/p>\n","protected":false},"author":1,"featured_media":67169,"comment_status":"open","ping_status":"open","sticky":false,"template":"","format":"standard","meta":{"advanced_seo_description":"","jetpack_seo_html_title":"","jetpack_seo_noindex":false,"_jetpack_memberships_contains_paid_content":false,"footnotes":""},"categories":[1],"tags":[],"class_list":["post-67168","post","type-post","status-publish","format-standard","has-post-thumbnail","hentry","category-cronica"],"jetpack_featured_media_url":"https:\/\/i0.wp.com\/eltrabajo.cl\/portal\/wp-content\/uploads\/2016\/02\/AUTORIDADES-DIRIGENTES-Y-VECINOS-FORMARON-PARTE-DE-UNA-NUEVA-INSTANCIA-DE-DIALOGO-EN-EL-CONCEJO-MUNIPAL-EN-TERRENO-DEL-PASADO-MARTES.jpg?fit=530%2C349&ssl=1","jetpack_sharing_enabled":true,"jetpack_likes_enabled":true,"jetpack-related-posts":[],"_links":{"self":[{"href":"https:\/\/eltrabajo.cl\/portal\/wp-json\/wp\/v2\/posts\/67168","targetHints":{"allow":["GET"]}}],"collection":[{"href":"https:\/\/eltrabajo.cl\/portal\/wp-json\/wp\/v2\/posts"}],"about":[{"href":"https:\/\/eltrabajo.cl\/portal\/wp-json\/wp\/v2\/types\/post"}],"author":[{"embeddable":true,"href":"https:\/\/eltrabajo.cl\/portal\/wp-json\/wp\/v2\/users\/1"}],"replies":[{"embeddable":true,"href":"https:\/\/eltrabajo.cl\/portal\/wp-json\/wp\/v2\/comments?post=67168"}],"version-history":[{"count":0,"href":"https:\/\/eltrabajo.cl\/portal\/wp-json\/wp\/v2\/posts\/67168\/revisions"}],"wp:featuredmedia":[{"embeddable":true,"href":"https:\/\/eltrabajo.cl\/portal\/wp-json\/wp\/v2\/media\/67169"}],"wp:attachment":[{"href":"https:\/\/eltrabajo.cl\/portal\/wp-json\/wp\/v2\/media?parent=67168"}],"wp:term":[{"taxonomy":"category","embeddable":true,"href":"https:\/\/eltrabajo.cl\/portal\/wp-json\/wp\/v2\/categories?post=67168"},{"taxonomy":"post_tag","embeddable":true,"href":"https:\/\/eltrabajo.cl\/portal\/wp-json\/wp\/v2\/tags?post=67168"}],"curies":[{"name":"wp","href":"https:\/\/api.w.org\/{rel}","templated":true}]}}