{"id":67172,"date":"2016-02-25T09:38:25","date_gmt":"2016-02-25T12:38:25","guid":{"rendered":"http:\/\/www.eltrabajo.cl\/portal\/?p=67172"},"modified":"2016-02-25T09:38:25","modified_gmt":"2016-02-25T12:38:25","slug":"desde-la-carcel-banda-de-traficantes-importo-casi-100-kilos-de-marihuana","status":"publish","type":"post","link":"https:\/\/eltrabajo.cl\/portal\/desde-la-carcel-banda-de-traficantes-importo-casi-100-kilos-de-marihuana\/","title":{"rendered":"Desde la c\u00e1rcel banda de traficantes import\u00f3 casi 100 kilos de marihuana"},"content":{"rendered":"<figure id=\"attachment_67173\" aria-describedby=\"caption-attachment-67173\" style=\"width: 530px\" class=\"wp-caption alignleft\"><a href=\"http:\/\/www.eltrabajo.cl\/portal\/desde-la-carcel-banda-de-traficantes-importo-casi-100-kilos-de-marihuana\/decomiso-marihuana\/\" rel=\"attachment wp-att-67173\"><img data-recalc-dims=\"1\" loading=\"lazy\" decoding=\"async\" class=\"size-full wp-image-67173\" src=\"https:\/\/i0.wp.com\/www.eltrabajo.cl\/portal\/wp-content\/uploads\/2016\/02\/Decomiso-marihuana.jpg?resize=530%2C350\" alt=\"Los delincuentes recluidos en las c\u00e1rceles de Valpara\u00edso y Los Andes importaron cerca de 100 kilos de marihuana proveniente de Paraguay.\" width=\"530\" height=\"350\" srcset=\"https:\/\/i0.wp.com\/eltrabajo.cl\/portal\/wp-content\/uploads\/2016\/02\/Decomiso-marihuana.jpg?w=530&amp;ssl=1 530w, https:\/\/i0.wp.com\/eltrabajo.cl\/portal\/wp-content\/uploads\/2016\/02\/Decomiso-marihuana.jpg?resize=200%2C132&amp;ssl=1 200w, https:\/\/i0.wp.com\/eltrabajo.cl\/portal\/wp-content\/uploads\/2016\/02\/Decomiso-marihuana.jpg?resize=300%2C198&amp;ssl=1 300w, https:\/\/i0.wp.com\/eltrabajo.cl\/portal\/wp-content\/uploads\/2016\/02\/Decomiso-marihuana.jpg?resize=227%2C150&amp;ssl=1 227w, https:\/\/i0.wp.com\/eltrabajo.cl\/portal\/wp-content\/uploads\/2016\/02\/Decomiso-marihuana.jpg?resize=400%2C264&amp;ssl=1 400w\" sizes=\"auto, (max-width: 530px) 100vw, 530px\" \/><\/a><figcaption id=\"caption-attachment-67173\" class=\"wp-caption-text\">Los delincuentes recluidos en las c\u00e1rceles de Valpara\u00edso y Los Andes importaron cerca de 100 kilos de marihuana proveniente de Paraguay.<\/figcaption><\/figure>\n<p><strong>Investigaci\u00f3n desarrollada por la Fiscal\u00eda de Los Andes y la Briant Metropolitana permiti\u00f3 el decomiso de la droga avaluada en cerca de 400 millones.<\/strong><\/p>\n<p><strong>LOS ANDES.-<\/strong> Tras una investigaci\u00f3n de varios meses, la Fiscal\u00eda Local de Los Andes con el apoyo de la Brigada Antinarc\u00f3ticos Metropolitana de la PDI logr\u00f3 la incautaci\u00f3n de casi 100 kilos de marihuana avaluados en cerca de 400 millones de pesos que fueron importados a territorio nacional por una banda de traficantes que estaba liderada por un chileno y un argentino quienes cumplen condena por tr\u00e1fico de drogas en la c\u00e1rcel de Valpara\u00edso y Los Andes respectivamente.<br \/>\nLas diligencias permitieron establecer que a principios de la semana pasada ingresar\u00eda al pa\u00eds por el paso Cristo Redentor, un cargamento de droga procedente de Paraguay el cual ser\u00eda recepcionado en Los Andes por parte de la banda y luego distribuido en la capital y tambi\u00e9n en el Valle de Aconcagua.<br \/>\nEl Fiscal Jefe del Ministerio P\u00fablico, Ricardo Reinoso, indic\u00f3 que las diligencias permitieron establecer el lugar donde se encontraba la droga y de esa manera el pasado viernes se realizaron allanamientos en varios domicilios de Los Andes, donde se detuvo a dos sujetos de nacionalidad chilena, quienes eran los encargados de recepcionarla.<br \/>\nAsimismo fue detenido el ciudadano argentino Gustavo Edgardo Garc\u00eda que era quien transportaba la droga desde el vecino pa\u00eds.<br \/>\nLos trabajos investigativos permitieron establecer que la banda era liderada por Cristi\u00e1n M\u00e9ndez Marques y el argentino Alfredo Ariel Brites, ambos condenados por tr\u00e1fico de drogas y cumpliendo las penas privados de libertad.<br \/>\nEstos sujetos manten\u00edan nexos con proveedores de droga en Paraguay gracias a los contactos que manten\u00eda Brites y de esa forma se concert\u00f3 el ingreso del cargamento.<br \/>\nJunto a los l\u00edderes de la banda que est\u00e1n presos, cayeron los chilenos Danilo Herrera P\u00e9rez y Cristi\u00e1n M\u00e9ndez P\u00e9rez (hijo de uno de los cabecillas), adem\u00e1s de los argentinos Gustavo Edgardo Garc\u00eda y Jhonatan Javier Botaschi, quienes fueron los que internaron el cargamento de marihuana.<br \/>\nLa banda fue formalizada por el delito de tr\u00e1fico de drogas y todos quedaron en prisi\u00f3n preventiva por los cinco meses que se decret\u00f3 de plazo para el cierre de la investigaci\u00f3n.<br \/>\nEl fiscal Reinoso adelanto que contin\u00faan las diligencias para poder desarticular a toda esta organizaci\u00f3n criminal.<\/p>\n","protected":false},"excerpt":{"rendered":"<p>Investigaci\u00f3n desarrollada por la Fiscal\u00eda de Los Andes y la Briant Metropolitana permiti\u00f3 el decomiso de la droga avaluada en cerca de 400 millones. LOS ANDES.- Tras una investigaci\u00f3n de varios meses,&#8230;<\/p>\n","protected":false},"author":1,"featured_media":67173,"comment_status":"open","ping_status":"open","sticky":false,"template":"","format":"standard","meta":{"advanced_seo_description":"","jetpack_seo_html_title":"","jetpack_seo_noindex":false,"_jetpack_memberships_contains_paid_content":false,"footnotes":""},"categories":[21],"tags":[],"class_list":["post-67172","post","type-post","status-publish","format-standard","has-post-thumbnail","hentry","category-policial"],"jetpack_featured_media_url":"https:\/\/i0.wp.com\/eltrabajo.cl\/portal\/wp-content\/uploads\/2016\/02\/Decomiso-marihuana.jpg?fit=530%2C350&ssl=1","jetpack_sharing_enabled":true,"jetpack_likes_enabled":true,"jetpack-related-posts":[],"_links":{"self":[{"href":"https:\/\/eltrabajo.cl\/portal\/wp-json\/wp\/v2\/posts\/67172","targetHints":{"allow":["GET"]}}],"collection":[{"href":"https:\/\/eltrabajo.cl\/portal\/wp-json\/wp\/v2\/posts"}],"about":[{"href":"https:\/\/eltrabajo.cl\/portal\/wp-json\/wp\/v2\/types\/post"}],"author":[{"embeddable":true,"href":"https:\/\/eltrabajo.cl\/portal\/wp-json\/wp\/v2\/users\/1"}],"replies":[{"embeddable":true,"href":"https:\/\/eltrabajo.cl\/portal\/wp-json\/wp\/v2\/comments?post=67172"}],"version-history":[{"count":0,"href":"https:\/\/eltrabajo.cl\/portal\/wp-json\/wp\/v2\/posts\/67172\/revisions"}],"wp:featuredmedia":[{"embeddable":true,"href":"https:\/\/eltrabajo.cl\/portal\/wp-json\/wp\/v2\/media\/67173"}],"wp:attachment":[{"href":"https:\/\/eltrabajo.cl\/portal\/wp-json\/wp\/v2\/media?parent=67172"}],"wp:term":[{"taxonomy":"category","embeddable":true,"href":"https:\/\/eltrabajo.cl\/portal\/wp-json\/wp\/v2\/categories?post=67172"},{"taxonomy":"post_tag","embeddable":true,"href":"https:\/\/eltrabajo.cl\/portal\/wp-json\/wp\/v2\/tags?post=67172"}],"curies":[{"name":"wp","href":"https:\/\/api.w.org\/{rel}","templated":true}]}}