{"id":67177,"date":"2016-02-25T09:44:55","date_gmt":"2016-02-25T12:44:55","guid":{"rendered":"http:\/\/www.eltrabajo.cl\/portal\/?p=67177"},"modified":"2016-02-25T09:44:55","modified_gmt":"2016-02-25T12:44:55","slug":"ni-el-cancer-salvo-a-homicida-de-javier-munoz-de-continuar-en-la-carcel","status":"publish","type":"post","link":"https:\/\/eltrabajo.cl\/portal\/ni-el-cancer-salvo-a-homicida-de-javier-munoz-de-continuar-en-la-carcel\/","title":{"rendered":"Ni el c\u00e1ncer salv\u00f3 a homicida de Javier Mu\u00f1oz de continuar en la c\u00e1rcel"},"content":{"rendered":"<figure id=\"attachment_67176\" aria-describedby=\"caption-attachment-67176\" style=\"width: 530px\" class=\"wp-caption alignleft\"><a href=\"http:\/\/www.eltrabajo.cl\/portal\/desde-la-carcel-banda-de-traficantes-importo-casi-100-kilos-de-marihuana\/porta-audiencia\/\" rel=\"attachment wp-att-67176\"><img data-recalc-dims=\"1\" loading=\"lazy\" decoding=\"async\" class=\"size-full wp-image-67176\" src=\"https:\/\/i0.wp.com\/www.eltrabajo.cl\/portal\/wp-content\/uploads\/2016\/02\/porta-audiencia.jpg?resize=530%2C350\" alt=\"La audiencia convoc\u00f3 a los intervinientes para la revisi\u00f3n de medidas cautelares del imputado en la sala del Tribunal de Garant\u00eda de San Felipe.\" width=\"530\" height=\"350\" srcset=\"https:\/\/i0.wp.com\/eltrabajo.cl\/portal\/wp-content\/uploads\/2016\/02\/porta-audiencia.jpg?w=530&amp;ssl=1 530w, https:\/\/i0.wp.com\/eltrabajo.cl\/portal\/wp-content\/uploads\/2016\/02\/porta-audiencia.jpg?resize=200%2C132&amp;ssl=1 200w, https:\/\/i0.wp.com\/eltrabajo.cl\/portal\/wp-content\/uploads\/2016\/02\/porta-audiencia.jpg?resize=300%2C198&amp;ssl=1 300w, https:\/\/i0.wp.com\/eltrabajo.cl\/portal\/wp-content\/uploads\/2016\/02\/porta-audiencia.jpg?resize=227%2C150&amp;ssl=1 227w, https:\/\/i0.wp.com\/eltrabajo.cl\/portal\/wp-content\/uploads\/2016\/02\/porta-audiencia.jpg?resize=400%2C264&amp;ssl=1 400w\" sizes=\"auto, (max-width: 530px) 100vw, 530px\" \/><\/a><figcaption id=\"caption-attachment-67176\" class=\"wp-caption-text\">La audiencia convoc\u00f3 a los intervinientes para la revisi\u00f3n de medidas cautelares del imputado en la sala del Tribunal de Garant\u00eda de San Felipe.<\/figcaption><\/figure>\n<p><strong>Incidentes verbales se registraron entre ambas familias en Tribunales.<\/strong><\/p>\n<p>En revisi\u00f3n de medidas cautelares del imputado acusado de causar el horroroso accidente de tr\u00e1nsito que cost\u00f3 la vida al relator deportivo, deber\u00e1 permanecer tras las rejas hasta ser sometido a juicio que se vislumbra a mediados de este a\u00f1o.<br \/>\nPor representar un serio peligro para la seguridad de la sociedad, el Juez del Juzgado de Garant\u00eda de San Felipe resolvi\u00f3 mantener la prisi\u00f3n preventiva al imputado Diego Esteban Vera Pizarro, acusado de conducir su veh\u00edculo en estado de ebriedad, provocando el accidente que cost\u00f3 la vida del relator deportivo Javier Mu\u00f1oz Delgado.<br \/>\nEn la audiencia de revisi\u00f3n de medidas cautelares realizada durante la ma\u00f1ana de ayer mi\u00e9rcoles, asistieron integrantes tanto de las familias de la v\u00edctima como del victimario, colmando la sala del tribunal para escuchar atentamente las intervenciones de la Defensa del acusado, como las alegaciones del Ministerio P\u00fablico y la parte querellante representante de la familia de Javier Mu\u00f1oz.<br \/>\nAl inicio de este procedimiento ingres\u00f3 el imputado Diego Vera Pizarro, custodiado por Gendarmer\u00eda que lo traslad\u00f3 desde el Centro de Cumplimiento Penitenciario de Valpara\u00edso hasta la sala de este tribunal sanfelipe\u00f1o. En esa instancia, el Magistrado Soto concedi\u00f3 la palabra al abogado defensor quien se explay\u00f3 por varios minutos con el objetivo de rebajar la medida cautelar de prisi\u00f3n preventiva por arresto domiciliario total.<br \/>\nDentro de sus alegatos el jurista esgrimi\u00f3 que su representado se encontraba consciente del mal causado a la familia del destacado relator del CDF Javier Mu\u00f1oz, reconociendo en sus declaraciones a la Fiscal\u00eda haber consumido alcohol y conducir su veh\u00edculo a alta velocidad por la carretera donde se produjo el fatal accidente, manteniendo una actitud de colaboraci\u00f3n en los hechos que investig\u00f3 el Ministerio P\u00fablico.<br \/>\nEl Defensor argument\u00f3 ante el magistrado mantener peritajes sociales y psicol\u00f3gicos que dar\u00edan cuenta que el requerido podr\u00eda cumplir plenamente una cautelar sustitutiva en su domicilio, adem\u00e1s present\u00f3 evidencias m\u00e9dicas que recalcan que el imputado sufre un c\u00e1ncer de colon en etapa 3, siendo sometido a tratamientos y quimioterapias para enfrentar este mal.<\/p>\n<p><strong>FISCALIA FIRME<\/strong><br \/>\nSin embargo el Fiscal Eduardo Fajardo se opuso al cambio de esta medida cautelar, toda vez que la acusaci\u00f3n refiere a un manejo en estado de ebriedad con resultado de muerte, cuyas penas modificadas por la denominada \u2018Ley Emilia\u2019, podr\u00edan ser desde los tres a\u00f1os y un d\u00eda a cinco a\u00f1os de presidio, manteni\u00e9ndose al menos un a\u00f1o privado de libertad.<br \/>\nEl persecutor hizo alusi\u00f3n adem\u00e1s que Diego Vera mantiene un proceso pendiente en el Juzgado de Garant\u00eda de La Calera por conducir bajo los efectos del alcohol el 14 de marzo del 2015, cuando fue detenido por Carabineros a eso de las 11:00 horas de la ma\u00f1ana con 0,73 gramos de alcohol por litro de sangre.<\/p>\n<p><strong>EXTENSI\u00d3N DEL MAL CAUSADO<\/strong><br \/>\nEn tanto, la parte querellante tambi\u00e9n hizo eco de los argumentos de la Fiscal\u00eda sosteniendo que luego de cinco meses producida esta detenci\u00f3n en dicha comuna, Vera nuevamente condujo ebrio al volante traspasando el eje central de la ruta 60 CH e impactando a m\u00e1s de 150 kil\u00f3metros por hora el autom\u00f3vil maniobrado por Javier Mu\u00f1oz que falleci\u00f3 instant\u00e1neamente el 29 de agosto de 2015.<br \/>\nLas precisiones que se destacaron en la audiencia es la extensi\u00f3n del mal causado a la familia de Javier Mu\u00f1oz, como lo es la p\u00e9rdida irreparable de un padre que dej\u00f3 a tres hijas y esposa que lloran su muerte; como tambi\u00e9n sus padres, familiares, amigos y cercanos al \u00e1mbito televisivo, donde destac\u00f3 su pasi\u00f3n por el deporte.<br \/>\nTras estas intervenciones, el Juez del Juzgado de Garant\u00eda recogi\u00f3 los argumentos del Ministerio P\u00fablico y la parte querellante decretando que se mantenga al imputado privado de libertad por representar un serio peligro para la seguridad de la sociedad.<\/p>\n<p><strong>INCIDENTES MENORES<\/strong><br \/>\nAl t\u00e9rmino de la audiencia ambas familias comenzaron a desalojar la sala del tribunal donde se produjeron algunos incidentes verbales entre ellas. En tanto, los padres y cercanos de Diego Vera Pizarro no quisieron referirse al tema ante las consultas de los medios de prensa nacional y local que cubrieron los avances de la investigaci\u00f3n de este caso, demostrando f\u00edsicamente su descontento ante el acercamiento de c\u00e1maras y micr\u00f3fonos, retir\u00e1ndose en medio de dimes y diretes.<\/p>\n<p><strong>\u2018JUSTICIA DEBE FUNCIONAR\u2019<\/strong><br \/>\nEn tanto la madre del fallecido relator deportivo, Nancy Delgado declar\u00f3 angustiada el dif\u00edcil proceso que como familia les ha tocado vivir tras la p\u00e9rdida irreparable de Javier Mu\u00f1oz. \u201cEsperamos que la justicia funcione y que le den los a\u00f1os que le tienen que dar, si al final la justicia tiene que funcionar, por lo dem\u00e1s con lo que hagan no nos van a devolver a mi hijo. Ahora que est\u00e9n pidiendo que lo dejen en libertad en su domicilio, no se puede pedir eso, porque el tipo va a seguir haciendo de las suyas, no tienen respeto por nada y ni piensan porque andan arriba de un veh\u00edculo se pueden encontrar con gente que le podr\u00eda pasar lo que ocurri\u00f3 con mi hijo\u201d, se\u00f1al\u00f3.<br \/>\nJulio \u00c1lvarez, abogado querellante indic\u00f3 que al concluir la etapa investigativa del caso, el Ministerio P\u00fablico dispone de diez d\u00edas para presentar la acusaci\u00f3n para dar curso a la preparaci\u00f3n de juicio oral que se fijar\u00e1 en una pr\u00f3xima fecha. \u201cEfectivamente las circunstancias que se dan solo permiten establecer una pena entre tres a\u00f1os y un d\u00eda a cinco a\u00f1os. Entendemos que la enfermedad que padece el imputado no representa gravedad como tal que sea merecedora para modificar la medida cautelar, entendemos que Gendarmer\u00eda dispone de las medidas de seguridad tanto en Valpara\u00edso como en Santiago. La conducta del imputado falta a la m\u00ednima irracionalidad, hay una reiteraci\u00f3n de las conductas y no es un hecho aislado, es una conducta reiterada\u201d.<br \/>\nEl Fiscal Jefe del Ministerio P\u00fablico de San Felipe, Eduardo Fajardo De La Cuba, resalt\u00f3 que tras la modificaci\u00f3n a la denominada \u2018Ley Emilia\u2019 agrava este tipo de delitos y establece una circunstancia especial que pese al acceder a un beneficio, al ser condenado a una pena inferior a los cinco a\u00f1os debe cumplir parte al menos un a\u00f1o privado de libertad.<br \/>\n\u201cDe acuerdo a las caracter\u00edsticas de los hechos y las circunstancias del imputado, no registra una condena sino una causa anterior por el mismo il\u00edcito de conducci\u00f3n bajo la influencia del alcohol, son antecedentes que el Tribunal ponder\u00f3 para los efectos en mantener y decretar en su momento la prisi\u00f3n preventiva\u201d.<br \/>\nSe vislumbra que para el mes de mayo se podr\u00eda efectuar el juicio en el Tribunal Oral en Lo Penal de San Felipe, instancia en que el acusado podr\u00eda ser absuelto o condenado de los cargos que se le imputan. No obstante, en las circunstancias de ser sentenciado a una pena privativa de libertad se deber\u00e1 descontar el tiempo que ha permanecido tras las rejas. Cabe se\u00f1alar que el Defensor del imputado se retir\u00f3 del tribunal sin entregar ning\u00fan tipo de declaraciones a la prensa.<br \/>\n<strong>Pablo Salinas Sald\u00edas<\/strong><\/p>\n<div class=\"tiled-gallery type-rectangular tiled-gallery-unresized\" data-original-width=\"640\" data-carousel-extra='null' itemscope itemtype=\"http:\/\/schema.org\/ImageGallery\" > <div class=\"gallery-row\" style=\"width: 640px; height: 283px;\" data-original-width=\"640\" data-original-height=\"283\" > <div class=\"gallery-group images-1\" style=\"width: 427px; height: 283px;\" data-original-width=\"427\" data-original-height=\"283\" > <div class=\"tiled-gallery-item tiled-gallery-item-large\" itemprop=\"associatedMedia\" itemscope itemtype=\"http:\/\/schema.org\/ImageObject\"> <a href=\"https:\/\/eltrabajo.cl\/portal\/ni-el-cancer-salvo-a-homicida-de-javier-munoz-de-continuar-en-la-carcel\/fiscal-eduardo-fajardo-15\/\" border=\"0\" itemprop=\"url\"> <meta itemprop=\"width\" content=\"423\"> <meta itemprop=\"height\" content=\"279\"> <img decoding=\"async\" class=\"\" data-attachment-id=\"67178\" data-orig-file=\"https:\/\/eltrabajo.cl\/portal\/wp-content\/uploads\/2016\/02\/FISCAL-EDUARDO-FAJARDO.jpg\" data-orig-size=\"530,350\" data-comments-opened=\"1\" data-image-meta=\"{&quot;aperture&quot;:&quot;0&quot;,&quot;credit&quot;:&quot;&quot;,&quot;camera&quot;:&quot;&quot;,&quot;caption&quot;:&quot;&quot;,&quot;created_timestamp&quot;:&quot;0&quot;,&quot;copyright&quot;:&quot;&quot;,&quot;focal_length&quot;:&quot;0&quot;,&quot;iso&quot;:&quot;0&quot;,&quot;shutter_speed&quot;:&quot;0&quot;,&quot;title&quot;:&quot;&quot;,&quot;orientation&quot;:&quot;0&quot;}\" data-image-title=\"Fiscal Jefe del Ministerio P\u00fablico de San Felipe, Eduardo Fajardo De La Cuba.\" data-image-description=\"&lt;p&gt;Fiscal Jefe del Ministerio P\u00fablico de San Felipe, Eduardo Fajardo De La Cuba.&lt;\/p&gt; \" data-medium-file=\"https:\/\/i0.wp.com\/eltrabajo.cl\/portal\/wp-content\/uploads\/2016\/02\/FISCAL-EDUARDO-FAJARDO.jpg?fit=300%2C198&#038;ssl=1\" data-large-file=\"https:\/\/i0.wp.com\/eltrabajo.cl\/portal\/wp-content\/uploads\/2016\/02\/FISCAL-EDUARDO-FAJARDO.jpg?fit=530%2C350&#038;ssl=1\" src=\"https:\/\/i0.wp.com\/eltrabajo.cl\/portal\/wp-content\/uploads\/2016\/02\/FISCAL-EDUARDO-FAJARDO.jpg?w=423&#038;h=279&#038;ssl=1\" srcset=\"https:\/\/i0.wp.com\/eltrabajo.cl\/portal\/wp-content\/uploads\/2016\/02\/FISCAL-EDUARDO-FAJARDO.jpg?w=530&amp;ssl=1 530w, https:\/\/i0.wp.com\/eltrabajo.cl\/portal\/wp-content\/uploads\/2016\/02\/FISCAL-EDUARDO-FAJARDO.jpg?resize=200%2C132&amp;ssl=1 200w, https:\/\/i0.wp.com\/eltrabajo.cl\/portal\/wp-content\/uploads\/2016\/02\/FISCAL-EDUARDO-FAJARDO.jpg?resize=300%2C198&amp;ssl=1 300w, https:\/\/i0.wp.com\/eltrabajo.cl\/portal\/wp-content\/uploads\/2016\/02\/FISCAL-EDUARDO-FAJARDO.jpg?resize=227%2C150&amp;ssl=1 227w, https:\/\/i0.wp.com\/eltrabajo.cl\/portal\/wp-content\/uploads\/2016\/02\/FISCAL-EDUARDO-FAJARDO.jpg?resize=400%2C264&amp;ssl=1 400w\" width=\"423\" height=\"279\" loading=\"lazy\" data-original-width=\"423\" data-original-height=\"279\" itemprop=\"http:\/\/schema.org\/image\" title=\"Fiscal Jefe del Ministerio P\u00fablico de San Felipe, Eduardo Fajardo De La Cuba.\" alt=\"Fiscal Jefe del Ministerio P\u00fablico de San Felipe, Eduardo Fajardo De La Cuba.\" style=\"width: 423px; height: 279px;\" \/> <\/a> <div class=\"tiled-gallery-caption\" itemprop=\"caption description\"> Fiscal Jefe del Ministerio P\u00fablico de San Felipe, Eduardo Fajardo De La Cuba. <\/div> <\/div> <\/div> <!-- close group --> <div class=\"gallery-group images-2\" style=\"width: 213px; height: 283px;\" data-original-width=\"213\" data-original-height=\"283\" > <div class=\"tiled-gallery-item tiled-gallery-item-small\" itemprop=\"associatedMedia\" itemscope itemtype=\"http:\/\/schema.org\/ImageObject\"> <a href=\"https:\/\/eltrabajo.cl\/portal\/ni-el-cancer-salvo-a-homicida-de-javier-munoz-de-continuar-en-la-carcel\/javier-munoz-4\/\" border=\"0\" itemprop=\"url\"> <meta itemprop=\"width\" content=\"209\"> <meta itemprop=\"height\" content=\"138\"> <img decoding=\"async\" class=\"\" data-attachment-id=\"67179\" data-orig-file=\"https:\/\/eltrabajo.cl\/portal\/wp-content\/uploads\/2016\/02\/JAVIER-MU\u00d1OZ-DELGADO.jpg\" data-orig-size=\"530,349\" data-comments-opened=\"1\" data-image-meta=\"{&quot;aperture&quot;:&quot;0&quot;,&quot;credit&quot;:&quot;PATRICIO LEPIN O.&quot;,&quot;camera&quot;:&quot;&quot;,&quot;caption&quot;:&quot;&quot;,&quot;created_timestamp&quot;:&quot;0&quot;,&quot;copyright&quot;:&quot;PATRICIO LEPIN OSSES&quot;,&quot;focal_length&quot;:&quot;0&quot;,&quot;iso&quot;:&quot;0&quot;,&quot;shutter_speed&quot;:&quot;0&quot;,&quot;title&quot;:&quot;JAVIER MU\\u00d1OZ&quot;,&quot;orientation&quot;:&quot;0&quot;}\" data-image-title=\"Javier Mu\u00f1oz Delgado falleci\u00f3 v\u00edctima de un horroroso accidente automovil\u00edstico el pasado 29 de agosto del 2015.\" data-image-description=\"&lt;p&gt;Javier Mu\u00f1oz Delgado falleci\u00f3 v\u00edctima de un horroroso accidente automovil\u00edstico el pasado 29 de agosto del 2015.&lt;\/p&gt; \" data-medium-file=\"https:\/\/i0.wp.com\/eltrabajo.cl\/portal\/wp-content\/uploads\/2016\/02\/JAVIER-MU%C3%91OZ-DELGADO.jpg?fit=300%2C198&#038;ssl=1\" data-large-file=\"https:\/\/i0.wp.com\/eltrabajo.cl\/portal\/wp-content\/uploads\/2016\/02\/JAVIER-MU%C3%91OZ-DELGADO.jpg?fit=530%2C349&#038;ssl=1\" src=\"https:\/\/i0.wp.com\/eltrabajo.cl\/portal\/wp-content\/uploads\/2016\/02\/JAVIER-MU%C3%91OZ-DELGADO.jpg?w=209&#038;h=138&#038;ssl=1\" width=\"209\" height=\"138\" loading=\"lazy\" data-original-width=\"209\" data-original-height=\"138\" itemprop=\"http:\/\/schema.org\/image\" title=\"Javier Mu\u00f1oz Delgado falleci\u00f3 v\u00edctima de un horroroso accidente automovil\u00edstico el pasado 29 de agosto del 2015.\" alt=\"Javier Mu\u00f1oz Delgado falleci\u00f3 v\u00edctima de un horroroso accidente automovil\u00edstico el pasado 29 de agosto del 2015.\" style=\"width: 209px; height: 138px;\" \/> <\/a> <div class=\"tiled-gallery-caption\" itemprop=\"caption description\"> Javier Mu\u00f1oz Delgado falleci\u00f3 v\u00edctima de un horroroso accidente automovil\u00edstico el pasado 29 de agosto del 2015. <\/div> <\/div> <div class=\"tiled-gallery-item tiled-gallery-item-small\" itemprop=\"associatedMedia\" itemscope itemtype=\"http:\/\/schema.org\/ImageObject\"> <a href=\"https:\/\/eltrabajo.cl\/portal\/ni-el-cancer-salvo-a-homicida-de-javier-munoz-de-continuar-en-la-carcel\/nancy-delgado\/\" border=\"0\" itemprop=\"url\"> <meta itemprop=\"width\" content=\"209\"> <meta itemprop=\"height\" content=\"137\"> <img decoding=\"async\" class=\"\" data-attachment-id=\"67180\" data-orig-file=\"https:\/\/eltrabajo.cl\/portal\/wp-content\/uploads\/2016\/02\/NANCY-DELGADO.jpg\" data-orig-size=\"530,349\" data-comments-opened=\"1\" data-image-meta=\"{&quot;aperture&quot;:&quot;0&quot;,&quot;credit&quot;:&quot;&quot;,&quot;camera&quot;:&quot;&quot;,&quot;caption&quot;:&quot;&quot;,&quot;created_timestamp&quot;:&quot;0&quot;,&quot;copyright&quot;:&quot;&quot;,&quot;focal_length&quot;:&quot;0&quot;,&quot;iso&quot;:&quot;0&quot;,&quot;shutter_speed&quot;:&quot;0&quot;,&quot;title&quot;:&quot;&quot;,&quot;orientation&quot;:&quot;0&quot;}\" data-image-title=\"Nancy Delgado, madre de Javier Mu\u00f1oz Delgado.\" data-image-description=\"&lt;p&gt;Nancy Delgado, madre de Javier Mu\u00f1oz Delgado.&lt;\/p&gt; \" data-medium-file=\"https:\/\/i0.wp.com\/eltrabajo.cl\/portal\/wp-content\/uploads\/2016\/02\/NANCY-DELGADO.jpg?fit=300%2C198&#038;ssl=1\" data-large-file=\"https:\/\/i0.wp.com\/eltrabajo.cl\/portal\/wp-content\/uploads\/2016\/02\/NANCY-DELGADO.jpg?fit=530%2C349&#038;ssl=1\" src=\"https:\/\/i0.wp.com\/eltrabajo.cl\/portal\/wp-content\/uploads\/2016\/02\/NANCY-DELGADO.jpg?w=209&#038;h=137&#038;ssl=1\" srcset=\"https:\/\/i0.wp.com\/eltrabajo.cl\/portal\/wp-content\/uploads\/2016\/02\/NANCY-DELGADO.jpg?w=530&amp;ssl=1 530w, https:\/\/i0.wp.com\/eltrabajo.cl\/portal\/wp-content\/uploads\/2016\/02\/NANCY-DELGADO.jpg?resize=200%2C132&amp;ssl=1 200w, https:\/\/i0.wp.com\/eltrabajo.cl\/portal\/wp-content\/uploads\/2016\/02\/NANCY-DELGADO.jpg?resize=300%2C198&amp;ssl=1 300w, https:\/\/i0.wp.com\/eltrabajo.cl\/portal\/wp-content\/uploads\/2016\/02\/NANCY-DELGADO.jpg?resize=228%2C150&amp;ssl=1 228w, https:\/\/i0.wp.com\/eltrabajo.cl\/portal\/wp-content\/uploads\/2016\/02\/NANCY-DELGADO.jpg?resize=400%2C263&amp;ssl=1 400w\" width=\"209\" height=\"137\" loading=\"lazy\" data-original-width=\"209\" data-original-height=\"137\" itemprop=\"http:\/\/schema.org\/image\" title=\"Nancy Delgado, madre de Javier Mu\u00f1oz Delgado.\" alt=\"Nancy Delgado, madre de Javier Mu\u00f1oz Delgado.\" style=\"width: 209px; height: 137px;\" \/> <\/a> <div class=\"tiled-gallery-caption\" itemprop=\"caption description\"> Nancy Delgado, madre de Javier Mu\u00f1oz Delgado. <\/div> <\/div> <\/div> <!-- close group --> <\/div> <!-- close row --> <\/div>\n","protected":false},"excerpt":{"rendered":"<p>Incidentes verbales se registraron entre ambas familias en Tribunales. En revisi\u00f3n de medidas cautelares del imputado acusado de causar el horroroso accidente de tr\u00e1nsito que cost\u00f3 la vida al relator deportivo, deber\u00e1&#8230;<\/p>\n","protected":false},"author":1,"featured_media":67176,"comment_status":"open","ping_status":"open","sticky":false,"template":"","format":"standard","meta":{"advanced_seo_description":"","jetpack_seo_html_title":"","jetpack_seo_noindex":false,"_jetpack_memberships_contains_paid_content":false,"footnotes":""},"categories":[21],"tags":[],"class_list":["post-67177","post","type-post","status-publish","format-standard","has-post-thumbnail","hentry","category-policial"],"jetpack_featured_media_url":"https:\/\/i0.wp.com\/eltrabajo.cl\/portal\/wp-content\/uploads\/2016\/02\/porta-audiencia.jpg?fit=530%2C350&ssl=1","jetpack_sharing_enabled":true,"jetpack_likes_enabled":true,"jetpack-related-posts":[],"_links":{"self":[{"href":"https:\/\/eltrabajo.cl\/portal\/wp-json\/wp\/v2\/posts\/67177","targetHints":{"allow":["GET"]}}],"collection":[{"href":"https:\/\/eltrabajo.cl\/portal\/wp-json\/wp\/v2\/posts"}],"about":[{"href":"https:\/\/eltrabajo.cl\/portal\/wp-json\/wp\/v2\/types\/post"}],"author":[{"embeddable":true,"href":"https:\/\/eltrabajo.cl\/portal\/wp-json\/wp\/v2\/users\/1"}],"replies":[{"embeddable":true,"href":"https:\/\/eltrabajo.cl\/portal\/wp-json\/wp\/v2\/comments?post=67177"}],"version-history":[{"count":0,"href":"https:\/\/eltrabajo.cl\/portal\/wp-json\/wp\/v2\/posts\/67177\/revisions"}],"wp:featuredmedia":[{"embeddable":true,"href":"https:\/\/eltrabajo.cl\/portal\/wp-json\/wp\/v2\/media\/67176"}],"wp:attachment":[{"href":"https:\/\/eltrabajo.cl\/portal\/wp-json\/wp\/v2\/media?parent=67177"}],"wp:term":[{"taxonomy":"category","embeddable":true,"href":"https:\/\/eltrabajo.cl\/portal\/wp-json\/wp\/v2\/categories?post=67177"},{"taxonomy":"post_tag","embeddable":true,"href":"https:\/\/eltrabajo.cl\/portal\/wp-json\/wp\/v2\/tags?post=67177"}],"curies":[{"name":"wp","href":"https:\/\/api.w.org\/{rel}","templated":true}]}}