{"id":67187,"date":"2016-02-26T08:45:03","date_gmt":"2016-02-26T11:45:03","guid":{"rendered":"http:\/\/www.eltrabajo.cl\/portal\/?p=67187"},"modified":"2016-02-26T08:45:03","modified_gmt":"2016-02-26T11:45:03","slug":"aprueban-por-unanimidad-plan-regulador-comunal-de-san-felipe","status":"publish","type":"post","link":"https:\/\/eltrabajo.cl\/portal\/aprueban-por-unanimidad-plan-regulador-comunal-de-san-felipe\/","title":{"rendered":"Aprueban por unanimidad Plan Regulador Comunal de San Felipe"},"content":{"rendered":"<figure id=\"attachment_67188\" aria-describedby=\"caption-attachment-67188\" style=\"width: 530px\" class=\"wp-caption alignleft\"><a href=\"http:\/\/www.eltrabajo.cl\/portal\/aprueban-por-unanimidad-plan-regulador-comunal-de-san-felipe\/reunion-concejo-municipal\/\" rel=\"attachment wp-att-67188\"><img data-recalc-dims=\"1\" loading=\"lazy\" decoding=\"async\" class=\"size-full wp-image-67188\" src=\"https:\/\/i0.wp.com\/www.eltrabajo.cl\/portal\/wp-content\/uploads\/2016\/02\/Reunion-concejo-municipal.jpg?resize=530%2C350\" alt=\"En una sesi\u00f3n realizada en la tarde de ayer, el Concejo Municipal aprob\u00f3 Plan Regulador Comunal de San Felipe.\" width=\"530\" height=\"350\" srcset=\"https:\/\/i0.wp.com\/eltrabajo.cl\/portal\/wp-content\/uploads\/2016\/02\/Reunion-concejo-municipal.jpg?w=530&amp;ssl=1 530w, https:\/\/i0.wp.com\/eltrabajo.cl\/portal\/wp-content\/uploads\/2016\/02\/Reunion-concejo-municipal.jpg?resize=200%2C132&amp;ssl=1 200w, https:\/\/i0.wp.com\/eltrabajo.cl\/portal\/wp-content\/uploads\/2016\/02\/Reunion-concejo-municipal.jpg?resize=300%2C198&amp;ssl=1 300w, https:\/\/i0.wp.com\/eltrabajo.cl\/portal\/wp-content\/uploads\/2016\/02\/Reunion-concejo-municipal.jpg?resize=227%2C150&amp;ssl=1 227w, https:\/\/i0.wp.com\/eltrabajo.cl\/portal\/wp-content\/uploads\/2016\/02\/Reunion-concejo-municipal.jpg?resize=400%2C264&amp;ssl=1 400w\" sizes=\"auto, (max-width: 530px) 100vw, 530px\" \/><\/a><figcaption id=\"caption-attachment-67188\" class=\"wp-caption-text\">En una sesi\u00f3n realizada en la tarde de ayer, el Concejo Municipal aprob\u00f3 Plan Regulador Comunal de San Felipe.<\/figcaption><\/figure>\n<p>Tras un arduo y exhaustivo trabajo por parte de profesionales del municipio y una empresa consultora, en sesi\u00f3n realizada ayer y presidida por el concejal Rodolfo Silva, se aprob\u00f3 la actualizaci\u00f3n del Plan Regulador, la que comenzar\u00e1 a regir dentro de seis meses, una vez que se cumplan tr\u00e1mites en instancias gubernamentales.<br \/>\nEn sesi\u00f3n realizada en la tarde de ayer, la que fue presidida por el Concejal Rodolfo Silva, el Concejo Municipal aprob\u00f3 por unanimidad la Actualizaci\u00f3n del Plan Regulador Comunal de San Felipe, dando por finalizado un largo proceso iniciado el a\u00f1o 2011, que permitir\u00e1 \u2013una vez cumplidas las \u00faltimas etapas administrativas gubernamentales- contar con un instrumento de planificaci\u00f3n de la ciudad, para los pr\u00f3ximos diez a\u00f1os.<br \/>\nEl director de la Secretar\u00eda Comunal de Planificaci\u00f3n, Claudio Paredes, destac\u00f3 el hecho que el Plan Regulador, lleva el sello de la actual administraci\u00f3n municipal, en t\u00e9rminos de favorecer y apostar por el desarrollo integral de la comuna, salvaguardando los intereses patrimoniales que fortalecen la identidad a San Felipe.<br \/>\nRespecto del proceso de actualizaci\u00f3n del Plan Regulador Comunal, aprobado la tarde de este jueves por el Concejo Municipal, es dable destacar que una de sus principales caracter\u00edsticas fue la participaci\u00f3n de la ciudadan\u00eda, donde tambi\u00e9n los concejales asumieron un rol importante al incorporar observaciones, trabajando en conjunto con la Secretar\u00eda de Planificaci\u00f3n y la Mesa Territorial que agrupa a los entes t\u00e9cnicos de la municipalidad.<br \/>\n\u201cLo interesante de este plan regulador es que hace modificaciones de los l\u00edmites de la trama urbana, restando de esta el sector nororiente correspondiente a La Troya, respetando as\u00ed su ruralidad; incorporando a San Rafael dentro de la traza urbana espec\u00edfica en el sector de 3 Esquinas\u201d, se\u00f1al\u00f3 Claudio Paredes.<br \/>\nOtro elemento importante del Plan Regulador Comunal, es que resguardando y manteniendo la impronta patrimonial en el centro de San Felipe, se dispuso la generaci\u00f3n de zonas de conservaci\u00f3n hist\u00f3rica, por ejemplo, propiciando la construcci\u00f3n en fachada continua, generando normativa de protecci\u00f3n a los bienes inmuebles de conservaci\u00f3n hist\u00f3rica, espec\u00edficamente de las casas que tienen pilares de esquina, que hasta ahora no tienen ninguna protecci\u00f3n.<br \/>\n\u201cJunto con proteger ese patrimonio, se propicia el repoblamiento y aumento de densidad poblacional en el centro de San Felipe, lo que involucra el crecimiento en altura, en anillos conc\u00e9ntricos, desde la plaza hacia afuera, permitiendo la renovaci\u00f3n urbana\u201d, explic\u00f3 Paredes, quien agreg\u00f3 que \u201cel Plan Regulador favorece la generaci\u00f3n de zonas de \u00e1reas verdes y de equipamiento, para que el ciudadano en un proceso de equidad urbana, tenga acceso a espacios de este tipo en igualdad de condiciones que los vecinos del sector c\u00e9ntrico\u201d.<br \/>\nClaudio Paredes se\u00f1al\u00f3 que con la aprobaci\u00f3n por parte del Concejo Municipal de la actualizaci\u00f3n del Plan Regulador, corresponde enviarlo al Ministerio de Vivienda para que revise y haga observaciones que permitan efectuar alg\u00fan tipo de modificaci\u00f3n. Una vez cumplido ello, se env\u00eda el documento al Gobierno Regional, para solicitar la aprobaci\u00f3n del Consejo Regional y luego del Intendente.<br \/>\nEsto significa que este instrumento, ya estar\u00eda en condiciones de entrar en vigencia dentro de seis meses, una vez que se cumplan estos pasos establecidos en la ley.<\/p>\n","protected":false},"excerpt":{"rendered":"<p>Tras un arduo y exhaustivo trabajo por parte de profesionales del municipio y una empresa consultora, en sesi\u00f3n realizada ayer y presidida por el concejal Rodolfo Silva, se aprob\u00f3 la actualizaci\u00f3n del&#8230;<\/p>\n","protected":false},"author":1,"featured_media":67188,"comment_status":"open","ping_status":"open","sticky":false,"template":"","format":"standard","meta":{"advanced_seo_description":"","jetpack_seo_html_title":"","jetpack_seo_noindex":false,"_jetpack_memberships_contains_paid_content":false,"footnotes":""},"categories":[1],"tags":[],"class_list":["post-67187","post","type-post","status-publish","format-standard","has-post-thumbnail","hentry","category-cronica"],"jetpack_featured_media_url":"https:\/\/i0.wp.com\/eltrabajo.cl\/portal\/wp-content\/uploads\/2016\/02\/Reunion-concejo-municipal.jpg?fit=530%2C350&ssl=1","jetpack_sharing_enabled":true,"jetpack_likes_enabled":true,"jetpack-related-posts":[],"_links":{"self":[{"href":"https:\/\/eltrabajo.cl\/portal\/wp-json\/wp\/v2\/posts\/67187","targetHints":{"allow":["GET"]}}],"collection":[{"href":"https:\/\/eltrabajo.cl\/portal\/wp-json\/wp\/v2\/posts"}],"about":[{"href":"https:\/\/eltrabajo.cl\/portal\/wp-json\/wp\/v2\/types\/post"}],"author":[{"embeddable":true,"href":"https:\/\/eltrabajo.cl\/portal\/wp-json\/wp\/v2\/users\/1"}],"replies":[{"embeddable":true,"href":"https:\/\/eltrabajo.cl\/portal\/wp-json\/wp\/v2\/comments?post=67187"}],"version-history":[{"count":0,"href":"https:\/\/eltrabajo.cl\/portal\/wp-json\/wp\/v2\/posts\/67187\/revisions"}],"wp:featuredmedia":[{"embeddable":true,"href":"https:\/\/eltrabajo.cl\/portal\/wp-json\/wp\/v2\/media\/67188"}],"wp:attachment":[{"href":"https:\/\/eltrabajo.cl\/portal\/wp-json\/wp\/v2\/media?parent=67187"}],"wp:term":[{"taxonomy":"category","embeddable":true,"href":"https:\/\/eltrabajo.cl\/portal\/wp-json\/wp\/v2\/categories?post=67187"},{"taxonomy":"post_tag","embeddable":true,"href":"https:\/\/eltrabajo.cl\/portal\/wp-json\/wp\/v2\/tags?post=67187"}],"curies":[{"name":"wp","href":"https:\/\/api.w.org\/{rel}","templated":true}]}}