{"id":67191,"date":"2016-02-26T08:49:50","date_gmt":"2016-02-26T11:49:50","guid":{"rendered":"http:\/\/www.eltrabajo.cl\/portal\/?p=67191"},"modified":"2016-02-26T08:49:50","modified_gmt":"2016-02-26T11:49:50","slug":"morin-zamora-ya-tiene-a-su-hombre-ideal-y-va-por-la-corona-cervecera","status":"publish","type":"post","link":"https:\/\/eltrabajo.cl\/portal\/morin-zamora-ya-tiene-a-su-hombre-ideal-y-va-por-la-corona-cervecera\/","title":{"rendered":"Mor\u00edn Zamora ya tiene a su \u2018Hombre Ideal\u2019 y va por la corona cervecera"},"content":{"rendered":"<figure id=\"attachment_67193\" aria-describedby=\"caption-attachment-67193\" style=\"width: 200px\" class=\"wp-caption alignleft\"><a href=\"http:\/\/www.eltrabajo.cl\/portal\/morin-zamora-ya-tiene-a-su-hombre-ideal-y-va-por-la-corona-cervecera\/playa1\/\" rel=\"attachment wp-att-67193\"><img data-recalc-dims=\"1\" loading=\"lazy\" decoding=\"async\" class=\"size-medium wp-image-67193\" src=\"https:\/\/i0.wp.com\/www.eltrabajo.cl\/portal\/wp-content\/uploads\/2016\/02\/Playa1-200x300.jpg?resize=200%2C300\" alt=\"BELLA SIRENITA.- Pero as\u00ed luc\u00eda nuestra candidata, toda una sirena infantil en las playas de Chile.\" width=\"200\" height=\"300\" srcset=\"https:\/\/i0.wp.com\/eltrabajo.cl\/portal\/wp-content\/uploads\/2016\/02\/Playa1.jpg?resize=200%2C300&amp;ssl=1 200w, https:\/\/i0.wp.com\/eltrabajo.cl\/portal\/wp-content\/uploads\/2016\/02\/Playa1.jpg?resize=100%2C150&amp;ssl=1 100w, https:\/\/i0.wp.com\/eltrabajo.cl\/portal\/wp-content\/uploads\/2016\/02\/Playa1.jpg?resize=400%2C600&amp;ssl=1 400w, https:\/\/i0.wp.com\/eltrabajo.cl\/portal\/wp-content\/uploads\/2016\/02\/Playa1.jpg?w=530&amp;ssl=1 530w\" sizes=\"auto, (max-width: 200px) 100vw, 200px\" \/><\/a><figcaption id=\"caption-attachment-67193\" class=\"wp-caption-text\">BELLA SIRENITA.- Pero as\u00ed luc\u00eda nuestra candidata, toda una sirena infantil en las playas de Chile.<\/figcaption><\/figure>\n<p><strong>Candidata de Diario El Trabajo entre las favoritas:<\/strong><\/p>\n<p>Hoy te presentamos a la candidata a ser la Reina de la Cerveza 2016 que participa en representaci\u00f3n de Diario El Trabajo, Mor\u00edn Zamora Riquelme, luego que ayer ella fuera presentada al lado de otras bellas aconcag\u00fcinas que van tambi\u00e9n por la corona cervecera, ella nos atendi\u00f3 para compartir con nuestros lectores parte de su vida.<br \/>\n<strong>&#8211; \u00bfA qu\u00e9 dedicas tus ratos libres?<\/strong><br \/>\n&#8211; En mis ratos libres me gusta mucho salir a conversar con las personas que m\u00e1s aprecio; salir al centro a tomar un helado; mirar ropa o simplemente apreciar el entorno disfrutando el d\u00eda. Soy una persona muy alegre y divertida, me gusta re\u00edrme de todo y ser una persona derecha. Mi pel\u00edcula favorita se llama \u2018B\u00fasqueda implacable\u2019, de Liam Neeson.<br \/>\n<strong>&#8211; \u00bfQu\u00e9 es lo que m\u00e1s te gusta de Aconcagua?<\/strong><br \/>\n&#8211; Lo que m\u00e1s me gusta del Valle de Aconcagua son su verdes alrededores (lugares de relajo), en donde puedes alejarte un d\u00eda de todo para poder tomar una grata y agradable tarde, en donde puedes desconectarte por momentos y encontrarme con mi propio yo.<br \/>\n<strong>&#8211; \u00bfC\u00f3mo te involucraste en la Fiesta de la Cerveza?<\/strong><br \/>\n&#8211; Me involucr\u00e9 en este certamen por un tema de adquirir experiencias en lo que me apasiona, que es el modelaje, un mundo en donde puedo sentirme yo misma, siendo capaz de expresar millones de cosas a trav\u00e9s de esto.<br \/>\n<strong>&#8211; \u00bfD\u00f3nde estudiaste cuando eras ni\u00f1a?<\/strong><br \/>\n&#8211; Desde ni\u00f1a estudi\u00e9 en un colegio de Los Andes llamado Humberto Casarino, a donde me encantaba ir todos los d\u00edas para poder ver a mis amigos y profesoras. Desde ese peque\u00f1o colegio tengo mis mejores recuerdos en donde actu\u00e9 en muchas obras de teatro basadas en pel\u00edculas. Creo que desde ah\u00ed naci\u00f3 mi amor por el mundo de los escenarios.<br \/>\nLuego ingres\u00e9 al Liceo Comercial de Los Andes, un colegio que me hizo desarrollarme como persona y siendo muy estrictos a mi parecer, fue lo que me form\u00f3 hasta egresar para ser una persona culta y de gratos conocimientos.<br \/>\n<strong>&#8211; \u00bfC\u00f3mo describes a tu \u2018Hombre ideal\u2019?<\/strong><br \/>\n&#8211; Mi Hombre ideal: es un hombre que siempre me tiene que sorprender con cosas no materiales, sino con hechos. Me gustan cosas inesperadas y palabras bonitas, ternuras caricias, cosas diferentes a lo normal, creo que eso enamora m\u00e1s que un hombre que es fr\u00edo y no detallista, por lo general las mujeres somos delicadas y muy sensibles, mi hombre ideal es aquel que tengo a mi lado.<br \/>\n<strong>Roberto Gonz\u00e1lez Short<\/strong><br \/>\n<strong>rgonzalez@eltrabajo.cl<\/strong><\/p>\n<figure id=\"attachment_67192\" aria-describedby=\"caption-attachment-67192\" style=\"width: 530px\" class=\"wp-caption alignleft\"><a href=\"http:\/\/www.eltrabajo.cl\/portal\/morin-zamora-ya-tiene-a-su-hombre-ideal-y-va-por-la-corona-cervecera\/bella1\/\" rel=\"attachment wp-att-67192\"><img data-recalc-dims=\"1\" loading=\"lazy\" decoding=\"async\" class=\"size-full wp-image-67192\" src=\"https:\/\/i0.wp.com\/www.eltrabajo.cl\/portal\/wp-content\/uploads\/2016\/02\/Bella1.jpg?resize=530%2C654\" alt=\"\u00a1WAO!.- Ella es nuestra despampanante candidata a ganar con sus atributos la corona en la primera Fiesta de la Cerveza 2016 de Aconcagua, que se realiza este fin de semana en Restaurante La Ruca.\" width=\"530\" height=\"654\" srcset=\"https:\/\/i0.wp.com\/eltrabajo.cl\/portal\/wp-content\/uploads\/2016\/02\/Bella1.jpg?w=530&amp;ssl=1 530w, https:\/\/i0.wp.com\/eltrabajo.cl\/portal\/wp-content\/uploads\/2016\/02\/Bella1.jpg?resize=122%2C150&amp;ssl=1 122w, https:\/\/i0.wp.com\/eltrabajo.cl\/portal\/wp-content\/uploads\/2016\/02\/Bella1.jpg?resize=243%2C300&amp;ssl=1 243w, https:\/\/i0.wp.com\/eltrabajo.cl\/portal\/wp-content\/uploads\/2016\/02\/Bella1.jpg?resize=400%2C494&amp;ssl=1 400w\" sizes=\"auto, (max-width: 530px) 100vw, 530px\" \/><\/a><figcaption id=\"caption-attachment-67192\" class=\"wp-caption-text\">\u00a1WAO!.- Ella es nuestra despampanante candidata a ganar con sus atributos la corona en la primera Fiesta de la Cerveza 2016 de Aconcagua, que se realiza este fin de semana en Restaurante La Ruca.<\/figcaption><\/figure>\n","protected":false},"excerpt":{"rendered":"<p>Candidata de Diario El Trabajo entre las favoritas: Hoy te presentamos a la candidata a ser la Reina de la Cerveza 2016 que participa en representaci\u00f3n de Diario El Trabajo, Mor\u00edn Zamora&#8230;<\/p>\n","protected":false},"author":1,"featured_media":67192,"comment_status":"open","ping_status":"open","sticky":false,"template":"","format":"standard","meta":{"advanced_seo_description":"","jetpack_seo_html_title":"","jetpack_seo_noindex":false,"_jetpack_memberships_contains_paid_content":false,"footnotes":""},"categories":[15],"tags":[],"class_list":["post-67191","post","type-post","status-publish","format-standard","has-post-thumbnail","hentry","category-comunidad"],"jetpack_featured_media_url":"https:\/\/i0.wp.com\/eltrabajo.cl\/portal\/wp-content\/uploads\/2016\/02\/Bella1.jpg?fit=530%2C654&ssl=1","jetpack_sharing_enabled":true,"jetpack_likes_enabled":true,"jetpack-related-posts":[],"_links":{"self":[{"href":"https:\/\/eltrabajo.cl\/portal\/wp-json\/wp\/v2\/posts\/67191","targetHints":{"allow":["GET"]}}],"collection":[{"href":"https:\/\/eltrabajo.cl\/portal\/wp-json\/wp\/v2\/posts"}],"about":[{"href":"https:\/\/eltrabajo.cl\/portal\/wp-json\/wp\/v2\/types\/post"}],"author":[{"embeddable":true,"href":"https:\/\/eltrabajo.cl\/portal\/wp-json\/wp\/v2\/users\/1"}],"replies":[{"embeddable":true,"href":"https:\/\/eltrabajo.cl\/portal\/wp-json\/wp\/v2\/comments?post=67191"}],"version-history":[{"count":0,"href":"https:\/\/eltrabajo.cl\/portal\/wp-json\/wp\/v2\/posts\/67191\/revisions"}],"wp:featuredmedia":[{"embeddable":true,"href":"https:\/\/eltrabajo.cl\/portal\/wp-json\/wp\/v2\/media\/67192"}],"wp:attachment":[{"href":"https:\/\/eltrabajo.cl\/portal\/wp-json\/wp\/v2\/media?parent=67191"}],"wp:term":[{"taxonomy":"category","embeddable":true,"href":"https:\/\/eltrabajo.cl\/portal\/wp-json\/wp\/v2\/categories?post=67191"},{"taxonomy":"post_tag","embeddable":true,"href":"https:\/\/eltrabajo.cl\/portal\/wp-json\/wp\/v2\/tags?post=67191"}],"curies":[{"name":"wp","href":"https:\/\/api.w.org\/{rel}","templated":true}]}}