{"id":67196,"date":"2016-02-26T08:55:06","date_gmt":"2016-02-26T11:55:06","guid":{"rendered":"http:\/\/www.eltrabajo.cl\/portal\/?p=67196"},"modified":"2016-02-26T09:29:06","modified_gmt":"2016-02-26T12:29:06","slug":"asegura-que-amante-loca-lo-persigue-y-firma-falsos-reclamos-en-su-contra","status":"publish","type":"post","link":"https:\/\/eltrabajo.cl\/portal\/asegura-que-amante-loca-lo-persigue-y-firma-falsos-reclamos-en-su-contra\/","title":{"rendered":"Asegura que \u2018amante loca\u2019 lo persigue y firma falsos reclamos en su contra"},"content":{"rendered":"<figure id=\"attachment_67197\" aria-describedby=\"caption-attachment-67197\" style=\"width: 300px\" class=\"wp-caption alignleft\"><a href=\"http:\/\/www.eltrabajo.cl\/portal\/asegura-que-amante-loca-lo-persigue-y-firma-falsos-reclamos-en-su-contra\/edgardo-cordero\/\" rel=\"attachment wp-att-67197\"><img data-recalc-dims=\"1\" loading=\"lazy\" decoding=\"async\" class=\"size-medium wp-image-67197\" src=\"https:\/\/i0.wp.com\/www.eltrabajo.cl\/portal\/wp-content\/uploads\/2016\/02\/Edgardo-Cordero-300x272.jpg?resize=300%2C272\" alt=\"Edgardo Cordero, taxista sanfelipe\u00f1o.\" width=\"300\" height=\"272\" srcset=\"https:\/\/i0.wp.com\/eltrabajo.cl\/portal\/wp-content\/uploads\/2016\/02\/Edgardo-Cordero.jpg?resize=300%2C272&amp;ssl=1 300w, https:\/\/i0.wp.com\/eltrabajo.cl\/portal\/wp-content\/uploads\/2016\/02\/Edgardo-Cordero.jpg?resize=165%2C150&amp;ssl=1 165w, https:\/\/i0.wp.com\/eltrabajo.cl\/portal\/wp-content\/uploads\/2016\/02\/Edgardo-Cordero.jpg?resize=400%2C363&amp;ssl=1 400w, https:\/\/i0.wp.com\/eltrabajo.cl\/portal\/wp-content\/uploads\/2016\/02\/Edgardo-Cordero.jpg?w=529&amp;ssl=1 529w\" sizes=\"auto, (max-width: 300px) 100vw, 300px\" \/><\/a><figcaption id=\"caption-attachment-67197\" class=\"wp-caption-text\">Edgardo Cordero, taxista sanfelipe\u00f1o.<\/figcaption><\/figure>\n<p><strong>Le deja falsas denuncias para que lo echen del trabajo.<\/strong><\/p>\n<p>El se\u00f1or Edgardo Cordero Nova es un conocido taxista sanfelipe\u00f1o de 60 a\u00f1os, quien labora regularmente para los clientes de Supermercado Acuenta, este caballero visit\u00f3 nuestra Sala de Redacci\u00f3n para denunciar que es v\u00edctima de alg\u00fan tipo de persecuci\u00f3n malintencionada por parte de enemigos que no dan la cara, pero que s\u00ed le est\u00e1n generando muy mala reputaci\u00f3n en su ambiente de trabajo.<br \/>\n\u00abYo estoy postulando con otros colegas taxistas para obtener una concesi\u00f3n que nos permita ser nosotros \u2018taxistas exclusivos\u2019 del mencionado supermercado, no contento con ello y posiblemente por envidia, algunas personas han dejado escrito en el libro de quejas del local comercial, supuestos reclamos en mi contra, en donde se supone que yo habr\u00eda maltratado de palabra a varios de mis clientes, incluso hasta un reclamos de una supuesta propuesta indecente a una de mis clientes. Seg\u00fan investigamos en Internet, los nombres y n\u00fameros de Rut son totalmente falsos, lo que deja al descubierto la falsedad tambi\u00e9n de los reclamos\u00bb, dijo el angustiado taxista.<\/p>\n<p><strong>\u00abME PERSIGUE\u00a0UNA VIEJA LOCA\u00bb<\/strong><br \/>\nDiario El Trabajo visit\u00f3 este supermercado para revisar el libro de reclamos, efectivamente hay en \u00e9l varios reclamos en contra de don Edgardo. Seg\u00fan nos explic\u00f3 el denunciante, \u00abes el colmo, yo creo que se puede tratar de alguna \u2018amante loca\u2019 que me persigue, pues este martes estaba yo en Valpara\u00edso, estaba realizando diligencias que quedaron registrada durante todo el d\u00eda all\u00e1 en el puerto, y lo ir\u00f3nico fue que ese mismo d\u00eda escribieron otro reclamo en mi contra, con el n\u00famero de patente de mi auto, estando yo en el puerto\u00bb, asegur\u00f3 Cordero.<br \/>\nRoberto Gonz\u00e1lez Short<br \/>\nrgonzalez@eltrabajo.cl<\/p>\n<figure id=\"attachment_67198\" aria-describedby=\"caption-attachment-67198\" style=\"width: 530px\" class=\"wp-caption alignleft\"><a href=\"http:\/\/www.eltrabajo.cl\/portal\/asegura-que-amante-loca-lo-persigue-y-firma-falsos-reclamos-en-su-contra\/taxistas33\/\" rel=\"attachment wp-att-67198\"><img data-recalc-dims=\"1\" loading=\"lazy\" decoding=\"async\" class=\"size-full wp-image-67198\" src=\"https:\/\/i0.wp.com\/www.eltrabajo.cl\/portal\/wp-content\/uploads\/2016\/02\/Taxistas33.jpg?resize=530%2C350\" alt=\"AFECTADOS.- Ellos son don Edgardo y Guillermo Lobos, quien lidera el grupo de taxistas que postulan a la exclusividad laboral en ese supermercado.\" width=\"530\" height=\"350\" srcset=\"https:\/\/i0.wp.com\/eltrabajo.cl\/portal\/wp-content\/uploads\/2016\/02\/Taxistas33.jpg?w=530&amp;ssl=1 530w, https:\/\/i0.wp.com\/eltrabajo.cl\/portal\/wp-content\/uploads\/2016\/02\/Taxistas33.jpg?resize=200%2C132&amp;ssl=1 200w, https:\/\/i0.wp.com\/eltrabajo.cl\/portal\/wp-content\/uploads\/2016\/02\/Taxistas33.jpg?resize=300%2C198&amp;ssl=1 300w, https:\/\/i0.wp.com\/eltrabajo.cl\/portal\/wp-content\/uploads\/2016\/02\/Taxistas33.jpg?resize=227%2C150&amp;ssl=1 227w, https:\/\/i0.wp.com\/eltrabajo.cl\/portal\/wp-content\/uploads\/2016\/02\/Taxistas33.jpg?resize=400%2C264&amp;ssl=1 400w\" sizes=\"auto, (max-width: 530px) 100vw, 530px\" \/><\/a><figcaption id=\"caption-attachment-67198\" class=\"wp-caption-text\">AFECTADOS.- Ellos son don Edgardo y Guillermo Lobos, quien lidera el grupo de taxistas que postulan a la exclusividad laboral en ese supermercado.<\/figcaption><\/figure>\n","protected":false},"excerpt":{"rendered":"<p>Le deja falsas denuncias para que lo echen del trabajo. El se\u00f1or Edgardo Cordero Nova es un conocido taxista sanfelipe\u00f1o de 60 a\u00f1os, quien labora regularmente para los clientes de Supermercado Acuenta,&#8230;<\/p>\n","protected":false},"author":1,"featured_media":67198,"comment_status":"open","ping_status":"open","sticky":false,"template":"","format":"standard","meta":{"advanced_seo_description":"","jetpack_seo_html_title":"","jetpack_seo_noindex":false,"_jetpack_memberships_contains_paid_content":false,"footnotes":""},"categories":[15],"tags":[],"class_list":["post-67196","post","type-post","status-publish","format-standard","has-post-thumbnail","hentry","category-comunidad"],"jetpack_featured_media_url":"https:\/\/i0.wp.com\/eltrabajo.cl\/portal\/wp-content\/uploads\/2016\/02\/Taxistas33.jpg?fit=530%2C350&ssl=1","jetpack_sharing_enabled":true,"jetpack_likes_enabled":true,"jetpack-related-posts":[],"_links":{"self":[{"href":"https:\/\/eltrabajo.cl\/portal\/wp-json\/wp\/v2\/posts\/67196","targetHints":{"allow":["GET"]}}],"collection":[{"href":"https:\/\/eltrabajo.cl\/portal\/wp-json\/wp\/v2\/posts"}],"about":[{"href":"https:\/\/eltrabajo.cl\/portal\/wp-json\/wp\/v2\/types\/post"}],"author":[{"embeddable":true,"href":"https:\/\/eltrabajo.cl\/portal\/wp-json\/wp\/v2\/users\/1"}],"replies":[{"embeddable":true,"href":"https:\/\/eltrabajo.cl\/portal\/wp-json\/wp\/v2\/comments?post=67196"}],"version-history":[{"count":0,"href":"https:\/\/eltrabajo.cl\/portal\/wp-json\/wp\/v2\/posts\/67196\/revisions"}],"wp:featuredmedia":[{"embeddable":true,"href":"https:\/\/eltrabajo.cl\/portal\/wp-json\/wp\/v2\/media\/67198"}],"wp:attachment":[{"href":"https:\/\/eltrabajo.cl\/portal\/wp-json\/wp\/v2\/media?parent=67196"}],"wp:term":[{"taxonomy":"category","embeddable":true,"href":"https:\/\/eltrabajo.cl\/portal\/wp-json\/wp\/v2\/categories?post=67196"},{"taxonomy":"post_tag","embeddable":true,"href":"https:\/\/eltrabajo.cl\/portal\/wp-json\/wp\/v2\/tags?post=67196"}],"curies":[{"name":"wp","href":"https:\/\/api.w.org\/{rel}","templated":true}]}}