{"id":67201,"date":"2016-02-26T08:51:55","date_gmt":"2016-02-26T11:51:55","guid":{"rendered":"http:\/\/www.eltrabajo.cl\/portal\/?p=67201"},"modified":"2016-02-26T09:29:16","modified_gmt":"2016-02-26T12:29:16","slug":"mujer-traficante-de-catemu-arriesga-pena-de-10-anos-de-carcel","status":"publish","type":"post","link":"https:\/\/eltrabajo.cl\/portal\/mujer-traficante-de-catemu-arriesga-pena-de-10-anos-de-carcel\/","title":{"rendered":"Mujer traficante de Catemu arriesga pena de 10 a\u00f1os de c\u00e1rcel"},"content":{"rendered":"<figure id=\"attachment_67202\" aria-describedby=\"caption-attachment-67202\" style=\"width: 300px\" class=\"wp-caption alignleft\"><a href=\"http:\/\/www.eltrabajo.cl\/portal\/mujer-traficante-de-catemu-arriesga-pena-de-10-anos-de-carcel\/fiscal-julio-palacios-18\/\" rel=\"attachment wp-att-67202\"><img data-recalc-dims=\"1\" loading=\"lazy\" decoding=\"async\" class=\"size-medium wp-image-67202\" src=\"https:\/\/i0.wp.com\/www.eltrabajo.cl\/portal\/wp-content\/uploads\/2016\/02\/Fiscal-Julio-Palacios-300x244.jpg?resize=300%2C244\" alt=\"El Fiscal del Ministerio P\u00fablico de San Felipe, Julio Palacios Bobadilla.\" width=\"300\" height=\"244\" srcset=\"https:\/\/i0.wp.com\/eltrabajo.cl\/portal\/wp-content\/uploads\/2016\/02\/Fiscal-Julio-Palacios.jpg?resize=300%2C244&amp;ssl=1 300w, https:\/\/i0.wp.com\/eltrabajo.cl\/portal\/wp-content\/uploads\/2016\/02\/Fiscal-Julio-Palacios.jpg?resize=184%2C150&amp;ssl=1 184w, https:\/\/i0.wp.com\/eltrabajo.cl\/portal\/wp-content\/uploads\/2016\/02\/Fiscal-Julio-Palacios.jpg?resize=400%2C326&amp;ssl=1 400w, https:\/\/i0.wp.com\/eltrabajo.cl\/portal\/wp-content\/uploads\/2016\/02\/Fiscal-Julio-Palacios.jpg?w=529&amp;ssl=1 529w\" sizes=\"auto, (max-width: 300px) 100vw, 300px\" \/><\/a><figcaption id=\"caption-attachment-67202\" class=\"wp-caption-text\">El Fiscal del Ministerio P\u00fablico de San Felipe, Julio Palacios Bobadilla.<\/figcaption><\/figure>\n<p><strong>Comercializaba pasta base y marihuana desde su domicilio.<\/strong><\/p>\n<p>El Tribunal Oral en Lo Penal de San Felipe conden\u00f3 estos delitos adem\u00e1s de la tenencia ilegal de municiones. La lectura de sentencia ser\u00e1 dada a conocer hoy viernes.<br \/>\nCulpable de los delitos de tr\u00e1fico de drogas y tenencia ilegal de municiones, fue el veredicto emitido por la terna de jueces del Tribunal Oral en Lo Penal de San Felipe en contra de una mujer identificada como Gloria Herrera Neira, quien comercializaba pasta base y marihuana desde su domicilio en la comuna de Catemu. La mujer arriesga una pena de 10 a\u00f1os y un d\u00eda de c\u00e1rcel a petici\u00f3n del Ministerio P\u00fablico.<br \/>\nEn el juicio oral, el tribunal acogi\u00f3 la tesis de la Fiscal\u00eda que dio por acreditada las diligencias efectuadas por los efectivos de OS7 de Carabineros en una vivienda ubicada calle La Concepci\u00f3n en la comuna de Catemu, confirmando la venta il\u00edcita de drogas el pasado 19 de agosto del 2015.<br \/>\nEn aquel entonces, el Ministerio P\u00fablico remiti\u00f3 una orden para que la polic\u00eda uniformada investigara estos hechos. Los operativos concluyeron con la incautaci\u00f3n de sustancias prohibidas y municiones, producto de vigilancias en el sitio del suceso que establecieron que desde el inmueble de la acusada Gloria Herrera Neira se llevaba a cabo la venta de tres envoltorios de pasta base de coca\u00edna.<br \/>\nTras una orden judicial de entrada y registro al domicilio, Carabineros incaut\u00f3 dos cajas contenedoras de marihuana con 110 y 120 gramos respectivamente, $174.000 en efectivo, 15 gramos de pasta base de coca\u00edna dosificada en 120 envoltorios, m\u00e1s 54 gramos de esta misma sustancia al interior de una bolsa.<br \/>\nAdem\u00e1s en el mismo procedimiento, los efectivos policiales decomisaron seis cartuchos de escopeta calibre 16 sin percutar, razones que motivaron la detenci\u00f3n de la imputada, siendo formalizada por los delitos de tr\u00e1fico de drogas y tenencia ilegal de municiones. La mujer qued\u00f3 bajo la cautelar de prisi\u00f3n preventiva desde el 20 de agosto pasado, seg\u00fan la resoluci\u00f3n del Juzgado de Garant\u00eda de San Felipe, por representar un peligro para la salud de la sociedad.<br \/>\nTras un juicio en contra de la acusada, el Tribunal Oral en Lo Penal esta semana conden\u00f3 estos hechos considerando a la mujer como culpable del delito de tr\u00e1fico de estupefacientes y tenencia ilegal de municiones. La Fiscal\u00eda persigue 10 a\u00f1os y un d\u00eda por estos il\u00edcitos, toda vez que la condenada mantiene antecedentes por delitos microtr\u00e1fico, afirm\u00f3 el Fiscal de Drogas, Julio Palacios Bobadilla a Diario El Trabajo.<br \/>\n\u201cEl Ministerio P\u00fablico present\u00f3 testigos, el relato de los funcionarios policiales que concurrieron al hecho, acompa\u00f1amos al perito de Labocar que efectu\u00f3 las pericias a las municiones, pericias a las sustancias que confirmaban la presencia de drogas. El Tribunal Oral dict\u00f3 la sentencia condenatoria y esperamos se aplique lo requerido\u201d.<br \/>\nLa sentencia ser\u00e1 dada a conocer el d\u00eda de hoy viernes en la sala del Tribunal Oral en Lo Penal de San Felipe.<br \/>\n<strong>Pablo Salinas Sald\u00edas<\/strong><\/p>\n","protected":false},"excerpt":{"rendered":"<p>Comercializaba pasta base y marihuana desde su domicilio. El Tribunal Oral en Lo Penal de San Felipe conden\u00f3 estos delitos adem\u00e1s de la tenencia ilegal de municiones. La lectura de sentencia ser\u00e1&#8230;<\/p>\n","protected":false},"author":1,"featured_media":67202,"comment_status":"open","ping_status":"open","sticky":false,"template":"","format":"standard","meta":{"advanced_seo_description":"","jetpack_seo_html_title":"","jetpack_seo_noindex":false,"_jetpack_memberships_contains_paid_content":false,"footnotes":""},"categories":[21],"tags":[],"class_list":["post-67201","post","type-post","status-publish","format-standard","has-post-thumbnail","hentry","category-policial"],"jetpack_featured_media_url":"https:\/\/i0.wp.com\/eltrabajo.cl\/portal\/wp-content\/uploads\/2016\/02\/Fiscal-Julio-Palacios.jpg?fit=529%2C431&ssl=1","jetpack_sharing_enabled":true,"jetpack_likes_enabled":true,"jetpack-related-posts":[],"_links":{"self":[{"href":"https:\/\/eltrabajo.cl\/portal\/wp-json\/wp\/v2\/posts\/67201","targetHints":{"allow":["GET"]}}],"collection":[{"href":"https:\/\/eltrabajo.cl\/portal\/wp-json\/wp\/v2\/posts"}],"about":[{"href":"https:\/\/eltrabajo.cl\/portal\/wp-json\/wp\/v2\/types\/post"}],"author":[{"embeddable":true,"href":"https:\/\/eltrabajo.cl\/portal\/wp-json\/wp\/v2\/users\/1"}],"replies":[{"embeddable":true,"href":"https:\/\/eltrabajo.cl\/portal\/wp-json\/wp\/v2\/comments?post=67201"}],"version-history":[{"count":0,"href":"https:\/\/eltrabajo.cl\/portal\/wp-json\/wp\/v2\/posts\/67201\/revisions"}],"wp:featuredmedia":[{"embeddable":true,"href":"https:\/\/eltrabajo.cl\/portal\/wp-json\/wp\/v2\/media\/67202"}],"wp:attachment":[{"href":"https:\/\/eltrabajo.cl\/portal\/wp-json\/wp\/v2\/media?parent=67201"}],"wp:term":[{"taxonomy":"category","embeddable":true,"href":"https:\/\/eltrabajo.cl\/portal\/wp-json\/wp\/v2\/categories?post=67201"},{"taxonomy":"post_tag","embeddable":true,"href":"https:\/\/eltrabajo.cl\/portal\/wp-json\/wp\/v2\/tags?post=67201"}],"curies":[{"name":"wp","href":"https:\/\/api.w.org\/{rel}","templated":true}]}}