{"id":67209,"date":"2016-02-26T09:04:30","date_gmt":"2016-02-26T12:04:30","guid":{"rendered":"http:\/\/www.eltrabajo.cl\/portal\/?p=67209"},"modified":"2016-02-26T09:04:30","modified_gmt":"2016-02-26T12:04:30","slug":"los-residentes-denuncian-imprecisiones-y-trabajos-a-medias-en-nueva-ruta","status":"publish","type":"post","link":"https:\/\/eltrabajo.cl\/portal\/los-residentes-denuncian-imprecisiones-y-trabajos-a-medias-en-nueva-ruta\/","title":{"rendered":"Los residentes denuncian imprecisiones y \u2018trabajos a medias\u2019 en nueva ruta."},"content":{"rendered":"<figure id=\"attachment_67210\" aria-describedby=\"caption-attachment-67210\" style=\"width: 530px\" class=\"wp-caption alignleft\"><a href=\"http:\/\/www.eltrabajo.cl\/portal\/los-residentes-denuncian-imprecisiones-y-trabajos-a-medias-en-nueva-ruta\/lospatos2\/\" rel=\"attachment wp-att-67210\"><img data-recalc-dims=\"1\" loading=\"lazy\" decoding=\"async\" class=\"size-full wp-image-67210\" src=\"https:\/\/i0.wp.com\/www.eltrabajo.cl\/portal\/wp-content\/uploads\/2016\/02\/lospatos2.jpg?resize=530%2C349\" alt=\"Indignaci\u00f3n hay en los vecinos de Los Patos quienes no est\u00e1n conformes con las obras de asfalto que se realizaron en el \u00fanico camino que posee esa localidad.\" width=\"530\" height=\"349\" srcset=\"https:\/\/i0.wp.com\/eltrabajo.cl\/portal\/wp-content\/uploads\/2016\/02\/lospatos2.jpg?w=530&amp;ssl=1 530w, https:\/\/i0.wp.com\/eltrabajo.cl\/portal\/wp-content\/uploads\/2016\/02\/lospatos2.jpg?resize=200%2C132&amp;ssl=1 200w, https:\/\/i0.wp.com\/eltrabajo.cl\/portal\/wp-content\/uploads\/2016\/02\/lospatos2.jpg?resize=300%2C198&amp;ssl=1 300w, https:\/\/i0.wp.com\/eltrabajo.cl\/portal\/wp-content\/uploads\/2016\/02\/lospatos2.jpg?resize=228%2C150&amp;ssl=1 228w, https:\/\/i0.wp.com\/eltrabajo.cl\/portal\/wp-content\/uploads\/2016\/02\/lospatos2.jpg?resize=400%2C263&amp;ssl=1 400w\" sizes=\"auto, (max-width: 530px) 100vw, 530px\" \/><\/a><figcaption id=\"caption-attachment-67210\" class=\"wp-caption-text\">Indignaci\u00f3n hay en los vecinos de Los Patos quienes no est\u00e1n conformes con las obras de asfalto que se realizaron en el \u00fanico camino que posee esa localidad.<\/figcaption><\/figure>\n<p><strong>Indignaci\u00f3n en vecinos de Los Patos por obras en camino del sector<\/strong><\/p>\n<p><strong>PUTAENDO<\/strong>.- \u201cVamos a tomarnos el camino si esto no cambia\u201d, apunt\u00f3 Gast\u00f3n Arancibia, dirigente vecinal. \u201cLas obras a\u00fan no son recepcionadas, haremos un segundo proyecto para mejorar este camino\u201d, afirm\u00f3 la Directora Provincial de Vialidad, Claudia Lizama.<br \/>\nLo que se traz\u00f3 como un beneficio hoy se est\u00e1 transformando en un verdadero dolor de cabeza para los residentes de la localidad de Los Patos, pues reclaman que las obras del asfalto del camino que durante a\u00f1os s\u00f3lo fue de tierra, hoy est\u00e1n llenas de imprecisiones y \u2018trabajos a medias\u2019 que incluso generan un peligro para quienes usen esa ruta.<br \/>\nAs\u00ed lo hizo saber Gast\u00f3n Arancibia, secretario de la Junta de Vecinos de Los Patos, quien sostuvo que las obras de asfalto del \u00fanico camino que posee esa localidad est\u00e1 lleno de imprecisiones, apreciables por ejemplo en una curva que qued\u00f3 sumamente angosta, y en la cual no caben dos veh\u00edculos, sumado a la instalaci\u00f3n de un poste de alumbrado p\u00fablico, cuya ubicaci\u00f3n hace inminente un accidente si no es advertido.<br \/>\n\u201cAl parecer aqu\u00ed no nos toman en serio, el camino tiene varias deficiencias, nosotros vimos como los trabajadores tiraban el asfalto sobre las mismas piedras del camino y ni siquiera nivelaban, por lo que quedaron verdaderos cototos en la ruta y eso que ni siquiera est\u00e1 terminada, hay sectores donde el borde del camino qued\u00f3 encima de barrancos, lo que hace muy peligroso transitar por el \u00fanico camino que tenemos, tanto en veh\u00edculo como a caballo. No estamos para que nos vean la cara de esta manera y si la situaci\u00f3n no cambia tendremos que tomarnos el camino para que nos escuchen y nos tomen en cuenta, porque incluso hubo personas que nos dijeron directamente que cuando llegara la minera har\u00edan un camino decente\u201d, reclam\u00f3 Arancibia.<br \/>\nEn horas de la ma\u00f1ana de ayer mi\u00e9rcoles llegaron hasta el sector funcionarios de la Gobernaci\u00f3n Provincial de San Felipe y la Directora Provincial de Vialidad, Claudia Lizama, quienes atendieron las quejas de los residentes y verificaron en terreno las denuncias formuladas por los afectados, existiendo compromisos de revisi\u00f3n y mejoramiento del camino.<br \/>\nEn este sentido, Claudia Lizama, comenz\u00f3 precisando que el nuevo camino del sector Los Patos ha mejorado las condiciones en esa localidad, dejando atr\u00e1s los problemas que exist\u00edan con la antigua ruta de tierra, que a su juicio era tan s\u00f3lo una huella, aunque valid\u00f3 las exigencias de los habitantes de Los Patos. \u201cDebo aclarar que este camino a\u00fan no est\u00e1 recepcionado, he recorrido el sector y claramente hay cosas que corregir, por eso como Direcci\u00f3n Provincial de Vialidad vamos a formular un segundo proyecto que nos permita dejar este camino en las condiciones que corresponde y que se transforme finalmente en un beneficio para los vecinos de Los Patos\u201d, declar\u00f3 la profesional.<br \/>\n<strong>Patricio Gallardo M.<\/strong><\/p>\n","protected":false},"excerpt":{"rendered":"<p>Indignaci\u00f3n en vecinos de Los Patos por obras en camino del sector PUTAENDO.- \u201cVamos a tomarnos el camino si esto no cambia\u201d, apunt\u00f3 Gast\u00f3n Arancibia, dirigente vecinal. \u201cLas obras a\u00fan no son&#8230;<\/p>\n","protected":false},"author":1,"featured_media":67210,"comment_status":"open","ping_status":"open","sticky":false,"template":"","format":"standard","meta":{"advanced_seo_description":"","jetpack_seo_html_title":"","jetpack_seo_noindex":false,"_jetpack_memberships_contains_paid_content":false,"footnotes":""},"categories":[15],"tags":[],"class_list":["post-67209","post","type-post","status-publish","format-standard","has-post-thumbnail","hentry","category-comunidad"],"jetpack_featured_media_url":"https:\/\/i0.wp.com\/eltrabajo.cl\/portal\/wp-content\/uploads\/2016\/02\/lospatos2.jpg?fit=530%2C349&ssl=1","jetpack_sharing_enabled":true,"jetpack_likes_enabled":true,"jetpack-related-posts":[],"_links":{"self":[{"href":"https:\/\/eltrabajo.cl\/portal\/wp-json\/wp\/v2\/posts\/67209","targetHints":{"allow":["GET"]}}],"collection":[{"href":"https:\/\/eltrabajo.cl\/portal\/wp-json\/wp\/v2\/posts"}],"about":[{"href":"https:\/\/eltrabajo.cl\/portal\/wp-json\/wp\/v2\/types\/post"}],"author":[{"embeddable":true,"href":"https:\/\/eltrabajo.cl\/portal\/wp-json\/wp\/v2\/users\/1"}],"replies":[{"embeddable":true,"href":"https:\/\/eltrabajo.cl\/portal\/wp-json\/wp\/v2\/comments?post=67209"}],"version-history":[{"count":0,"href":"https:\/\/eltrabajo.cl\/portal\/wp-json\/wp\/v2\/posts\/67209\/revisions"}],"wp:featuredmedia":[{"embeddable":true,"href":"https:\/\/eltrabajo.cl\/portal\/wp-json\/wp\/v2\/media\/67210"}],"wp:attachment":[{"href":"https:\/\/eltrabajo.cl\/portal\/wp-json\/wp\/v2\/media?parent=67209"}],"wp:term":[{"taxonomy":"category","embeddable":true,"href":"https:\/\/eltrabajo.cl\/portal\/wp-json\/wp\/v2\/categories?post=67209"},{"taxonomy":"post_tag","embeddable":true,"href":"https:\/\/eltrabajo.cl\/portal\/wp-json\/wp\/v2\/tags?post=67209"}],"curies":[{"name":"wp","href":"https:\/\/api.w.org\/{rel}","templated":true}]}}