{"id":67213,"date":"2016-02-26T09:06:17","date_gmt":"2016-02-26T12:06:17","guid":{"rendered":"http:\/\/www.eltrabajo.cl\/portal\/?p=67213"},"modified":"2016-02-26T09:06:17","modified_gmt":"2016-02-26T12:06:17","slug":"manada-de-perros-podria-generar-desalojo-de-vivienda-en-joaquin-oliva","status":"publish","type":"post","link":"https:\/\/eltrabajo.cl\/portal\/manada-de-perros-podria-generar-desalojo-de-vivienda-en-joaquin-oliva\/","title":{"rendered":"Manada de perros podr\u00eda generar desalojo de vivienda en Joaqu\u00edn Oliva"},"content":{"rendered":"<figure id=\"attachment_67214\" aria-describedby=\"caption-attachment-67214\" style=\"width: 530px\" class=\"wp-caption alignleft\"><a href=\"http:\/\/www.eltrabajo.cl\/portal\/manada-de-perros-podria-generar-desalojo-de-vivienda-en-joaquin-oliva\/esta-es-la-casa-ubicada-en-calle-joaquin\/\" rel=\"attachment wp-att-67214\"><img data-recalc-dims=\"1\" loading=\"lazy\" decoding=\"async\" class=\"size-full wp-image-67214\" src=\"https:\/\/i0.wp.com\/www.eltrabajo.cl\/portal\/wp-content\/uploads\/2016\/02\/ESTA-ES-LA-CASA-UBICADA-EN-CALLE-JOAQUIN.jpg?resize=530%2C350\" alt=\"Esta es la casa ubicada en calle Joaqu\u00edn Oliva, en donde una treintena de perros ha provocado enorme malestar de los vecinos, producto de la putrefacci\u00f3n del lugar y los incesantes ladridos nocturnos que impiden un descanso normal.\" width=\"530\" height=\"350\" srcset=\"https:\/\/i0.wp.com\/eltrabajo.cl\/portal\/wp-content\/uploads\/2016\/02\/ESTA-ES-LA-CASA-UBICADA-EN-CALLE-JOAQUIN.jpg?w=530&amp;ssl=1 530w, https:\/\/i0.wp.com\/eltrabajo.cl\/portal\/wp-content\/uploads\/2016\/02\/ESTA-ES-LA-CASA-UBICADA-EN-CALLE-JOAQUIN.jpg?resize=200%2C132&amp;ssl=1 200w, https:\/\/i0.wp.com\/eltrabajo.cl\/portal\/wp-content\/uploads\/2016\/02\/ESTA-ES-LA-CASA-UBICADA-EN-CALLE-JOAQUIN.jpg?resize=300%2C198&amp;ssl=1 300w, https:\/\/i0.wp.com\/eltrabajo.cl\/portal\/wp-content\/uploads\/2016\/02\/ESTA-ES-LA-CASA-UBICADA-EN-CALLE-JOAQUIN.jpg?resize=227%2C150&amp;ssl=1 227w, https:\/\/i0.wp.com\/eltrabajo.cl\/portal\/wp-content\/uploads\/2016\/02\/ESTA-ES-LA-CASA-UBICADA-EN-CALLE-JOAQUIN.jpg?resize=400%2C264&amp;ssl=1 400w\" sizes=\"auto, (max-width: 530px) 100vw, 530px\" \/><\/a><figcaption id=\"caption-attachment-67214\" class=\"wp-caption-text\">Esta es la casa ubicada en calle Joaqu\u00edn Oliva, en donde una treintena de perros ha provocado enorme malestar de los vecinos, producto de la putrefacci\u00f3n del lugar y los incesantes ladridos nocturnos que impiden un descanso normal.<\/figcaption><\/figure>\n<p><strong>Municipio de San Felipe ha intentado contribuir con una situaci\u00f3n que se agudiz\u00f3 durante los \u00faltimos d\u00edas.<\/strong><\/p>\n<p>Autoridad sanitaria asegura que la propiedad tiene problemas con el alcantarillado y que el espacio no resiste la cantidad de animales que viven en el lugar, provocando malos olores y el riesgo infeccioso que ello conlleva.<br \/>\nUna compleja situaci\u00f3n sanitaria se est\u00e1 generando en torno a una vivienda ubicada en la calle Joaqu\u00edn Oliva en San Felipe, en donde los propietarios \u2013uno de ellos adulto mayor- tienen al interior de su hogar una treintena de perros, los cuales, actualmente se han transformado en foco de molestia y preocupaci\u00f3n por parte de los vecinos del sector.<br \/>\nDurante la jornada de ayer, profesionales de la autoridad sanitaria de San Felipe, junto a personeros del Programa Municipal de Tenencia Responsable de mascotas, llegaron hasta el domicilio en cuesti\u00f3n para notificar a los due\u00f1os de las mascotas respecto de un eventual desalojo de la propiedad, si es que no esterilizan a los perros y reducen de manera ostensible el n\u00famero de la manada que actualmente provoca constantes malos olores durante el d\u00eda y ruidos molestos con los permanentes ladridos nocturnos.<br \/>\nEl jefe de la Oficina Provincial de la Seremi de Salud Aconcagua, Dr. Mario M\u00e9ndez, reconoci\u00f3 que la problem\u00e1tica viene arrastr\u00e1ndose desde el a\u00f1o 2014 y que el municipio ha contribuido en realizar limpiezas al lugar, sin embargo, la situaci\u00f3n ha ido empeorando, pues adem\u00e1s existe un problema de alcantarillado en la propiedad.<br \/>\n\u00abHay quejas y reclamos formales de los vecinos desde hace bastante tiempo y se est\u00e1n tomando medidas junto a la Municipalidad de San Felipe para efectos de contener esta situaci\u00f3n, que tambi\u00e9n tiene relaci\u00f3n con un aspecto de salud mental\u00bb, adujo M\u00e9ndez.Respecto de la situaci\u00f3n en que se encuentran las mascotas, el facultativo agreg\u00f3 que \u00abhay perritos que est\u00e1n bastante complicadas desde el punto de vista de su salud y la verdad es que durante esta semana este tema se agudiz\u00f3 por lo que tendremos que seguramente tomar medidas m\u00e1s dr\u00e1sticas\u00bb, expres\u00f3.<br \/>\nEn relaci\u00f3n con qu\u00e9 tipo de medidas se pueden adoptar en una situaci\u00f3n como \u00e9sta, el galeno a\u00f1adi\u00f3 que \u00abnosotros tenemos facultades hasta para clausurar el acceso a una vivienda, pero hay que tener mucho cuidado porque si clausuramos, qui\u00e9n alimenta a las mascotas, en fin, es un tema bastante complejo, por eso hemos llevado a cabo este control, una visita inspectiva a la vivienda y luego de ello vamos a poder informar qu\u00e9 es lo que vamos a hacer en el corto plazo\u00bb, defini\u00f3.<br \/>\nNo tan s\u00f3lo son los ladridos los que privan del buen descanso de los vecinos del sector, sino que tambi\u00e9n, el riesgo infeccioso que implica este panorama, lo que finalmente llev\u00f3 a la autoridad sanitaria a tomar cartas en el asunto, pues tal como indic\u00f3 M\u00e9ndez \u00abla presencia de fecas, la no existencia de alcantarillado, en norma eso va generando una situaci\u00f3n muy complicada desde el punto de vista de atraer vectores de inter\u00e9s sanitario, es decir, hablamos de moscas, roedores, cucarachas, en fin una serie de factores que van a generar malos olores y eso va en contra de lo que dice el c\u00f3digo sanitario, por lo que tendremos que actuar tomando las medidas que correspondan\u00bb.<br \/>\nEsto tiene relaci\u00f3n est\u00e1 directa con el comportamiento de las personas, en el hecho de incorporar una cantidad superior de mascotas a las que puede manejarse en un patio peque\u00f1o de una casa de poblaci\u00f3n.<br \/>\nCabe consignar, que previo a la intervenci\u00f3n de sanidad, en enero del a\u00f1o pasado el municipio en conjunto con los vecinos realizaron un bingo para erradicar una plaga de palomas de esta casa. Adem\u00e1s, se hicieron mejoras en la fachada y techumbre de la casa. Tambi\u00e9n se le envi\u00f3 a esta familia un contenedor para sacar la basura del lugar y se comenz\u00f3 un operativo de esterilizaci\u00f3n de sus mascotas, de las cuales, s\u00f3lo se esteriliz\u00f3 a un tercio de ellas ya que, -seg\u00fan declaraci\u00f3n de algunos vecinos- el joven que vive en la propiedad con su madre argumentaron problemas de salud de los animales y se neg\u00f3 a continuar con el procedimiento.<\/p>\n","protected":false},"excerpt":{"rendered":"<p>Municipio de San Felipe ha intentado contribuir con una situaci\u00f3n que se agudiz\u00f3 durante los \u00faltimos d\u00edas. Autoridad sanitaria asegura que la propiedad tiene problemas con el alcantarillado y que el espacio&#8230;<\/p>\n","protected":false},"author":1,"featured_media":67214,"comment_status":"open","ping_status":"open","sticky":false,"template":"","format":"standard","meta":{"advanced_seo_description":"","jetpack_seo_html_title":"","jetpack_seo_noindex":false,"_jetpack_memberships_contains_paid_content":false,"footnotes":""},"categories":[1],"tags":[],"class_list":["post-67213","post","type-post","status-publish","format-standard","has-post-thumbnail","hentry","category-cronica"],"jetpack_featured_media_url":"https:\/\/i0.wp.com\/eltrabajo.cl\/portal\/wp-content\/uploads\/2016\/02\/ESTA-ES-LA-CASA-UBICADA-EN-CALLE-JOAQUIN.jpg?fit=530%2C350&ssl=1","jetpack_sharing_enabled":true,"jetpack_likes_enabled":true,"jetpack-related-posts":[],"_links":{"self":[{"href":"https:\/\/eltrabajo.cl\/portal\/wp-json\/wp\/v2\/posts\/67213","targetHints":{"allow":["GET"]}}],"collection":[{"href":"https:\/\/eltrabajo.cl\/portal\/wp-json\/wp\/v2\/posts"}],"about":[{"href":"https:\/\/eltrabajo.cl\/portal\/wp-json\/wp\/v2\/types\/post"}],"author":[{"embeddable":true,"href":"https:\/\/eltrabajo.cl\/portal\/wp-json\/wp\/v2\/users\/1"}],"replies":[{"embeddable":true,"href":"https:\/\/eltrabajo.cl\/portal\/wp-json\/wp\/v2\/comments?post=67213"}],"version-history":[{"count":0,"href":"https:\/\/eltrabajo.cl\/portal\/wp-json\/wp\/v2\/posts\/67213\/revisions"}],"wp:featuredmedia":[{"embeddable":true,"href":"https:\/\/eltrabajo.cl\/portal\/wp-json\/wp\/v2\/media\/67214"}],"wp:attachment":[{"href":"https:\/\/eltrabajo.cl\/portal\/wp-json\/wp\/v2\/media?parent=67213"}],"wp:term":[{"taxonomy":"category","embeddable":true,"href":"https:\/\/eltrabajo.cl\/portal\/wp-json\/wp\/v2\/categories?post=67213"},{"taxonomy":"post_tag","embeddable":true,"href":"https:\/\/eltrabajo.cl\/portal\/wp-json\/wp\/v2\/tags?post=67213"}],"curies":[{"name":"wp","href":"https:\/\/api.w.org\/{rel}","templated":true}]}}