{"id":67217,"date":"2016-02-26T09:13:50","date_gmt":"2016-02-26T12:13:50","guid":{"rendered":"http:\/\/www.eltrabajo.cl\/portal\/?p=67217"},"modified":"2016-02-26T09:13:50","modified_gmt":"2016-02-26T12:13:50","slug":"cinco-bellezas-aconcaguinas-quieren-ser-la-reina-de-la-cerveza-2016","status":"publish","type":"post","link":"https:\/\/eltrabajo.cl\/portal\/cinco-bellezas-aconcaguinas-quieren-ser-la-reina-de-la-cerveza-2016\/","title":{"rendered":"Cinco bellezas aconcag\u00fcinas quieren ser la Reina de la Cerveza 2016"},"content":{"rendered":"<figure id=\"attachment_67218\" aria-describedby=\"caption-attachment-67218\" style=\"width: 530px\" class=\"wp-caption alignleft\"><a href=\"http:\/\/www.eltrabajo.cl\/portal\/cinco-bellezas-aconcaguinas-quieren-ser-la-reina-de-la-cerveza-2016\/candidatas1-4\/\" rel=\"attachment wp-att-67218\"><img data-recalc-dims=\"1\" loading=\"lazy\" decoding=\"async\" class=\"size-full wp-image-67218\" src=\"https:\/\/i0.wp.com\/www.eltrabajo.cl\/portal\/wp-content\/uploads\/2016\/02\/Candidatas1.jpg?resize=530%2C350\" alt=\"REINAS.- Ellas son: Estefan\u00eda Jim\u00e9nez Colarte representando a Radio Cristal; Patricia Campos Fabres por Radio Aconcagua; Mor\u00edn Zamora Riquelme por Diario El Trabajo; Karina Milla Campos por Radio Preludio y Flavia Vera Olgu\u00edn por Radio L\u00edder.\" width=\"530\" height=\"350\" srcset=\"https:\/\/i0.wp.com\/eltrabajo.cl\/portal\/wp-content\/uploads\/2016\/02\/Candidatas1.jpg?w=530&amp;ssl=1 530w, https:\/\/i0.wp.com\/eltrabajo.cl\/portal\/wp-content\/uploads\/2016\/02\/Candidatas1.jpg?resize=200%2C132&amp;ssl=1 200w, https:\/\/i0.wp.com\/eltrabajo.cl\/portal\/wp-content\/uploads\/2016\/02\/Candidatas1.jpg?resize=300%2C198&amp;ssl=1 300w, https:\/\/i0.wp.com\/eltrabajo.cl\/portal\/wp-content\/uploads\/2016\/02\/Candidatas1.jpg?resize=227%2C150&amp;ssl=1 227w, https:\/\/i0.wp.com\/eltrabajo.cl\/portal\/wp-content\/uploads\/2016\/02\/Candidatas1.jpg?resize=400%2C264&amp;ssl=1 400w\" sizes=\"auto, (max-width: 530px) 100vw, 530px\" \/><\/a><figcaption id=\"caption-attachment-67218\" class=\"wp-caption-text\">REINAS.- Ellas son: Estefan\u00eda Jim\u00e9nez Colarte representando a Radio Cristal; Patricia Campos Fabres por Radio Aconcagua; Mor\u00edn Zamora Riquelme por Diario El Trabajo; Karina Milla Campos por Radio Preludio y Flavia Vera Olgu\u00edn por Radio L\u00edder.<\/figcaption><\/figure>\n<p><strong>El domingo se sabr\u00e1 qui\u00e9n de ellas ser\u00e1 la soberana.<\/strong><\/p>\n<p>Durante la ma\u00f1ana de ayer jueves y en el marco de un desayuno ofrecido a los medios de comunicaci\u00f3n, se realiz\u00f3 oficialmente la presentaci\u00f3n de las cinco candidatas que competir\u00e1n durante todo este fin de semana por el t\u00edtulo Reina de la Fiesta de la Cerveza 2016, evento que est\u00e1 desarrollando Restaurante La Ruca, ubicado en Bucalemu de Curim\u00f3n.<\/p>\n<p><strong>BASES Y PREMIOS<\/strong><br \/>\nA la cita pactada acudieron periodistas y locutores de radio, televisi\u00f3n, revistas y prensa escrita, as\u00ed como comunicadores de varios portales Online. Seg\u00fan explic\u00f3 el empresario Ricardo Figueroa, due\u00f1o de La Ruca, \u00ablas bases para las candidatas son claras, deben ser mayor de 17 a\u00f1os; representar alg\u00fan medio de comunicaci\u00f3n; representar alg\u00fan stand de cerveza y ser residente del Valle de Aconcagua\u00bb.<br \/>\nLas chicas deben estar presentes los d\u00edas 27 y 28 de febrero, entre las 16:00 y las 22:00 horas. \u00abLa Reina de la Cerveza recibir\u00e1 como parte de los premios, tres meses de gimnasio gratis en Sportlife de Espacio Urbano; una cena para dos personas en Restaurante La Ruca y una tenida y un Lifting de pesta\u00f1as en Belly Boutique &amp; Spa\u00bb, agreg\u00f3 Figueroa a Diario El Trabajo.<\/p>\n<p><strong>LAS CANDIDATAS<\/strong><br \/>\nLas candidatas que se presentaron, generaron expectativa entre los presentes, pues todas eran muy guapas y din\u00e1micas a la hora de autopresentarse en calidad de candidatas, j\u00f3venes, bellas y con muchas ganas de ganar la jarra cervecera. El domingo ya se sabr\u00e1 qui\u00e9n de ellas ser\u00e1 la reina.<\/p>\n<p><strong>Mor\u00edn Zamora Riquelme:<\/strong> Edad 18 a\u00f1os. Signo Virgo. Soltera y con pololo. Color favorito Rojo. M\u00fasica favorita Reggaet\u00f3n. Representa a Diario El Trabajo. \u00abMuy contenta de poder representar a Diario El Trabajo en esta Fiesta de la Cerveza, espero tambi\u00e9n contribuir con alegrar la fiesta\u00bb.<\/p>\n<p><strong>Flavia Vera Olgu\u00edn:<\/strong> Representa a Radio L\u00edder de San Felipe. Signo Virgo. Soltera y con tres hijos. Color favorito Azul. \u00abMe met\u00ed a este concurso en parte porque soy amiga de la Familia Figueroa, y porque me pareci\u00f3 apropiado hacerlo en representaci\u00f3n de la emisora en donde laboro\u00bb.<\/p>\n<p><strong>Patricia Campos Fabres:<\/strong> Representa a Radio Aconcagua. Es casada. Signo Aries. Color favorito Rojo. Artista preferido Simply Red. \u00abEstoy muy animada con este concurso, tarea muy dura si vemos a las chicas tan bellas con las que compito, as\u00ed que espero tambi\u00e9n dar la pelea\u00bb.<\/p>\n<p><strong>Estefan\u00eda Jim\u00e9nez Colarte:<\/strong> Representa a Radio Cristal. Signo Tauro. Tiene 17 a\u00f1os y su color favorito es Azul. Sigue soltera y a\u00fan cursa sus estudios de Media. \u00abMuy ilusionada con la idea de poder ganar la corona de la Fiesta de la Cerveza 2016\u00bb.<\/p>\n<p><strong>Karina Milla Campos:<\/strong> Representa a Radio Preludio. Tiene 19 a\u00f1os y es signo Piscis. Es soltera y est\u00e1 haciendo su pr\u00e1ctica en administraci\u00f3n empresarial de 4\u00ba Medio y es la menor de cinco hermanos. \u00abEncantada con este concurso, desde hace varias semanas que ven\u00edamos las ahora candidatas muy ansiosas con esto de la Fiesta de la Cerveza\u00bb.<br \/>\nSeg\u00fan se espera habr\u00e1 concursos de baile y de destreza durante el desarrollo de la parrilla program\u00e1tica; animadas presentaciones; actividades con los expositores y encuestas de la provincia, se evaluar\u00e1 vestimenta adecuada al tipo de evento entre otras actividades. El jurado ser\u00e1 el p\u00fablico asistente, y la elecci\u00f3n ser\u00e1 mediante \u2018Aplaus\u00f3metro popular\u2019 en pleno desarrollo del evento.<br \/>\nRoberto Gonz\u00e1lez Short<br \/>\nrgonzalez@eltrabajo.cl<\/p>\n<div class=\"tiled-gallery type-rectangular tiled-gallery-unresized\" data-original-width=\"640\" data-carousel-extra='null' itemscope itemtype=\"http:\/\/schema.org\/ImageGallery\" > <div class=\"gallery-row\" style=\"width: 640px; height: 435px;\" data-original-width=\"640\" data-original-height=\"435\" > <div class=\"gallery-group images-1\" style=\"width: 425px; height: 435px;\" data-original-width=\"425\" data-original-height=\"435\" > <div class=\"tiled-gallery-item tiled-gallery-item-large\" itemprop=\"associatedMedia\" itemscope itemtype=\"http:\/\/schema.org\/ImageObject\"> <a href=\"https:\/\/eltrabajo.cl\/portal\/cinco-bellezas-aconcaguinas-quieren-ser-la-reina-de-la-cerveza-2016\/estefania-jimenez\/\" border=\"0\" itemprop=\"url\"> <meta itemprop=\"width\" content=\"421\"> <meta itemprop=\"height\" content=\"431\"> <img decoding=\"async\" class=\"\" data-attachment-id=\"67219\" data-orig-file=\"https:\/\/eltrabajo.cl\/portal\/wp-content\/uploads\/2016\/02\/Estefania-Jimenez.jpg\" data-orig-size=\"529,542\" data-comments-opened=\"1\" data-image-meta=\"{&quot;aperture&quot;:&quot;0&quot;,&quot;credit&quot;:&quot;&quot;,&quot;camera&quot;:&quot;&quot;,&quot;caption&quot;:&quot;&quot;,&quot;created_timestamp&quot;:&quot;0&quot;,&quot;copyright&quot;:&quot;&quot;,&quot;focal_length&quot;:&quot;0&quot;,&quot;iso&quot;:&quot;0&quot;,&quot;shutter_speed&quot;:&quot;0&quot;,&quot;title&quot;:&quot;&quot;,&quot;orientation&quot;:&quot;0&quot;}\" data-image-title=\"Estefan\u00eda Jim\u00e9nez Colarte, representa a Radio Cristal.\" data-image-description=\"&lt;p&gt;Estefan\u00eda Jim\u00e9nez Colarte, representa a Radio Cristal.&lt;\/p&gt; \" data-medium-file=\"https:\/\/i0.wp.com\/eltrabajo.cl\/portal\/wp-content\/uploads\/2016\/02\/Estefania-Jimenez.jpg?fit=293%2C300&#038;ssl=1\" data-large-file=\"https:\/\/i0.wp.com\/eltrabajo.cl\/portal\/wp-content\/uploads\/2016\/02\/Estefania-Jimenez.jpg?fit=529%2C542&#038;ssl=1\" src=\"https:\/\/i0.wp.com\/eltrabajo.cl\/portal\/wp-content\/uploads\/2016\/02\/Estefania-Jimenez.jpg?w=421&#038;h=431&#038;ssl=1\" srcset=\"https:\/\/i0.wp.com\/eltrabajo.cl\/portal\/wp-content\/uploads\/2016\/02\/Estefania-Jimenez.jpg?w=529&amp;ssl=1 529w, https:\/\/i0.wp.com\/eltrabajo.cl\/portal\/wp-content\/uploads\/2016\/02\/Estefania-Jimenez.jpg?resize=146%2C150&amp;ssl=1 146w, https:\/\/i0.wp.com\/eltrabajo.cl\/portal\/wp-content\/uploads\/2016\/02\/Estefania-Jimenez.jpg?resize=293%2C300&amp;ssl=1 293w, https:\/\/i0.wp.com\/eltrabajo.cl\/portal\/wp-content\/uploads\/2016\/02\/Estefania-Jimenez.jpg?resize=400%2C410&amp;ssl=1 400w\" width=\"421\" height=\"431\" loading=\"lazy\" data-original-width=\"421\" data-original-height=\"431\" itemprop=\"http:\/\/schema.org\/image\" title=\"Estefan\u00eda Jim\u00e9nez Colarte, representa a Radio Cristal.\" alt=\"Estefan\u00eda Jim\u00e9nez Colarte, representa a Radio Cristal.\" style=\"width: 421px; height: 431px;\" \/> <\/a> <div class=\"tiled-gallery-caption\" itemprop=\"caption description\"> Estefan\u00eda Jim\u00e9nez Colarte, representa a Radio Cristal. <\/div> <\/div> <\/div> <!-- close group --> <div class=\"gallery-group images-2\" style=\"width: 215px; height: 435px;\" data-original-width=\"215\" data-original-height=\"435\" > <div class=\"tiled-gallery-item tiled-gallery-item-small\" itemprop=\"associatedMedia\" itemscope itemtype=\"http:\/\/schema.org\/ImageObject\"> <a href=\"https:\/\/eltrabajo.cl\/portal\/cinco-bellezas-aconcaguinas-quieren-ser-la-reina-de-la-cerveza-2016\/flavia-vera\/\" border=\"0\" itemprop=\"url\"> <meta itemprop=\"width\" content=\"211\"> <meta itemprop=\"height\" content=\"222\"> <img decoding=\"async\" class=\"\" data-attachment-id=\"67220\" data-orig-file=\"https:\/\/eltrabajo.cl\/portal\/wp-content\/uploads\/2016\/02\/Flavia-Vera.jpg\" data-orig-size=\"529,557\" data-comments-opened=\"1\" data-image-meta=\"{&quot;aperture&quot;:&quot;0&quot;,&quot;credit&quot;:&quot;&quot;,&quot;camera&quot;:&quot;&quot;,&quot;caption&quot;:&quot;&quot;,&quot;created_timestamp&quot;:&quot;0&quot;,&quot;copyright&quot;:&quot;&quot;,&quot;focal_length&quot;:&quot;0&quot;,&quot;iso&quot;:&quot;0&quot;,&quot;shutter_speed&quot;:&quot;0&quot;,&quot;title&quot;:&quot;&quot;,&quot;orientation&quot;:&quot;0&quot;}\" data-image-title=\"Flavia Vera Olgu\u00edn, representa a Radio L\u00edder de San Felipe.\" data-image-description=\"&lt;p&gt;Flavia Vera Olgu\u00edn, representa a Radio L\u00edder de San Felipe.&lt;\/p&gt; \" data-medium-file=\"https:\/\/i0.wp.com\/eltrabajo.cl\/portal\/wp-content\/uploads\/2016\/02\/Flavia-Vera.jpg?fit=285%2C300&#038;ssl=1\" data-large-file=\"https:\/\/i0.wp.com\/eltrabajo.cl\/portal\/wp-content\/uploads\/2016\/02\/Flavia-Vera.jpg?fit=529%2C557&#038;ssl=1\" src=\"https:\/\/i0.wp.com\/eltrabajo.cl\/portal\/wp-content\/uploads\/2016\/02\/Flavia-Vera.jpg?w=211&#038;h=222&#038;ssl=1\" srcset=\"https:\/\/i0.wp.com\/eltrabajo.cl\/portal\/wp-content\/uploads\/2016\/02\/Flavia-Vera.jpg?w=529&amp;ssl=1 529w, https:\/\/i0.wp.com\/eltrabajo.cl\/portal\/wp-content\/uploads\/2016\/02\/Flavia-Vera.jpg?resize=142%2C150&amp;ssl=1 142w, https:\/\/i0.wp.com\/eltrabajo.cl\/portal\/wp-content\/uploads\/2016\/02\/Flavia-Vera.jpg?resize=285%2C300&amp;ssl=1 285w, https:\/\/i0.wp.com\/eltrabajo.cl\/portal\/wp-content\/uploads\/2016\/02\/Flavia-Vera.jpg?resize=400%2C421&amp;ssl=1 400w\" width=\"211\" height=\"222\" loading=\"lazy\" data-original-width=\"211\" data-original-height=\"222\" itemprop=\"http:\/\/schema.org\/image\" title=\"Flavia Vera Olgu\u00edn, representa a Radio L\u00edder de San Felipe.\" alt=\"Flavia Vera Olgu\u00edn, representa a Radio L\u00edder de San Felipe.\" style=\"width: 211px; height: 222px;\" \/> <\/a> <div class=\"tiled-gallery-caption\" itemprop=\"caption description\"> Flavia Vera Olgu\u00edn, representa a Radio L\u00edder de San Felipe. <\/div> <\/div> <div class=\"tiled-gallery-item tiled-gallery-item-small\" itemprop=\"associatedMedia\" itemscope itemtype=\"http:\/\/schema.org\/ImageObject\"> <a href=\"https:\/\/eltrabajo.cl\/portal\/cinco-bellezas-aconcaguinas-quieren-ser-la-reina-de-la-cerveza-2016\/karina-milla\/\" border=\"0\" itemprop=\"url\"> <meta itemprop=\"width\" content=\"211\"> <meta itemprop=\"height\" content=\"205\"> <img decoding=\"async\" class=\"\" data-attachment-id=\"67221\" data-orig-file=\"https:\/\/eltrabajo.cl\/portal\/wp-content\/uploads\/2016\/02\/Karina-Milla.jpg\" data-orig-size=\"529,515\" data-comments-opened=\"1\" data-image-meta=\"{&quot;aperture&quot;:&quot;0&quot;,&quot;credit&quot;:&quot;&quot;,&quot;camera&quot;:&quot;&quot;,&quot;caption&quot;:&quot;&quot;,&quot;created_timestamp&quot;:&quot;0&quot;,&quot;copyright&quot;:&quot;&quot;,&quot;focal_length&quot;:&quot;0&quot;,&quot;iso&quot;:&quot;0&quot;,&quot;shutter_speed&quot;:&quot;0&quot;,&quot;title&quot;:&quot;&quot;,&quot;orientation&quot;:&quot;0&quot;}\" data-image-title=\"Karina Milla Campos, representa a Radio Preludio.\" data-image-description=\"&lt;p&gt;Karina Milla Campos, representa a Radio Preludio.&lt;\/p&gt; \" data-medium-file=\"https:\/\/i0.wp.com\/eltrabajo.cl\/portal\/wp-content\/uploads\/2016\/02\/Karina-Milla.jpg?fit=300%2C292&#038;ssl=1\" data-large-file=\"https:\/\/i0.wp.com\/eltrabajo.cl\/portal\/wp-content\/uploads\/2016\/02\/Karina-Milla.jpg?fit=529%2C515&#038;ssl=1\" src=\"https:\/\/i0.wp.com\/eltrabajo.cl\/portal\/wp-content\/uploads\/2016\/02\/Karina-Milla.jpg?w=211&#038;h=205&#038;ssl=1\" srcset=\"https:\/\/i0.wp.com\/eltrabajo.cl\/portal\/wp-content\/uploads\/2016\/02\/Karina-Milla.jpg?w=529&amp;ssl=1 529w, https:\/\/i0.wp.com\/eltrabajo.cl\/portal\/wp-content\/uploads\/2016\/02\/Karina-Milla.jpg?resize=154%2C150&amp;ssl=1 154w, https:\/\/i0.wp.com\/eltrabajo.cl\/portal\/wp-content\/uploads\/2016\/02\/Karina-Milla.jpg?resize=300%2C292&amp;ssl=1 300w, https:\/\/i0.wp.com\/eltrabajo.cl\/portal\/wp-content\/uploads\/2016\/02\/Karina-Milla.jpg?resize=400%2C389&amp;ssl=1 400w\" width=\"211\" height=\"205\" loading=\"lazy\" data-original-width=\"211\" data-original-height=\"205\" itemprop=\"http:\/\/schema.org\/image\" title=\"Karina Milla Campos, representa a Radio Preludio.\" alt=\"Karina Milla Campos, representa a Radio Preludio.\" style=\"width: 211px; height: 205px;\" \/> <\/a> <div class=\"tiled-gallery-caption\" itemprop=\"caption description\"> Karina Milla Campos, representa a Radio Preludio. <\/div> <\/div> <\/div> <!-- close group --> <\/div> <!-- close row --> <div class=\"gallery-row\" style=\"width: 640px; height: 304px;\" data-original-width=\"640\" data-original-height=\"304\" > <div class=\"gallery-group images-1\" style=\"width: 330px; height: 304px;\" data-original-width=\"330\" data-original-height=\"304\" > <div class=\"tiled-gallery-item tiled-gallery-item-large\" itemprop=\"associatedMedia\" itemscope itemtype=\"http:\/\/schema.org\/ImageObject\"> <a href=\"https:\/\/eltrabajo.cl\/portal\/cinco-bellezas-aconcaguinas-quieren-ser-la-reina-de-la-cerveza-2016\/morin-zamora\/\" border=\"0\" itemprop=\"url\"> <meta itemprop=\"width\" content=\"326\"> <meta itemprop=\"height\" content=\"300\"> <img decoding=\"async\" class=\"\" data-attachment-id=\"67222\" data-orig-file=\"https:\/\/eltrabajo.cl\/portal\/wp-content\/uploads\/2016\/02\/Morin-Zamora.jpg\" data-orig-size=\"529,488\" data-comments-opened=\"1\" data-image-meta=\"{&quot;aperture&quot;:&quot;0&quot;,&quot;credit&quot;:&quot;&quot;,&quot;camera&quot;:&quot;&quot;,&quot;caption&quot;:&quot;&quot;,&quot;created_timestamp&quot;:&quot;0&quot;,&quot;copyright&quot;:&quot;&quot;,&quot;focal_length&quot;:&quot;0&quot;,&quot;iso&quot;:&quot;0&quot;,&quot;shutter_speed&quot;:&quot;0&quot;,&quot;title&quot;:&quot;&quot;,&quot;orientation&quot;:&quot;0&quot;}\" data-image-title=\"Mor\u00edn Zamora Riquelme, edad 18 a\u00f1os. Signo Virgo. Representa a Diario El Trabajo.\" data-image-description=\"&lt;p&gt;Mor\u00edn Zamora Riquelme, edad 18 a\u00f1os. Signo Virgo. Representa a Diario El Trabajo.&lt;\/p&gt; \" data-medium-file=\"https:\/\/i0.wp.com\/eltrabajo.cl\/portal\/wp-content\/uploads\/2016\/02\/Morin-Zamora.jpg?fit=300%2C277&#038;ssl=1\" data-large-file=\"https:\/\/i0.wp.com\/eltrabajo.cl\/portal\/wp-content\/uploads\/2016\/02\/Morin-Zamora.jpg?fit=529%2C488&#038;ssl=1\" src=\"https:\/\/i0.wp.com\/eltrabajo.cl\/portal\/wp-content\/uploads\/2016\/02\/Morin-Zamora.jpg?w=326&#038;h=300&#038;ssl=1\" srcset=\"https:\/\/i0.wp.com\/eltrabajo.cl\/portal\/wp-content\/uploads\/2016\/02\/Morin-Zamora.jpg?w=529&amp;ssl=1 529w, https:\/\/i0.wp.com\/eltrabajo.cl\/portal\/wp-content\/uploads\/2016\/02\/Morin-Zamora.jpg?resize=163%2C150&amp;ssl=1 163w, https:\/\/i0.wp.com\/eltrabajo.cl\/portal\/wp-content\/uploads\/2016\/02\/Morin-Zamora.jpg?resize=300%2C277&amp;ssl=1 300w, https:\/\/i0.wp.com\/eltrabajo.cl\/portal\/wp-content\/uploads\/2016\/02\/Morin-Zamora.jpg?resize=400%2C369&amp;ssl=1 400w\" width=\"326\" height=\"300\" loading=\"lazy\" data-original-width=\"326\" data-original-height=\"300\" itemprop=\"http:\/\/schema.org\/image\" title=\"Mor\u00edn Zamora Riquelme, edad 18 a\u00f1os. Signo Virgo. Representa a Diario El Trabajo.\" alt=\"Mor\u00edn Zamora Riquelme, edad 18 a\u00f1os. Signo Virgo. Representa a Diario El Trabajo.\" style=\"width: 326px; height: 300px;\" \/> <\/a> <div class=\"tiled-gallery-caption\" itemprop=\"caption description\"> Mor\u00edn Zamora Riquelme, edad 18 a\u00f1os. Signo Virgo. Representa a Diario El Trabajo. <\/div> <\/div> <\/div> <!-- close group --> <div class=\"gallery-group images-1\" style=\"width: 310px; height: 304px;\" data-original-width=\"310\" data-original-height=\"304\" > <div class=\"tiled-gallery-item tiled-gallery-item-large\" itemprop=\"associatedMedia\" itemscope itemtype=\"http:\/\/schema.org\/ImageObject\"> <a href=\"https:\/\/eltrabajo.cl\/portal\/cinco-bellezas-aconcaguinas-quieren-ser-la-reina-de-la-cerveza-2016\/patricia-campos\/\" border=\"0\" itemprop=\"url\"> <meta itemprop=\"width\" content=\"306\"> <meta itemprop=\"height\" content=\"300\"> <img decoding=\"async\" class=\"\" data-attachment-id=\"67223\" data-orig-file=\"https:\/\/eltrabajo.cl\/portal\/wp-content\/uploads\/2016\/02\/Patricia-Campos.jpg\" data-orig-size=\"529,519\" data-comments-opened=\"1\" data-image-meta=\"{&quot;aperture&quot;:&quot;0&quot;,&quot;credit&quot;:&quot;&quot;,&quot;camera&quot;:&quot;&quot;,&quot;caption&quot;:&quot;&quot;,&quot;created_timestamp&quot;:&quot;0&quot;,&quot;copyright&quot;:&quot;&quot;,&quot;focal_length&quot;:&quot;0&quot;,&quot;iso&quot;:&quot;0&quot;,&quot;shutter_speed&quot;:&quot;0&quot;,&quot;title&quot;:&quot;&quot;,&quot;orientation&quot;:&quot;0&quot;}\" data-image-title=\"Patricia Campos Fabres, representa a Radio Aconcagua.\" data-image-description=\"&lt;p&gt;Patricia Campos Fabres, representa a Radio Aconcagua.&lt;\/p&gt; \" data-medium-file=\"https:\/\/i0.wp.com\/eltrabajo.cl\/portal\/wp-content\/uploads\/2016\/02\/Patricia-Campos.jpg?fit=300%2C294&#038;ssl=1\" data-large-file=\"https:\/\/i0.wp.com\/eltrabajo.cl\/portal\/wp-content\/uploads\/2016\/02\/Patricia-Campos.jpg?fit=529%2C519&#038;ssl=1\" src=\"https:\/\/i0.wp.com\/eltrabajo.cl\/portal\/wp-content\/uploads\/2016\/02\/Patricia-Campos.jpg?w=306&#038;h=300&#038;ssl=1\" srcset=\"https:\/\/i0.wp.com\/eltrabajo.cl\/portal\/wp-content\/uploads\/2016\/02\/Patricia-Campos.jpg?w=529&amp;ssl=1 529w, https:\/\/i0.wp.com\/eltrabajo.cl\/portal\/wp-content\/uploads\/2016\/02\/Patricia-Campos.jpg?resize=153%2C150&amp;ssl=1 153w, https:\/\/i0.wp.com\/eltrabajo.cl\/portal\/wp-content\/uploads\/2016\/02\/Patricia-Campos.jpg?resize=300%2C294&amp;ssl=1 300w, https:\/\/i0.wp.com\/eltrabajo.cl\/portal\/wp-content\/uploads\/2016\/02\/Patricia-Campos.jpg?resize=400%2C392&amp;ssl=1 400w\" width=\"306\" height=\"300\" loading=\"lazy\" data-original-width=\"306\" data-original-height=\"300\" itemprop=\"http:\/\/schema.org\/image\" title=\"Patricia Campos Fabres, representa a Radio Aconcagua.\" alt=\"Patricia Campos Fabres, representa a Radio Aconcagua.\" style=\"width: 306px; height: 300px;\" \/> <\/a> <div class=\"tiled-gallery-caption\" itemprop=\"caption description\"> Patricia Campos Fabres, representa a Radio Aconcagua. <\/div> <\/div> <\/div> <!-- close group --> <\/div> <!-- close row --> <\/div>\n","protected":false},"excerpt":{"rendered":"<p>El domingo se sabr\u00e1 qui\u00e9n de ellas ser\u00e1 la soberana. Durante la ma\u00f1ana de ayer jueves y en el marco de un desayuno ofrecido a los medios de comunicaci\u00f3n, se realiz\u00f3 oficialmente&#8230;<\/p>\n","protected":false},"author":1,"featured_media":67218,"comment_status":"open","ping_status":"open","sticky":false,"template":"","format":"standard","meta":{"advanced_seo_description":"","jetpack_seo_html_title":"","jetpack_seo_noindex":false,"_jetpack_memberships_contains_paid_content":false,"footnotes":""},"categories":[15],"tags":[],"class_list":["post-67217","post","type-post","status-publish","format-standard","has-post-thumbnail","hentry","category-comunidad"],"jetpack_featured_media_url":"https:\/\/i0.wp.com\/eltrabajo.cl\/portal\/wp-content\/uploads\/2016\/02\/Candidatas1.jpg?fit=530%2C350&ssl=1","jetpack_sharing_enabled":true,"jetpack_likes_enabled":true,"jetpack-related-posts":[],"_links":{"self":[{"href":"https:\/\/eltrabajo.cl\/portal\/wp-json\/wp\/v2\/posts\/67217","targetHints":{"allow":["GET"]}}],"collection":[{"href":"https:\/\/eltrabajo.cl\/portal\/wp-json\/wp\/v2\/posts"}],"about":[{"href":"https:\/\/eltrabajo.cl\/portal\/wp-json\/wp\/v2\/types\/post"}],"author":[{"embeddable":true,"href":"https:\/\/eltrabajo.cl\/portal\/wp-json\/wp\/v2\/users\/1"}],"replies":[{"embeddable":true,"href":"https:\/\/eltrabajo.cl\/portal\/wp-json\/wp\/v2\/comments?post=67217"}],"version-history":[{"count":0,"href":"https:\/\/eltrabajo.cl\/portal\/wp-json\/wp\/v2\/posts\/67217\/revisions"}],"wp:featuredmedia":[{"embeddable":true,"href":"https:\/\/eltrabajo.cl\/portal\/wp-json\/wp\/v2\/media\/67218"}],"wp:attachment":[{"href":"https:\/\/eltrabajo.cl\/portal\/wp-json\/wp\/v2\/media?parent=67217"}],"wp:term":[{"taxonomy":"category","embeddable":true,"href":"https:\/\/eltrabajo.cl\/portal\/wp-json\/wp\/v2\/categories?post=67217"},{"taxonomy":"post_tag","embeddable":true,"href":"https:\/\/eltrabajo.cl\/portal\/wp-json\/wp\/v2\/tags?post=67217"}],"curies":[{"name":"wp","href":"https:\/\/api.w.org\/{rel}","templated":true}]}}