{"id":67226,"date":"2016-02-26T09:28:00","date_gmt":"2016-02-26T12:28:00","guid":{"rendered":"http:\/\/www.eltrabajo.cl\/portal\/?p=67226"},"modified":"2016-02-26T09:28:00","modified_gmt":"2016-02-26T12:28:00","slug":"multas-de-hasta-mil-utm-podria-recibir-codelco-por-derrame-de-concentrado","status":"publish","type":"post","link":"https:\/\/eltrabajo.cl\/portal\/multas-de-hasta-mil-utm-podria-recibir-codelco-por-derrame-de-concentrado\/","title":{"rendered":"Multas de hasta mil UTM podr\u00eda recibir Codelco por derrame de concentrado"},"content":{"rendered":"<p><strong>Rotura de tuber\u00eda provoca derrame de 50.000 litros de concentrado de cobre sobre las aguas del R\u00edo Blanco<\/strong><\/p>\n<p>La sanitaria asegur\u00f3 que cerr\u00f3 inmediatamente sus compuertas de captaci\u00f3n en la planta El Sauce y asegur\u00f3 que los aconcag\u00fcinos pueden estar seguros de que no consumir\u00e1n contaminantes en el vital elemento.<br \/>\nUna situaci\u00f3n de emergencia que caus\u00f3 alarma ambiental en las autoridades de las Provincias de Los Andes y San Felipe, fue la que se suscit\u00f3 ayer a eso de las 07.45 de la ma\u00f1ana, momento en que se produjo la rotura de una tuber\u00eda que transporta concentrado de cobre desde la mina hasta Saladillo. La ca\u00f1er\u00eda se habr\u00eda roto en este \u00faltimo punto, provocando el derrame del mineral sobre las aguas del R\u00edo Blanco y, de acuerdo a las primeras indagaciones, habr\u00eda provocado el esparcimiento de unos 50 m3 del material sobre el afluente.<br \/>\nAnte el inminente riesgo de contaminaci\u00f3n del torrente, la autoridad sanitaria junto con la Empresa Sanitaria Esval, optaron por bloquear de inmediato los accesos por donde la empresa capta al recurso para su posterior potabilizaci\u00f3n en la Planta El Sauce, misma determinaci\u00f3n que tomaron los canalistas de la primera secci\u00f3n del R\u00edo Aconcagua, quienes decidieron cerrar todas las bocatomas de sus canales, puesto que algunos de ellos abastecen la producci\u00f3n de algunas cooperativas de Agua Potable Rural, APR, del Valle de Aconcagua.<br \/>\nAs\u00ed lo inform\u00f3 Mario M\u00e9ndez, Jefe de la Oficina Provincial de la Seremi de Salud Aconcagua, quien se refiri\u00f3 a las acciones que la autoridad sanitaria llev\u00f3 a cabo durante el momento de la emergencia, describiendo que \u201cnosotros en este momento estamos en un proceso investigativo, junto con otras instituciones del Estado, que tienen que velar porque efectivamente las actividades de esta naturaleza se hagan dentro del marco de la normativa legal vigente, principalmente en el \u00e1mbito ambiental\u201d, destac\u00f3, agregando que \u201cen el aspecto sanitario nosotros ya activamos los protocolos de seguridad\u2026 es algo que a\u00fan est\u00e1 en desarrollo, estamos tomando muestras de agua y por otro lado, hay un equipo de ingenieros qu\u00edmicos y ambientales especialistas de la Seremi de Salud, en el lugar para realizar la investigaci\u00f3n correspondiente\u201d, expuso.<br \/>\nRespecto de posibles sanciones en contra de la Estatal, M\u00e9ndez afirm\u00f3 que \u201cde acuerdo a los antecedentes de una situaci\u00f3n que como dije est\u00e1 en desarrollo, lo m\u00e1s probable es que termine con un sumario sanitario en lo que a nosotros respecta como Seremi de Salud y tambi\u00e9n otros \u00f3rganos del Estado que est\u00e1n realizando la vigilancia y si es que se comprueban las responsabilidades, existir\u00e1n sanciones que est\u00e1n instaladas en el c\u00f3digo sanitario y que tienen que ver con multas que pueden llegar a las 1.000 UTM\u201d.<br \/>\nLa Gobernadora de la Provincia de Los Andes, Mar\u00eda Victoria Rodr\u00edguez, lament\u00f3 la situaci\u00f3n y cont\u00f3 c\u00f3mo se llevaron a cabo los mecanismos de emergencia para tratar de controlar esta situaci\u00f3n, relatando que \u201cinmediatamente se tomaron todas las medidas para cortar los conductos que van desde el R\u00edo Blanco al R\u00edo Aconcagua, se avis\u00f3 a Esval para que cerrara sus compuertas y tambi\u00e9n a los regantes para evitar que se regaran terrenos con alg\u00fan contaminante\u201d, detall\u00f3.<br \/>\nAs\u00ed mismo, Rodr\u00edguez asegur\u00f3 que la respuesta de distintas instancias fue bastante r\u00e1pida con el objetivo de reducir el impacto que esta situaci\u00f3n pueda generar en el Valle de Aconcagua, y cont\u00f3 que \u201ctrabajaron en el lugar Sernageomin, las seremis de Salud, Medioambiente y de Miner\u00eda y la Onemi, tomando medidas para controlar este accidente ambiental y las consecuencias que puede tener para la comunidad aconcag\u00fcina\u201d, esboz\u00f3.<br \/>\nSi bien la m\u00e1xima autoridad de la Provincia de Los Andes admiti\u00f3 que este tipo de hechos genera preocupaci\u00f3n, entreg\u00f3 un mensaje de tranquilidad a la comunidad, pues Esval afirm\u00f3 que no exist\u00eda ninguna posibilidad de que las personas del Valle puedan llegar a consumir agua contaminada.<br \/>\n\u201cSe est\u00e1 utilizando agua de pozo, el agua que nosotros estamos consumiendo en este momento no es del R\u00edo Aconcagua, ellos alcanzaron a cerrar las compuertas, igual est\u00e1n tomando medidas y evaluando la cantidad de concentrado que cay\u00f3 y el da\u00f1o que puede producir en el sector de R\u00edo Blanco\u201d, expres\u00f3 Rodr\u00edguez.<br \/>\nEsta \u00faltima informaci\u00f3n fue confirmada por Alejando P\u00e9rez, subgerente Zonal de Esval, quien adujo que \u201cnosotros inmediatamente procedimos a parar nuestra planta superficial y con eso se asegura que no estaremos tomando agua de la que proviene desde el lecho del R\u00edo, nosotros continuamos nuestra producci\u00f3n con agua de pozo y esperamos con esto mantener la demanda de la ciudad de Los Andes, sin problema, lo que podr\u00eda ocurrir es una probable baja de presi\u00f3n, pero esperamos mantener el suministro aunque ello va a depender de por cu\u00e1nto se prolongue esta emergencia\u201d, dijo.<br \/>\nAl cierre de esta edici\u00f3n, Esval continuaba con un monitoreo constante del R\u00edo para lograr retomar cuanto antes la normalidad en la producci\u00f3n, sin embargo, fue necesario realizar un corte de agua transitorio desde las 15 horas en el sector suroriente de la Provincia de Los Andes, espec\u00edficamente en los sectores de Villa Minera Andina, La Gloria, El Horizonte, El Remanso y Virgen del Valle, adem\u00e1s de Pedro Aguirre Cerda en la comuna de Calle Larga, lugares hasta donde se destinaron estanques estacionarios y camiones aljibes por parte de la sanitaria.<br \/>\nUno de los da\u00f1os colaterales que produjo el derrame de concentrado de Cobre en R\u00edo Blanco fue la inundaci\u00f3n de la Escuela b\u00e1sica del Sector, la cual tambi\u00e9n recibi\u00f3 parte del material esparcido durante el accidente.<\/p>\n<p><strong>GRAVE INCIDENTE<\/strong><br \/>\nPor su parte el Gerente de sustentabilidad y asuntos externos de Codelco Andina, Jorge Sanhueza, reconoci\u00f3 \u201cla gravedad del incidente, por ello estamos desplegando todos los esfuerzos para superar la emergencia y controlar su impacto. Comprendemos que esto genere preocupaci\u00f3n, especialmente a los regantes y a quienes consumen estas aguas\u201d.<br \/>\n<strong>&#8211; \u00bfQu\u00e9 peligro reviste esto para las personas?<\/strong><br \/>\n&#8211; Naturalmente el concentrado de cobre no es algo que las personas puedan consumir. Su peligro depende de la cantidad en que se mezcle con el agua. En este caso se trata de 7 litros por segundo de concentrado en un caudal de 7.600 litros por segundo de agua, durante dos horas y media. Es una cantidad menor para el caudal del r\u00edo. No obstante, entendemos perfectamente la preocupaci\u00f3n que genera en las personas, por eso estamos tomando todas las medidas para superar la emergencia.<br \/>\n<strong>&#8211; \u00bfHabr\u00e1 una investigaci\u00f3n y sanciones por este incidente?<\/strong><br \/>\n&#8211; La investigaci\u00f3n la comenzamos hoy mismo, y una vez concluida podremos determinar las responsabilidades y sanciones correspondientes.<\/p>\n<p><strong>Representantes de Andina afirman que niveles de contaminaci\u00f3n\u00a0<\/strong><strong>no mostraron variaciones significativas<\/strong><br \/>\nEl Gerente (s) de Sustentabilidad y Asuntos Externos de la Divisi\u00f3n Andina de Codelco, Humberto Rivas, asegur\u00f3 que la situaci\u00f3n del derrame de concentrado de cobre hacia las aguas del r\u00edo Blanco se encuentra bajo control y que los niveles de contaminaci\u00f3n del r\u00edo no mostraron una variaci\u00f3n significativa.<br \/>\nRivas llam\u00f3 a la calma a la poblaci\u00f3n de Los Andes, ya que una vez producida la emergencia se activaron todos los protocolos de emergencia y comunicaciones, de tal forma que la situaci\u00f3n fuera controlada r\u00e1pidamente, \u00aby ahora la situaci\u00f3n est\u00e1 absolutamente bajo control, no hay ninguna contaminaci\u00f3n en estos momentos, nuestros equipos y cuadrillas de limpieza ya terminaron de hacer todas las reparaciones necesarias, por lo tanto yo quiero llamar a la calma a la poblaci\u00f3n porque ya la situaci\u00f3n est\u00e1 normalizada\u00bb.<br \/>\nEl Gerente asegur\u00f3 que cuentan con estaciones de monitoreo en l\u00ednea del r\u00edo Blanco, \u00aby estas no mostraron ninguna variaci\u00f3n significativa, por lo tanto eso es muy buen indicador de que la situaci\u00f3n est\u00e1 b\u00e1sicamente normal\u00bb.<br \/>\nPrecis\u00f3 que el concentrado de cobre vertido en las aguas es un producto bastante manejable y que \u00abno tiene mayores problemas, adem\u00e1s de la cantidad de agua presente en el r\u00edo a la hora que ocurri\u00f3 el incidente hace que el impacto sea menor\u00bb.<br \/>\nA\u00f1adi\u00f3 que cuentan con cuadrillas de monitoreo en todos los sectores del r\u00edo que fueron desplegadas desde el inicio de la emergencia.<br \/>\nRivas dijo que demorar\u00e1 algunos d\u00edas en el retiro del material que est\u00e1 siendo decantado hacia las orillas del cauce, \u00abpero aqu\u00ed lo importante es el agua, porque el agua que fluye por el r\u00edo en estos momentos est\u00e1 en condici\u00f3n normal y desde el momento en que la situaci\u00f3n se normaliz\u00f3 no hay ning\u00fan riesgo para la poblaci\u00f3n y por eso llamo a la calma, porque estamos coordinados con las autoridades sanitarias a cargo de los sistemas de agua potable\u00bb.<\/p>\n<p>&nbsp;<\/p>\n<div class=\"tiled-gallery type-rectangular tiled-gallery-unresized\" data-original-width=\"640\" data-carousel-extra='null' itemscope itemtype=\"http:\/\/schema.org\/ImageGallery\" > <div class=\"gallery-row\" style=\"width: 640px; height: 283px;\" data-original-width=\"640\" data-original-height=\"283\" > <div class=\"gallery-group images-1\" style=\"width: 428px; height: 283px;\" data-original-width=\"428\" data-original-height=\"283\" > <div class=\"tiled-gallery-item tiled-gallery-item-large\" itemprop=\"associatedMedia\" itemscope itemtype=\"http:\/\/schema.org\/ImageObject\"> <a href=\"https:\/\/eltrabajo.cl\/portal\/multas-de-hasta-mil-utm-podria-recibir-codelco-por-derrame-de-concentrado\/foto-5-algunos-jovenes-llegaron-hasta-el-exterior-del-edificio-corporativo-de-codelco-para-protestar-contra-el-dano-ambiental-que-causa-la-intervencion-de-la-cuprifera\/\" border=\"0\" itemprop=\"url\"> <meta itemprop=\"width\" content=\"424\"> <meta itemprop=\"height\" content=\"279\"> <img decoding=\"async\" class=\"\" data-attachment-id=\"67231\" data-orig-file=\"https:\/\/eltrabajo.cl\/portal\/wp-content\/uploads\/2016\/02\/FOTO-5-ALGUNOS-JOVENES-LLEGARON-HASTA-EL-EXTERIOR-DEL-EDIFICIO-CORPORATIVO-DE-CODELCO-PARA-PROTESTAR-CONTRA-EL-DANO-AMBIENTAL-QUE-CAUSA-LA-INTERVENCION-DE-LA-CUPRIFERA.jpg\" data-orig-size=\"530,349\" data-comments-opened=\"1\" data-image-meta=\"{&quot;aperture&quot;:&quot;0&quot;,&quot;credit&quot;:&quot;&quot;,&quot;camera&quot;:&quot;&quot;,&quot;caption&quot;:&quot;&quot;,&quot;created_timestamp&quot;:&quot;0&quot;,&quot;copyright&quot;:&quot;&quot;,&quot;focal_length&quot;:&quot;0&quot;,&quot;iso&quot;:&quot;0&quot;,&quot;shutter_speed&quot;:&quot;0&quot;,&quot;title&quot;:&quot;&quot;,&quot;orientation&quot;:&quot;0&quot;}\" data-image-title=\"Algunos j\u00f3venes llegaron hasta el exterior del edificio corporativo de Codelco para protestar contra el da\u00f1o ambiental que causa la intervenci\u00f3n de la cupr\u00edfera.\" data-image-description=\"&lt;p&gt;Algunos j\u00f3venes llegaron hasta el exterior del edificio corporativo de Codelco para protestar contra el da\u00f1o ambiental que causa la intervenci\u00f3n de la cupr\u00edfera.&lt;\/p&gt; \" data-medium-file=\"https:\/\/i0.wp.com\/eltrabajo.cl\/portal\/wp-content\/uploads\/2016\/02\/FOTO-5-ALGUNOS-JOVENES-LLEGARON-HASTA-EL-EXTERIOR-DEL-EDIFICIO-CORPORATIVO-DE-CODELCO-PARA-PROTESTAR-CONTRA-EL-DANO-AMBIENTAL-QUE-CAUSA-LA-INTERVENCION-DE-LA-CUPRIFERA.jpg?fit=300%2C198&#038;ssl=1\" data-large-file=\"https:\/\/i0.wp.com\/eltrabajo.cl\/portal\/wp-content\/uploads\/2016\/02\/FOTO-5-ALGUNOS-JOVENES-LLEGARON-HASTA-EL-EXTERIOR-DEL-EDIFICIO-CORPORATIVO-DE-CODELCO-PARA-PROTESTAR-CONTRA-EL-DANO-AMBIENTAL-QUE-CAUSA-LA-INTERVENCION-DE-LA-CUPRIFERA.jpg?fit=530%2C349&#038;ssl=1\" src=\"https:\/\/i0.wp.com\/eltrabajo.cl\/portal\/wp-content\/uploads\/2016\/02\/FOTO-5-ALGUNOS-JOVENES-LLEGARON-HASTA-EL-EXTERIOR-DEL-EDIFICIO-CORPORATIVO-DE-CODELCO-PARA-PROTESTAR-CONTRA-EL-DANO-AMBIENTAL-QUE-CAUSA-LA-INTERVENCION-DE-LA-CUPRIFERA.jpg?w=424&#038;h=279&#038;ssl=1\" srcset=\"https:\/\/i0.wp.com\/eltrabajo.cl\/portal\/wp-content\/uploads\/2016\/02\/FOTO-5-ALGUNOS-JOVENES-LLEGARON-HASTA-EL-EXTERIOR-DEL-EDIFICIO-CORPORATIVO-DE-CODELCO-PARA-PROTESTAR-CONTRA-EL-DANO-AMBIENTAL-QUE-CAUSA-LA-INTERVENCION-DE-LA-CUPRIFERA.jpg?w=530&amp;ssl=1 530w, https:\/\/i0.wp.com\/eltrabajo.cl\/portal\/wp-content\/uploads\/2016\/02\/FOTO-5-ALGUNOS-JOVENES-LLEGARON-HASTA-EL-EXTERIOR-DEL-EDIFICIO-CORPORATIVO-DE-CODELCO-PARA-PROTESTAR-CONTRA-EL-DANO-AMBIENTAL-QUE-CAUSA-LA-INTERVENCION-DE-LA-CUPRIFERA.jpg?resize=200%2C132&amp;ssl=1 200w, https:\/\/i0.wp.com\/eltrabajo.cl\/portal\/wp-content\/uploads\/2016\/02\/FOTO-5-ALGUNOS-JOVENES-LLEGARON-HASTA-EL-EXTERIOR-DEL-EDIFICIO-CORPORATIVO-DE-CODELCO-PARA-PROTESTAR-CONTRA-EL-DANO-AMBIENTAL-QUE-CAUSA-LA-INTERVENCION-DE-LA-CUPRIFERA.jpg?resize=300%2C198&amp;ssl=1 300w, https:\/\/i0.wp.com\/eltrabajo.cl\/portal\/wp-content\/uploads\/2016\/02\/FOTO-5-ALGUNOS-JOVENES-LLEGARON-HASTA-EL-EXTERIOR-DEL-EDIFICIO-CORPORATIVO-DE-CODELCO-PARA-PROTESTAR-CONTRA-EL-DANO-AMBIENTAL-QUE-CAUSA-LA-INTERVENCION-DE-LA-CUPRIFERA.jpg?resize=228%2C150&amp;ssl=1 228w, https:\/\/i0.wp.com\/eltrabajo.cl\/portal\/wp-content\/uploads\/2016\/02\/FOTO-5-ALGUNOS-JOVENES-LLEGARON-HASTA-EL-EXTERIOR-DEL-EDIFICIO-CORPORATIVO-DE-CODELCO-PARA-PROTESTAR-CONTRA-EL-DANO-AMBIENTAL-QUE-CAUSA-LA-INTERVENCION-DE-LA-CUPRIFERA.jpg?resize=400%2C263&amp;ssl=1 400w\" width=\"424\" height=\"279\" loading=\"lazy\" data-original-width=\"424\" data-original-height=\"279\" itemprop=\"http:\/\/schema.org\/image\" title=\"Algunos j\u00f3venes llegaron hasta el exterior del edificio corporativo de Codelco para protestar contra el da\u00f1o ambiental que causa la intervenci\u00f3n de la cupr\u00edfera.\" alt=\"Algunos j\u00f3venes llegaron hasta el exterior del edificio corporativo de Codelco para protestar contra el da\u00f1o ambiental que causa la intervenci\u00f3n de la cupr\u00edfera.\" style=\"width: 424px; height: 279px;\" \/> <\/a> <div class=\"tiled-gallery-caption\" itemprop=\"caption description\"> Algunos j\u00f3venes llegaron hasta el exterior del edificio corporativo de Codelco para protestar contra el da\u00f1o ambiental que causa la intervenci\u00f3n de la cupr\u00edfera. <\/div> <\/div> <\/div> <!-- close group --> <div class=\"gallery-group images-2\" style=\"width: 212px; height: 283px;\" data-original-width=\"212\" data-original-height=\"283\" > <div class=\"tiled-gallery-item tiled-gallery-item-small\" itemprop=\"associatedMedia\" itemscope itemtype=\"http:\/\/schema.org\/ImageObject\"> <a href=\"https:\/\/eltrabajo.cl\/portal\/multas-de-hasta-mil-utm-podria-recibir-codelco-por-derrame-de-concentrado\/foto-4-escuela-basica-rio-blanco-tambien-recibio-parte-del-concentrado-derramado-en-el-afluente\/\" border=\"0\" itemprop=\"url\"> <meta itemprop=\"width\" content=\"208\"> <meta itemprop=\"height\" content=\"137\"> <img decoding=\"async\" class=\"\" data-attachment-id=\"67230\" data-orig-file=\"https:\/\/eltrabajo.cl\/portal\/wp-content\/uploads\/2016\/02\/FOTO-4-ESCUELA-BASICA-RIO-BLANCO-TAMBIEN-RECIBIO-PARTE-DEL-CONCENTRADO-DERRAMADO-EN-EL-AFLUENTE.jpg\" data-orig-size=\"530,349\" data-comments-opened=\"1\" data-image-meta=\"{&quot;aperture&quot;:&quot;0&quot;,&quot;credit&quot;:&quot;&quot;,&quot;camera&quot;:&quot;&quot;,&quot;caption&quot;:&quot;&quot;,&quot;created_timestamp&quot;:&quot;0&quot;,&quot;copyright&quot;:&quot;&quot;,&quot;focal_length&quot;:&quot;0&quot;,&quot;iso&quot;:&quot;0&quot;,&quot;shutter_speed&quot;:&quot;0&quot;,&quot;title&quot;:&quot;&quot;,&quot;orientation&quot;:&quot;0&quot;}\" data-image-title=\"Escuela B\u00e1sica R\u00edo Blanco tambi\u00e9n recibi\u00f3 parte del concentrado derramado en el afluente.\" data-image-description=\"&lt;p&gt;Escuela B\u00e1sica R\u00edo Blanco tambi\u00e9n recibi\u00f3 parte del concentrado derramado en el afluente.&lt;\/p&gt; \" data-medium-file=\"https:\/\/i0.wp.com\/eltrabajo.cl\/portal\/wp-content\/uploads\/2016\/02\/FOTO-4-ESCUELA-BASICA-RIO-BLANCO-TAMBIEN-RECIBIO-PARTE-DEL-CONCENTRADO-DERRAMADO-EN-EL-AFLUENTE.jpg?fit=300%2C198&#038;ssl=1\" data-large-file=\"https:\/\/i0.wp.com\/eltrabajo.cl\/portal\/wp-content\/uploads\/2016\/02\/FOTO-4-ESCUELA-BASICA-RIO-BLANCO-TAMBIEN-RECIBIO-PARTE-DEL-CONCENTRADO-DERRAMADO-EN-EL-AFLUENTE.jpg?fit=530%2C349&#038;ssl=1\" src=\"https:\/\/i0.wp.com\/eltrabajo.cl\/portal\/wp-content\/uploads\/2016\/02\/FOTO-4-ESCUELA-BASICA-RIO-BLANCO-TAMBIEN-RECIBIO-PARTE-DEL-CONCENTRADO-DERRAMADO-EN-EL-AFLUENTE.jpg?w=208&#038;h=137&#038;ssl=1\" srcset=\"https:\/\/i0.wp.com\/eltrabajo.cl\/portal\/wp-content\/uploads\/2016\/02\/FOTO-4-ESCUELA-BASICA-RIO-BLANCO-TAMBIEN-RECIBIO-PARTE-DEL-CONCENTRADO-DERRAMADO-EN-EL-AFLUENTE.jpg?w=530&amp;ssl=1 530w, https:\/\/i0.wp.com\/eltrabajo.cl\/portal\/wp-content\/uploads\/2016\/02\/FOTO-4-ESCUELA-BASICA-RIO-BLANCO-TAMBIEN-RECIBIO-PARTE-DEL-CONCENTRADO-DERRAMADO-EN-EL-AFLUENTE.jpg?resize=200%2C132&amp;ssl=1 200w, https:\/\/i0.wp.com\/eltrabajo.cl\/portal\/wp-content\/uploads\/2016\/02\/FOTO-4-ESCUELA-BASICA-RIO-BLANCO-TAMBIEN-RECIBIO-PARTE-DEL-CONCENTRADO-DERRAMADO-EN-EL-AFLUENTE.jpg?resize=300%2C198&amp;ssl=1 300w, https:\/\/i0.wp.com\/eltrabajo.cl\/portal\/wp-content\/uploads\/2016\/02\/FOTO-4-ESCUELA-BASICA-RIO-BLANCO-TAMBIEN-RECIBIO-PARTE-DEL-CONCENTRADO-DERRAMADO-EN-EL-AFLUENTE.jpg?resize=228%2C150&amp;ssl=1 228w, https:\/\/i0.wp.com\/eltrabajo.cl\/portal\/wp-content\/uploads\/2016\/02\/FOTO-4-ESCUELA-BASICA-RIO-BLANCO-TAMBIEN-RECIBIO-PARTE-DEL-CONCENTRADO-DERRAMADO-EN-EL-AFLUENTE.jpg?resize=400%2C263&amp;ssl=1 400w\" width=\"208\" height=\"137\" loading=\"lazy\" data-original-width=\"208\" data-original-height=\"137\" itemprop=\"http:\/\/schema.org\/image\" title=\"Escuela B\u00e1sica R\u00edo Blanco tambi\u00e9n recibi\u00f3 parte del concentrado derramado en el afluente.\" alt=\"Escuela B\u00e1sica R\u00edo Blanco tambi\u00e9n recibi\u00f3 parte del concentrado derramado en el afluente.\" style=\"width: 208px; height: 137px;\" \/> <\/a> <div class=\"tiled-gallery-caption\" itemprop=\"caption description\"> Escuela B\u00e1sica R\u00edo Blanco tambi\u00e9n recibi\u00f3 parte del concentrado derramado en el afluente. <\/div> <\/div> <div class=\"tiled-gallery-item tiled-gallery-item-small\" itemprop=\"associatedMedia\" itemscope itemtype=\"http:\/\/schema.org\/ImageObject\"> <a href=\"https:\/\/eltrabajo.cl\/portal\/multas-de-hasta-mil-utm-podria-recibir-codelco-por-derrame-de-concentrado\/este-es-el-sector-del-puente-en-rio-blanco-donde-se-produjo-la-rotura-de-tuberia-que-provoco-el-derrame-de-concentrado\/\" border=\"0\" itemprop=\"url\"> <meta itemprop=\"width\" content=\"208\"> <meta itemprop=\"height\" content=\"138\"> <img decoding=\"async\" class=\"\" data-attachment-id=\"67229\" data-orig-file=\"https:\/\/eltrabajo.cl\/portal\/wp-content\/uploads\/2016\/02\/Este-es-el-sector-del-puente-en-Rio-Blanco-donde-se-produjo-la-rotura-de-tuberia-que-provoco-el-derrame-de-concentrado.jpg\" data-orig-size=\"530,350\" data-comments-opened=\"1\" data-image-meta=\"{&quot;aperture&quot;:&quot;0&quot;,&quot;credit&quot;:&quot;&quot;,&quot;camera&quot;:&quot;&quot;,&quot;caption&quot;:&quot;&quot;,&quot;created_timestamp&quot;:&quot;0&quot;,&quot;copyright&quot;:&quot;&quot;,&quot;focal_length&quot;:&quot;0&quot;,&quot;iso&quot;:&quot;0&quot;,&quot;shutter_speed&quot;:&quot;0&quot;,&quot;title&quot;:&quot;&quot;,&quot;orientation&quot;:&quot;0&quot;}\" data-image-title=\"Este es el sector del puente en R\u00edo Blanco donde se produjo la rotura de tuber\u00eda que provoc\u00f3 el derrame de concentrado que se aprecia en la imagen.\" data-image-description=\"&lt;p&gt;Este es el sector del puente en R\u00edo Blanco donde se produjo la rotura de tuber\u00eda que provoc\u00f3 el derrame de concentrado que se aprecia en la imagen.&lt;\/p&gt; \" data-medium-file=\"https:\/\/i0.wp.com\/eltrabajo.cl\/portal\/wp-content\/uploads\/2016\/02\/Este-es-el-sector-del-puente-en-Rio-Blanco-donde-se-produjo-la-rotura-de-tuberia-que-provoco-el-derrame-de-concentrado.jpg?fit=300%2C198&#038;ssl=1\" data-large-file=\"https:\/\/i0.wp.com\/eltrabajo.cl\/portal\/wp-content\/uploads\/2016\/02\/Este-es-el-sector-del-puente-en-Rio-Blanco-donde-se-produjo-la-rotura-de-tuberia-que-provoco-el-derrame-de-concentrado.jpg?fit=530%2C350&#038;ssl=1\" src=\"https:\/\/i0.wp.com\/eltrabajo.cl\/portal\/wp-content\/uploads\/2016\/02\/Este-es-el-sector-del-puente-en-Rio-Blanco-donde-se-produjo-la-rotura-de-tuberia-que-provoco-el-derrame-de-concentrado.jpg?w=208&#038;h=138&#038;ssl=1\" srcset=\"https:\/\/i0.wp.com\/eltrabajo.cl\/portal\/wp-content\/uploads\/2016\/02\/Este-es-el-sector-del-puente-en-Rio-Blanco-donde-se-produjo-la-rotura-de-tuberia-que-provoco-el-derrame-de-concentrado.jpg?w=530&amp;ssl=1 530w, https:\/\/i0.wp.com\/eltrabajo.cl\/portal\/wp-content\/uploads\/2016\/02\/Este-es-el-sector-del-puente-en-Rio-Blanco-donde-se-produjo-la-rotura-de-tuberia-que-provoco-el-derrame-de-concentrado.jpg?resize=200%2C132&amp;ssl=1 200w, https:\/\/i0.wp.com\/eltrabajo.cl\/portal\/wp-content\/uploads\/2016\/02\/Este-es-el-sector-del-puente-en-Rio-Blanco-donde-se-produjo-la-rotura-de-tuberia-que-provoco-el-derrame-de-concentrado.jpg?resize=300%2C198&amp;ssl=1 300w, https:\/\/i0.wp.com\/eltrabajo.cl\/portal\/wp-content\/uploads\/2016\/02\/Este-es-el-sector-del-puente-en-Rio-Blanco-donde-se-produjo-la-rotura-de-tuberia-que-provoco-el-derrame-de-concentrado.jpg?resize=227%2C150&amp;ssl=1 227w, https:\/\/i0.wp.com\/eltrabajo.cl\/portal\/wp-content\/uploads\/2016\/02\/Este-es-el-sector-del-puente-en-Rio-Blanco-donde-se-produjo-la-rotura-de-tuberia-que-provoco-el-derrame-de-concentrado.jpg?resize=400%2C264&amp;ssl=1 400w\" width=\"208\" height=\"138\" loading=\"lazy\" data-original-width=\"208\" data-original-height=\"138\" itemprop=\"http:\/\/schema.org\/image\" title=\"Este es el sector del puente en R\u00edo Blanco donde se produjo la rotura de tuber\u00eda que provoc\u00f3 el derrame de concentrado que se aprecia en la imagen.\" alt=\"Este es el sector del puente en R\u00edo Blanco donde se produjo la rotura de tuber\u00eda que provoc\u00f3 el derrame de concentrado que se aprecia en la imagen.\" style=\"width: 208px; height: 138px;\" \/> <\/a> <div class=\"tiled-gallery-caption\" itemprop=\"caption description\"> Este es el sector del puente en R\u00edo Blanco donde se produjo la rotura de tuber\u00eda que provoc\u00f3 el derrame de concentrado que se aprecia en la imagen. <\/div> <\/div> <\/div> <!-- close group --> <\/div> <!-- close row --> <div class=\"gallery-row\" style=\"width: 640px; height: 212px;\" data-original-width=\"640\" data-original-height=\"212\" > <div class=\"gallery-group images-1\" style=\"width: 320px; height: 212px;\" data-original-width=\"320\" data-original-height=\"212\" > <div class=\"tiled-gallery-item tiled-gallery-item-large\" itemprop=\"associatedMedia\" itemscope itemtype=\"http:\/\/schema.org\/ImageObject\"> <a href=\"https:\/\/eltrabajo.cl\/portal\/multas-de-hasta-mil-utm-podria-recibir-codelco-por-derrame-de-concentrado\/derra-saladillo6\/\" border=\"0\" itemprop=\"url\"> <meta itemprop=\"width\" content=\"316\"> <meta itemprop=\"height\" content=\"208\"> <img decoding=\"async\" class=\"\" data-attachment-id=\"67228\" data-orig-file=\"https:\/\/eltrabajo.cl\/portal\/wp-content\/uploads\/2016\/02\/derra-saladillo6.jpg\" data-orig-size=\"530,350\" data-comments-opened=\"1\" data-image-meta=\"{&quot;aperture&quot;:&quot;0&quot;,&quot;credit&quot;:&quot;&quot;,&quot;camera&quot;:&quot;&quot;,&quot;caption&quot;:&quot;&quot;,&quot;created_timestamp&quot;:&quot;0&quot;,&quot;copyright&quot;:&quot;&quot;,&quot;focal_length&quot;:&quot;0&quot;,&quot;iso&quot;:&quot;0&quot;,&quot;shutter_speed&quot;:&quot;0&quot;,&quot;title&quot;:&quot;&quot;,&quot;orientation&quot;:&quot;0&quot;}\" data-image-title=\"Personal de Andina se constituy\u00f3 en el lugar y asegur\u00f3 que demorar\u00e1n algunos d\u00edas en retirar el mineral decantado hacia la orilla.\" data-image-description=\"&lt;p&gt;Personal de Andina se constituy\u00f3 en el lugar y asegur\u00f3 que demorar\u00e1n algunos d\u00edas en retirar el mineral decantado hacia la orilla.&lt;\/p&gt; \" data-medium-file=\"https:\/\/i0.wp.com\/eltrabajo.cl\/portal\/wp-content\/uploads\/2016\/02\/derra-saladillo6.jpg?fit=300%2C198&#038;ssl=1\" data-large-file=\"https:\/\/i0.wp.com\/eltrabajo.cl\/portal\/wp-content\/uploads\/2016\/02\/derra-saladillo6.jpg?fit=530%2C350&#038;ssl=1\" src=\"https:\/\/i0.wp.com\/eltrabajo.cl\/portal\/wp-content\/uploads\/2016\/02\/derra-saladillo6.jpg?w=316&#038;h=208&#038;ssl=1\" srcset=\"https:\/\/i0.wp.com\/eltrabajo.cl\/portal\/wp-content\/uploads\/2016\/02\/derra-saladillo6.jpg?w=530&amp;ssl=1 530w, https:\/\/i0.wp.com\/eltrabajo.cl\/portal\/wp-content\/uploads\/2016\/02\/derra-saladillo6.jpg?resize=200%2C132&amp;ssl=1 200w, https:\/\/i0.wp.com\/eltrabajo.cl\/portal\/wp-content\/uploads\/2016\/02\/derra-saladillo6.jpg?resize=300%2C198&amp;ssl=1 300w, https:\/\/i0.wp.com\/eltrabajo.cl\/portal\/wp-content\/uploads\/2016\/02\/derra-saladillo6.jpg?resize=227%2C150&amp;ssl=1 227w, https:\/\/i0.wp.com\/eltrabajo.cl\/portal\/wp-content\/uploads\/2016\/02\/derra-saladillo6.jpg?resize=400%2C264&amp;ssl=1 400w\" width=\"316\" height=\"208\" loading=\"lazy\" data-original-width=\"316\" data-original-height=\"208\" itemprop=\"http:\/\/schema.org\/image\" title=\"Personal de Andina se constituy\u00f3 en el lugar y asegur\u00f3 que demorar\u00e1n algunos d\u00edas en retirar el mineral decantado hacia la orilla.\" alt=\"Personal de Andina se constituy\u00f3 en el lugar y asegur\u00f3 que demorar\u00e1n algunos d\u00edas en retirar el mineral decantado hacia la orilla.\" style=\"width: 316px; height: 208px;\" \/> <\/a> <div class=\"tiled-gallery-caption\" itemprop=\"caption description\"> Personal de Andina se constituy\u00f3 en el lugar y asegur\u00f3 que demorar\u00e1n algunos d\u00edas en retirar el mineral decantado hacia la orilla. <\/div> <\/div> <\/div> <!-- close group --> <div class=\"gallery-group images-1\" style=\"width: 320px; height: 212px;\" data-original-width=\"320\" data-original-height=\"212\" > <div class=\"tiled-gallery-item tiled-gallery-item-large\" itemprop=\"associatedMedia\" itemscope itemtype=\"http:\/\/schema.org\/ImageObject\"> <a href=\"https:\/\/eltrabajo.cl\/portal\/multas-de-hasta-mil-utm-podria-recibir-codelco-por-derrame-de-concentrado\/porta-derrame\/\" border=\"0\" itemprop=\"url\"> <meta itemprop=\"width\" content=\"316\"> <meta itemprop=\"height\" content=\"208\"> <img decoding=\"async\" class=\"\" data-attachment-id=\"67227\" data-orig-file=\"https:\/\/eltrabajo.cl\/portal\/wp-content\/uploads\/2016\/02\/porta-derrame.jpg\" data-orig-size=\"530,349\" data-comments-opened=\"1\" data-image-meta=\"{&quot;aperture&quot;:&quot;0&quot;,&quot;credit&quot;:&quot;&quot;,&quot;camera&quot;:&quot;&quot;,&quot;caption&quot;:&quot;&quot;,&quot;created_timestamp&quot;:&quot;0&quot;,&quot;copyright&quot;:&quot;&quot;,&quot;focal_length&quot;:&quot;0&quot;,&quot;iso&quot;:&quot;0&quot;,&quot;shutter_speed&quot;:&quot;0&quot;,&quot;title&quot;:&quot;&quot;,&quot;orientation&quot;:&quot;0&quot;}\" data-image-title=\"Una situaci\u00f3n de emergencia que caus\u00f3 alarma ambiental fue la que se suscit\u00f3 ayer a eso de las 07.45 de la ma\u00f1ana, momento en que se produjo la rotura de una tuber\u00eda que transporta concentrado de cobre desde la mina hasta Saladillo.\" data-image-description=\"&lt;p&gt;Una situaci\u00f3n de emergencia que caus\u00f3 alarma ambiental fue la que se suscit\u00f3 ayer a eso de las 07.45 de la ma\u00f1ana, momento en que se produjo la rotura de una tuber\u00eda que transporta concentrado de cobre desde la mina hasta Saladillo. &lt;\/p&gt; \" data-medium-file=\"https:\/\/i0.wp.com\/eltrabajo.cl\/portal\/wp-content\/uploads\/2016\/02\/porta-derrame.jpg?fit=300%2C198&#038;ssl=1\" data-large-file=\"https:\/\/i0.wp.com\/eltrabajo.cl\/portal\/wp-content\/uploads\/2016\/02\/porta-derrame.jpg?fit=530%2C349&#038;ssl=1\" src=\"https:\/\/i0.wp.com\/eltrabajo.cl\/portal\/wp-content\/uploads\/2016\/02\/porta-derrame.jpg?w=316&#038;h=208&#038;ssl=1\" srcset=\"https:\/\/i0.wp.com\/eltrabajo.cl\/portal\/wp-content\/uploads\/2016\/02\/porta-derrame.jpg?w=530&amp;ssl=1 530w, https:\/\/i0.wp.com\/eltrabajo.cl\/portal\/wp-content\/uploads\/2016\/02\/porta-derrame.jpg?resize=200%2C132&amp;ssl=1 200w, https:\/\/i0.wp.com\/eltrabajo.cl\/portal\/wp-content\/uploads\/2016\/02\/porta-derrame.jpg?resize=300%2C198&amp;ssl=1 300w, https:\/\/i0.wp.com\/eltrabajo.cl\/portal\/wp-content\/uploads\/2016\/02\/porta-derrame.jpg?resize=228%2C150&amp;ssl=1 228w, https:\/\/i0.wp.com\/eltrabajo.cl\/portal\/wp-content\/uploads\/2016\/02\/porta-derrame.jpg?resize=400%2C263&amp;ssl=1 400w\" width=\"316\" height=\"208\" loading=\"lazy\" data-original-width=\"316\" data-original-height=\"208\" itemprop=\"http:\/\/schema.org\/image\" title=\"Una situaci\u00f3n de emergencia que caus\u00f3 alarma ambiental fue la que se suscit\u00f3 ayer a eso de las 07.45 de la ma\u00f1ana, momento en que se produjo la rotura de una tuber\u00eda que transporta concentrado de cobre desde la mina hasta Saladillo.\" alt=\"Una situaci\u00f3n de emergencia que caus\u00f3 alarma ambiental fue la que se suscit\u00f3 ayer a eso de las 07.45 de la ma\u00f1ana, momento en que se produjo la rotura de una tuber\u00eda que transporta concentrado de cobre desde la mina hasta Saladillo.\" style=\"width: 316px; height: 208px;\" \/> <\/a> <div class=\"tiled-gallery-caption\" itemprop=\"caption description\"> Una situaci\u00f3n de emergencia que caus\u00f3 alarma ambiental fue la que se suscit\u00f3 ayer a eso de las 07.45 de la ma\u00f1ana, momento en que se produjo la rotura de una tuber\u00eda que transporta concentrado de cobre desde la mina hasta Saladillo. <\/div> <\/div> <\/div> <!-- close group --> <\/div> <!-- close row --> <\/div>\n","protected":false},"excerpt":{"rendered":"<p>Rotura de tuber\u00eda provoca derrame de 50.000 litros de concentrado de cobre sobre las aguas del R\u00edo Blanco La sanitaria asegur\u00f3 que cerr\u00f3 inmediatamente sus compuertas de captaci\u00f3n en la planta El&#8230;<\/p>\n","protected":false},"author":1,"featured_media":67229,"comment_status":"open","ping_status":"open","sticky":false,"template":"","format":"standard","meta":{"advanced_seo_description":"","jetpack_seo_html_title":"","jetpack_seo_noindex":false,"_jetpack_memberships_contains_paid_content":false,"footnotes":""},"categories":[1],"tags":[],"class_list":["post-67226","post","type-post","status-publish","format-standard","has-post-thumbnail","hentry","category-cronica"],"jetpack_featured_media_url":"https:\/\/i0.wp.com\/eltrabajo.cl\/portal\/wp-content\/uploads\/2016\/02\/Este-es-el-sector-del-puente-en-Rio-Blanco-donde-se-produjo-la-rotura-de-tuberia-que-provoco-el-derrame-de-concentrado.jpg?fit=530%2C350&ssl=1","jetpack_sharing_enabled":true,"jetpack_likes_enabled":true,"jetpack-related-posts":[],"_links":{"self":[{"href":"https:\/\/eltrabajo.cl\/portal\/wp-json\/wp\/v2\/posts\/67226","targetHints":{"allow":["GET"]}}],"collection":[{"href":"https:\/\/eltrabajo.cl\/portal\/wp-json\/wp\/v2\/posts"}],"about":[{"href":"https:\/\/eltrabajo.cl\/portal\/wp-json\/wp\/v2\/types\/post"}],"author":[{"embeddable":true,"href":"https:\/\/eltrabajo.cl\/portal\/wp-json\/wp\/v2\/users\/1"}],"replies":[{"embeddable":true,"href":"https:\/\/eltrabajo.cl\/portal\/wp-json\/wp\/v2\/comments?post=67226"}],"version-history":[{"count":0,"href":"https:\/\/eltrabajo.cl\/portal\/wp-json\/wp\/v2\/posts\/67226\/revisions"}],"wp:featuredmedia":[{"embeddable":true,"href":"https:\/\/eltrabajo.cl\/portal\/wp-json\/wp\/v2\/media\/67229"}],"wp:attachment":[{"href":"https:\/\/eltrabajo.cl\/portal\/wp-json\/wp\/v2\/media?parent=67226"}],"wp:term":[{"taxonomy":"category","embeddable":true,"href":"https:\/\/eltrabajo.cl\/portal\/wp-json\/wp\/v2\/categories?post=67226"},{"taxonomy":"post_tag","embeddable":true,"href":"https:\/\/eltrabajo.cl\/portal\/wp-json\/wp\/v2\/tags?post=67226"}],"curies":[{"name":"wp","href":"https:\/\/api.w.org\/{rel}","templated":true}]}}