{"id":67234,"date":"2016-02-29T08:59:15","date_gmt":"2016-02-29T11:59:15","guid":{"rendered":"http:\/\/www.eltrabajo.cl\/portal\/?p=67234"},"modified":"2016-02-29T08:59:15","modified_gmt":"2016-02-29T11:59:15","slug":"once-colegios-subvencionados-de-aconcagua-se-acogeran-a-ley-de-gratuidad","status":"publish","type":"post","link":"https:\/\/eltrabajo.cl\/portal\/once-colegios-subvencionados-de-aconcagua-se-acogeran-a-ley-de-gratuidad\/","title":{"rendered":"Once colegios subvencionados de Aconcagua se acoger\u00e1n a Ley de Gratuidad"},"content":{"rendered":"<figure id=\"attachment_67235\" aria-describedby=\"caption-attachment-67235\" style=\"width: 300px\" class=\"wp-caption alignleft\"><a href=\"http:\/\/www.eltrabajo.cl\/portal\/once-colegios-subvencionados-de-aconcagua-se-acogeran-a-ley-de-gratuidad\/foto-pilar-leiva-jefa-subrogante-de-la-oficina-provincial-de-educacion\/\" rel=\"attachment wp-att-67235\"><img data-recalc-dims=\"1\" loading=\"lazy\" decoding=\"async\" class=\"size-medium wp-image-67235\" src=\"https:\/\/i0.wp.com\/www.eltrabajo.cl\/portal\/wp-content\/uploads\/2016\/02\/FOTO-PILAR-LEIVA-JEFA-SUBROGANTE-DE-LA-OFICINA-PROVINCIAL-DE-EDUCACI%C3%93N-300x198.jpg?resize=300%2C198\" alt=\"Pilar Leiva, jefa subrogante de la Oficina Provincial de Educaci\u00f3n.\" width=\"300\" height=\"198\" srcset=\"https:\/\/i0.wp.com\/eltrabajo.cl\/portal\/wp-content\/uploads\/2016\/02\/FOTO-PILAR-LEIVA-JEFA-SUBROGANTE-DE-LA-OFICINA-PROVINCIAL-DE-EDUCACI%C3%93N.jpg?resize=300%2C198&amp;ssl=1 300w, https:\/\/i0.wp.com\/eltrabajo.cl\/portal\/wp-content\/uploads\/2016\/02\/FOTO-PILAR-LEIVA-JEFA-SUBROGANTE-DE-LA-OFICINA-PROVINCIAL-DE-EDUCACI%C3%93N.jpg?resize=200%2C132&amp;ssl=1 200w, https:\/\/i0.wp.com\/eltrabajo.cl\/portal\/wp-content\/uploads\/2016\/02\/FOTO-PILAR-LEIVA-JEFA-SUBROGANTE-DE-LA-OFICINA-PROVINCIAL-DE-EDUCACI%C3%93N.jpg?resize=228%2C150&amp;ssl=1 228w, https:\/\/i0.wp.com\/eltrabajo.cl\/portal\/wp-content\/uploads\/2016\/02\/FOTO-PILAR-LEIVA-JEFA-SUBROGANTE-DE-LA-OFICINA-PROVINCIAL-DE-EDUCACI%C3%93N.jpg?resize=400%2C263&amp;ssl=1 400w, https:\/\/i0.wp.com\/eltrabajo.cl\/portal\/wp-content\/uploads\/2016\/02\/FOTO-PILAR-LEIVA-JEFA-SUBROGANTE-DE-LA-OFICINA-PROVINCIAL-DE-EDUCACI%C3%93N.jpg?w=530&amp;ssl=1 530w\" sizes=\"auto, (max-width: 300px) 100vw, 300px\" \/><\/a><figcaption id=\"caption-attachment-67235\" class=\"wp-caption-text\">Pilar Leiva, jefa subrogante de la Oficina Provincial de Educaci\u00f3n.<\/figcaption><\/figure>\n<p><strong>Abandonar\u00e1n el sistema de copago:\u00a0<\/strong><strong>Habr\u00e1 presupuesto estatal para el 100% de los recintos de educaci\u00f3n municipal de las provincias de San Felipe y Los Andes.<\/strong><\/p>\n<p>Once son los establecimientos educacionales subvencionados del Valle de Aconcagua que este a\u00f1o abandonar\u00e1n el sistema de copago y se acoger\u00e1n a la debutante ley de gratuidad seg\u00fan la resoluci\u00f3n exenta 583 del Ministerio de Educaci\u00f3n.<br \/>\nAs\u00ed lo inform\u00f3 Pilar Leiva, Jefa Subrogante de la Oficina Provincial de Educaci\u00f3n, quien afirm\u00f3 que \u00aben la secretar\u00eda ministerial se conform\u00f3 un equipo incluso con abogados que han estado apoyando este proceso a todos los sostenedores y la implementaci\u00f3n de la Ley de Gratuidad tiene un largo plazo, no es algo que vaya a suceder de inmediato, sino que tiene varios pasos y parte ahora el 1 de marzo incorpor\u00e1ndose con aquellos colegios que presentaron la posibilidad de no realizar el sistema de copago\u00bb, sostuvo.<br \/>\nDe acuerdo a lo manifestado por Leiva, el Ministerio de Educaci\u00f3n Asumir\u00e1 el costo de estas transformaciones, en las que los colegios dejar\u00e1n de cobrar la matr\u00edcula y mensualidad que hasta el a\u00f1o pasado deb\u00edan asumir los apoderados.<br \/>\n\u00abSe va a producir una nivelaci\u00f3n con el resto de los establecimientos, eso es lo que busca la implementaci\u00f3n de la ley\u00bb, expres\u00f3 Leiva.<br \/>\nLos Colegios Subvencionados del Valle de Aconcagua que obtendr\u00e1n financiamiento estatal ser\u00e1n: El Colegio San Jos\u00e9 y el Instituto Agr\u00edcola Pascual Baburizza de Calle Larga; el Liceo Santa Clara y la Escuela Metodista Ed\u00e9n del Ni\u00f1o en Los Andes; la Escuela Mar\u00eda Letelier de Prieto y el Liceo Menesiano de Llay-Llay; la Escuela Salesiana Fundaci\u00f3n Huidobro de Catemu; el Colegio Assunta Pallota de San Felipe; el Colegio Santa Mar\u00eda de Aconcagua de Santa Mar\u00eda; el Liceo Parroquial Teresita de Los Andes de la comuna de Rinconada y la Escuela Mar\u00eda Poussepin de Putaendo.<\/p>\n","protected":false},"excerpt":{"rendered":"<p>Abandonar\u00e1n el sistema de copago:\u00a0Habr\u00e1 presupuesto estatal para el 100% de los recintos de educaci\u00f3n municipal de las provincias de San Felipe y Los Andes. Once son los establecimientos educacionales subvencionados del&#8230;<\/p>\n","protected":false},"author":1,"featured_media":67235,"comment_status":"open","ping_status":"open","sticky":false,"template":"","format":"standard","meta":{"advanced_seo_description":"","jetpack_seo_html_title":"","jetpack_seo_noindex":false,"_jetpack_memberships_contains_paid_content":false,"footnotes":""},"categories":[1],"tags":[],"class_list":["post-67234","post","type-post","status-publish","format-standard","has-post-thumbnail","hentry","category-cronica"],"jetpack_featured_media_url":"https:\/\/i0.wp.com\/eltrabajo.cl\/portal\/wp-content\/uploads\/2016\/02\/FOTO-PILAR-LEIVA-JEFA-SUBROGANTE-DE-LA-OFICINA-PROVINCIAL-DE-EDUCACI%C3%93N.jpg?fit=530%2C349&ssl=1","jetpack_sharing_enabled":true,"jetpack_likes_enabled":true,"jetpack-related-posts":[],"_links":{"self":[{"href":"https:\/\/eltrabajo.cl\/portal\/wp-json\/wp\/v2\/posts\/67234","targetHints":{"allow":["GET"]}}],"collection":[{"href":"https:\/\/eltrabajo.cl\/portal\/wp-json\/wp\/v2\/posts"}],"about":[{"href":"https:\/\/eltrabajo.cl\/portal\/wp-json\/wp\/v2\/types\/post"}],"author":[{"embeddable":true,"href":"https:\/\/eltrabajo.cl\/portal\/wp-json\/wp\/v2\/users\/1"}],"replies":[{"embeddable":true,"href":"https:\/\/eltrabajo.cl\/portal\/wp-json\/wp\/v2\/comments?post=67234"}],"version-history":[{"count":0,"href":"https:\/\/eltrabajo.cl\/portal\/wp-json\/wp\/v2\/posts\/67234\/revisions"}],"wp:featuredmedia":[{"embeddable":true,"href":"https:\/\/eltrabajo.cl\/portal\/wp-json\/wp\/v2\/media\/67235"}],"wp:attachment":[{"href":"https:\/\/eltrabajo.cl\/portal\/wp-json\/wp\/v2\/media?parent=67234"}],"wp:term":[{"taxonomy":"category","embeddable":true,"href":"https:\/\/eltrabajo.cl\/portal\/wp-json\/wp\/v2\/categories?post=67234"},{"taxonomy":"post_tag","embeddable":true,"href":"https:\/\/eltrabajo.cl\/portal\/wp-json\/wp\/v2\/tags?post=67234"}],"curies":[{"name":"wp","href":"https:\/\/api.w.org\/{rel}","templated":true}]}}