{"id":67242,"date":"2016-02-29T09:05:20","date_gmt":"2016-02-29T12:05:20","guid":{"rendered":"http:\/\/www.eltrabajo.cl\/portal\/?p=67242"},"modified":"2016-02-29T09:05:20","modified_gmt":"2016-02-29T12:05:20","slug":"agricultores-comenzaran-a-recibir-agua-a-turno-partido-desde-el-5-de-marzo","status":"publish","type":"post","link":"https:\/\/eltrabajo.cl\/portal\/agricultores-comenzaran-a-recibir-agua-a-turno-partido-desde-el-5-de-marzo\/","title":{"rendered":"Agricultores comenzar\u00e1n a recibir agua a turno partido desde el 5 de marzo"},"content":{"rendered":"<figure id=\"attachment_67243\" aria-describedby=\"caption-attachment-67243\" style=\"width: 300px\" class=\"wp-caption alignleft\"><a href=\"http:\/\/www.eltrabajo.cl\/portal\/agricultores-comenzaran-a-recibir-agua-a-turno-partido-desde-el-5-de-marzo\/concejal-miguel-vega\/\" rel=\"attachment wp-att-67243\"><img data-recalc-dims=\"1\" loading=\"lazy\" decoding=\"async\" class=\"size-medium wp-image-67243\" src=\"https:\/\/i0.wp.com\/www.eltrabajo.cl\/portal\/wp-content\/uploads\/2016\/02\/CONCEJAL-MIGUEL-VEGA-300x198.jpg?resize=300%2C198\" alt=\"Miguel Vega, presidente de la Junta de Vigilancia del R\u00edo Putaendo.\" width=\"300\" height=\"198\" srcset=\"https:\/\/i0.wp.com\/eltrabajo.cl\/portal\/wp-content\/uploads\/2016\/02\/CONCEJAL-MIGUEL-VEGA.jpg?resize=300%2C198&amp;ssl=1 300w, https:\/\/i0.wp.com\/eltrabajo.cl\/portal\/wp-content\/uploads\/2016\/02\/CONCEJAL-MIGUEL-VEGA.jpg?resize=200%2C132&amp;ssl=1 200w, https:\/\/i0.wp.com\/eltrabajo.cl\/portal\/wp-content\/uploads\/2016\/02\/CONCEJAL-MIGUEL-VEGA.jpg?resize=227%2C150&amp;ssl=1 227w, https:\/\/i0.wp.com\/eltrabajo.cl\/portal\/wp-content\/uploads\/2016\/02\/CONCEJAL-MIGUEL-VEGA.jpg?resize=400%2C264&amp;ssl=1 400w, https:\/\/i0.wp.com\/eltrabajo.cl\/portal\/wp-content\/uploads\/2016\/02\/CONCEJAL-MIGUEL-VEGA.jpg?w=530&amp;ssl=1 530w\" sizes=\"auto, (max-width: 300px) 100vw, 300px\" \/><\/a><figcaption id=\"caption-attachment-67243\" class=\"wp-caption-text\">Miguel Vega, presidente de la Junta de Vigilancia del R\u00edo Putaendo.<\/figcaption><\/figure>\n<p><strong>PUTAENDO.-<\/strong> El Presidente de la Junta de Vigilancia del R\u00edo Putaendo, Miguel Vega, afirm\u00f3 que desde el 5 \u00f3 6 de marzo pr\u00f3ximo los agricultores de la comuna comenzar\u00e1n a recibir el agua para regad\u00edo en turnos partidos, ya que hoy se est\u00e1 entregando el recurso h\u00eddrico en forma normal y continua en todos los canales de la comuna.<\/p>\n<p>El dirigente sostuvo que esto ha sido posible gracias a los m\u00e1s de cuatro millones de metros c\u00fabicos de agua acumulados en el Embalse Chacrillas, hecho que hoy ha permitido poder entregar agua en un 100% en forma continua y permanente, pero ya en la actualidad, de los cuatro millones de metros c\u00fabicos acumulados, hoy queda poco m\u00e1s de un mill\u00f3n y medio, raz\u00f3n por la cual de alguna manera el recurso h\u00eddrico acumulado en esta primera etapa ya ha sido ocupado, y se podr\u00eda haber acumulado m\u00e1s agua si no hubiese surgido el inconveniente con los hallazgos arqueol\u00f3gicos en la cola del embalse.<br \/>\nMiguel Vega afirm\u00f3 que como agricultores esperan que desde abril comience a precipitar para recuperar el agua utilizada, nivelar el embalse a los 4 millones de metros c\u00fabicos de agua y comenzar a llenar gradualmente la mega obra, tal como se tiene presupuestado en las consiguientes etapas.<\/p>\n<p><strong>ANDES COPPER<\/strong><br \/>\nEn otro aspecto el dirigente se refiri\u00f3 a la visita de la DGA a las faenas mineras que desarrolla Andes Copper al interior de Los Patos, acusando la existencia de presiones pol\u00edticas para evitar sanci\u00f3n y favorecer a la minera.<br \/>\n\u201cNo nos extra\u00f1a la resoluci\u00f3n de la Direcci\u00f3n General de Aguas, pues est\u00e1 claro que existen presiones pol\u00edticas\u201d, fustig\u00f3 Miguel Vega tras conocer la resoluci\u00f3n del organismo, que no acoge la denuncia formulada por la instituci\u00f3n que preside.<br \/>\nAunque p\u00fablicamente expres\u00f3 su molestia por la resoluci\u00f3n emanada por la Direcci\u00f3n General de Aguas (DGA) que decidi\u00f3 no acoger la denuncia presentada por la Junta de Vigilancia del R\u00edo Putaendo contra Andes Copper por las faenas mineras que se desarrollan al interior de Los Patos; el presidente de la instituci\u00f3n, Miguel Vega Berr\u00edos, asegur\u00f3 que no le sorprenden los argumentos del organismo, cuestionando su probidad al afirmar que \u201cexisten presiones pol\u00edticas para evitar cualquier sanci\u00f3n y favorecer a la minera\u201d.<br \/>\nEl dirigente argument\u00f3 que el d\u00eda despu\u00e9s que la DGA realiz\u00f3 la fiscalizaci\u00f3n a los trabajos de Andes Copper, como Junta de Vigilancia viajaron a Quillota y se entrevistaron con el Director Regional de la Direcci\u00f3n General de Aguas, quien se neg\u00f3 a entregarles informaci\u00f3n respecto a la cuestionada inspecci\u00f3n, \u201cy llama la atenci\u00f3n que tanto la DGA, la DOH (Direcci\u00f3n de Obras Hidr\u00e1ulicas) y el Seremi de Miner\u00eda van a visitar las faenas de Andes Copper entre gallos y medianoche, sin avisarle absolutamente a nadie y encuentran todo bueno, eso es al menos sospechoso y nos da la certeza que aqu\u00ed est\u00e1n existiendo presiones pol\u00edticas, porque el R\u00edo Roc\u00edn si fue intervenido y esas autoridades livianamente vienen y dicen que la minera est\u00e1 haciendo todo bien, que todo est\u00e1 en regla y que no hay faltas\u201d, fustig\u00f3 Vega, quien pidi\u00f3 m\u00e1s transparencia ante un tema tan delicado, pues el proceder de los representantes de los mencionados organismos levantan muchas dudas.<\/p>\n<p><strong>\u201cNO VAMOS A BAJAR LOS BRAZOS\u201d<\/strong><br \/>\nA pesar que la resoluci\u00f3n de la Direcci\u00f3n General de Aguas fue un rev\u00e9s para la Junta de Vigilancia del R\u00edo Putaendo, Miguel Vega sostuvo que esto no los desanima, e indic\u00f3 que ya est\u00e1n trabajando con un estudio jur\u00eddico que los est\u00e1 asesorando \u201cporque no vamos a bajar los brazos, no vamos a claudicar en insistir y proteger los intereses de la comunidad de Putaendo, vamos a analizar la presentaci\u00f3n de un recurso ante tribunales o realizar formalmente una denuncia ante la Seremi de Salud\u201d, concluy\u00f3 el Presidente de la J.V.R.P.<br \/>\n<strong>Patricio Gallardo M.<\/strong><\/p>\n","protected":false},"excerpt":{"rendered":"<p>PUTAENDO.- El Presidente de la Junta de Vigilancia del R\u00edo Putaendo, Miguel Vega, afirm\u00f3 que desde el 5 \u00f3 6 de marzo pr\u00f3ximo los agricultores de la comuna comenzar\u00e1n a recibir el&#8230;<\/p>\n","protected":false},"author":1,"featured_media":67243,"comment_status":"open","ping_status":"open","sticky":false,"template":"","format":"standard","meta":{"advanced_seo_description":"","jetpack_seo_html_title":"","jetpack_seo_noindex":false,"_jetpack_memberships_contains_paid_content":false,"footnotes":""},"categories":[15],"tags":[],"class_list":["post-67242","post","type-post","status-publish","format-standard","has-post-thumbnail","hentry","category-comunidad"],"jetpack_featured_media_url":"https:\/\/i0.wp.com\/eltrabajo.cl\/portal\/wp-content\/uploads\/2016\/02\/CONCEJAL-MIGUEL-VEGA.jpg?fit=530%2C350&ssl=1","jetpack_sharing_enabled":true,"jetpack_likes_enabled":true,"jetpack-related-posts":[],"_links":{"self":[{"href":"https:\/\/eltrabajo.cl\/portal\/wp-json\/wp\/v2\/posts\/67242","targetHints":{"allow":["GET"]}}],"collection":[{"href":"https:\/\/eltrabajo.cl\/portal\/wp-json\/wp\/v2\/posts"}],"about":[{"href":"https:\/\/eltrabajo.cl\/portal\/wp-json\/wp\/v2\/types\/post"}],"author":[{"embeddable":true,"href":"https:\/\/eltrabajo.cl\/portal\/wp-json\/wp\/v2\/users\/1"}],"replies":[{"embeddable":true,"href":"https:\/\/eltrabajo.cl\/portal\/wp-json\/wp\/v2\/comments?post=67242"}],"version-history":[{"count":0,"href":"https:\/\/eltrabajo.cl\/portal\/wp-json\/wp\/v2\/posts\/67242\/revisions"}],"wp:featuredmedia":[{"embeddable":true,"href":"https:\/\/eltrabajo.cl\/portal\/wp-json\/wp\/v2\/media\/67243"}],"wp:attachment":[{"href":"https:\/\/eltrabajo.cl\/portal\/wp-json\/wp\/v2\/media?parent=67242"}],"wp:term":[{"taxonomy":"category","embeddable":true,"href":"https:\/\/eltrabajo.cl\/portal\/wp-json\/wp\/v2\/categories?post=67242"},{"taxonomy":"post_tag","embeddable":true,"href":"https:\/\/eltrabajo.cl\/portal\/wp-json\/wp\/v2\/tags?post=67242"}],"curies":[{"name":"wp","href":"https:\/\/api.w.org\/{rel}","templated":true}]}}