{"id":67246,"date":"2016-02-29T09:07:51","date_gmt":"2016-02-29T12:07:51","guid":{"rendered":"http:\/\/www.eltrabajo.cl\/portal\/?p=67246"},"modified":"2016-02-29T09:07:51","modified_gmt":"2016-02-29T12:07:51","slug":"diputado-nunez-pedira-maximas-sanciones-por-derrame-de-codelco","status":"publish","type":"post","link":"https:\/\/eltrabajo.cl\/portal\/diputado-nunez-pedira-maximas-sanciones-por-derrame-de-codelco\/","title":{"rendered":"Diputado N\u00fa\u00f1ez pedir\u00e1 m\u00e1ximas sanciones por derrame de Codelco"},"content":{"rendered":"<figure id=\"attachment_67247\" aria-describedby=\"caption-attachment-67247\" style=\"width: 300px\" class=\"wp-caption alignleft\"><a href=\"http:\/\/www.eltrabajo.cl\/portal\/diputado-nunez-pedira-maximas-sanciones-por-derrame-de-codelco\/marco-antonio-nunez-8\/\" rel=\"attachment wp-att-67247\"><img data-recalc-dims=\"1\" loading=\"lazy\" decoding=\"async\" class=\"size-medium wp-image-67247\" src=\"https:\/\/i0.wp.com\/www.eltrabajo.cl\/portal\/wp-content\/uploads\/2016\/02\/Marco-Antonio-Nunez-300x198.jpg?resize=300%2C198\" alt=\"Marco Antonio N\u00fa\u00f1ez, presidente C\u00e1mara de Diputados.\" width=\"300\" height=\"198\" srcset=\"https:\/\/i0.wp.com\/eltrabajo.cl\/portal\/wp-content\/uploads\/2016\/02\/Marco-Antonio-Nunez.jpg?resize=300%2C198&amp;ssl=1 300w, https:\/\/i0.wp.com\/eltrabajo.cl\/portal\/wp-content\/uploads\/2016\/02\/Marco-Antonio-Nunez.jpg?resize=200%2C132&amp;ssl=1 200w, https:\/\/i0.wp.com\/eltrabajo.cl\/portal\/wp-content\/uploads\/2016\/02\/Marco-Antonio-Nunez.jpg?resize=227%2C150&amp;ssl=1 227w, https:\/\/i0.wp.com\/eltrabajo.cl\/portal\/wp-content\/uploads\/2016\/02\/Marco-Antonio-Nunez.jpg?resize=400%2C264&amp;ssl=1 400w, https:\/\/i0.wp.com\/eltrabajo.cl\/portal\/wp-content\/uploads\/2016\/02\/Marco-Antonio-Nunez.jpg?w=530&amp;ssl=1 530w\" sizes=\"auto, (max-width: 300px) 100vw, 300px\" \/><\/a><figcaption id=\"caption-attachment-67247\" class=\"wp-caption-text\">Marco Antonio N\u00fa\u00f1ez, presidente C\u00e1mara de Diputados.<\/figcaption><\/figure>\n<p>\u201cHay que determinar responsabilidades y para ello la investigaci\u00f3n debe hacerse en el menor de los tiempos y realizarla una consultora externa a Codelco\u201d, agreg\u00f3 el parlamentario.<br \/>\nEl Presidente de la C\u00e1mara de Diputados Marco Antonio N\u00fa\u00f1ez, responsabiliz\u00f3 a la Divisi\u00f3n Andina de Codelco por el nuevo derrame de concentrado a las aguas del r\u00edo Aconcagua, agregando que la investigaci\u00f3n debe ser externa y aplicarse las m\u00e1ximas condenas por las responsabilidades que le corresponden a esta empresa minera.<br \/>\n\u201cOtra vez la Divisi\u00f3n Andina de Codelco es responsable por el nuevo derrame de concentrado vertido en las aguas del r\u00edo Aconcagua. Las emergencias anteriores no han sido suficientes para que adopten medidas efectivas y cada cierto tiempo tengamos que seguir soportando estos eventos cr\u00edticos. Han perdido credibilidad y no seguiremos aceptando los riesgos a los que finalmente exponen a la poblaci\u00f3n y al medioambiente.\u201d<br \/>\n\u201cPedir\u00e9 las mayores sanciones por la contaminaci\u00f3n que esta empresa minera y cualquiera otra produzca en la zona. Aqu\u00ed hay que determinar responsabilidades y para ello la investigaci\u00f3n debe hacerse en el menor de los tiempos y debe realizarla una consultora externa a Codelco. Es la \u00fanica manera de retomar las confianzas e implementar procedimientos claros para que no se produzcan m\u00e1s contaminaciones ni derrames en las aguas del r\u00edo Aconcagua.\u201d<br \/>\n\u201cMe reunir\u00e9 con el Seremi de Miner\u00eda para conocer los planes de emergencia que han comenzado a aplicar junto a otros organismos. Tambi\u00e9n tendr\u00e9 una reuni\u00f3n con la Seremi de Medioambiente para conocer en detalle los resultados de un estudio realizado a prop\u00f3sito de este tipo de desastres y pedirle que las regulaciones que se propongan contengan normas dr\u00e1sticas y ejemplificadoras para que las grandes mineras entiendan que la gente y el medioambiente son lo fundamental\u201d, finaliz\u00f3 el diputado Marco Antonio N\u00fa\u00f1ez.<\/p>\n","protected":false},"excerpt":{"rendered":"<p>\u201cHay que determinar responsabilidades y para ello la investigaci\u00f3n debe hacerse en el menor de los tiempos y realizarla una consultora externa a Codelco\u201d, agreg\u00f3 el parlamentario. El Presidente de la C\u00e1mara&#8230;<\/p>\n","protected":false},"author":1,"featured_media":67247,"comment_status":"open","ping_status":"open","sticky":false,"template":"","format":"standard","meta":{"advanced_seo_description":"","jetpack_seo_html_title":"","jetpack_seo_noindex":false,"_jetpack_memberships_contains_paid_content":false,"footnotes":""},"categories":[1],"tags":[],"class_list":["post-67246","post","type-post","status-publish","format-standard","has-post-thumbnail","hentry","category-cronica"],"jetpack_featured_media_url":"https:\/\/i0.wp.com\/eltrabajo.cl\/portal\/wp-content\/uploads\/2016\/02\/Marco-Antonio-Nunez.jpg?fit=530%2C350&ssl=1","jetpack_sharing_enabled":true,"jetpack_likes_enabled":true,"jetpack-related-posts":[],"_links":{"self":[{"href":"https:\/\/eltrabajo.cl\/portal\/wp-json\/wp\/v2\/posts\/67246","targetHints":{"allow":["GET"]}}],"collection":[{"href":"https:\/\/eltrabajo.cl\/portal\/wp-json\/wp\/v2\/posts"}],"about":[{"href":"https:\/\/eltrabajo.cl\/portal\/wp-json\/wp\/v2\/types\/post"}],"author":[{"embeddable":true,"href":"https:\/\/eltrabajo.cl\/portal\/wp-json\/wp\/v2\/users\/1"}],"replies":[{"embeddable":true,"href":"https:\/\/eltrabajo.cl\/portal\/wp-json\/wp\/v2\/comments?post=67246"}],"version-history":[{"count":0,"href":"https:\/\/eltrabajo.cl\/portal\/wp-json\/wp\/v2\/posts\/67246\/revisions"}],"wp:featuredmedia":[{"embeddable":true,"href":"https:\/\/eltrabajo.cl\/portal\/wp-json\/wp\/v2\/media\/67247"}],"wp:attachment":[{"href":"https:\/\/eltrabajo.cl\/portal\/wp-json\/wp\/v2\/media?parent=67246"}],"wp:term":[{"taxonomy":"category","embeddable":true,"href":"https:\/\/eltrabajo.cl\/portal\/wp-json\/wp\/v2\/categories?post=67246"},{"taxonomy":"post_tag","embeddable":true,"href":"https:\/\/eltrabajo.cl\/portal\/wp-json\/wp\/v2\/tags?post=67246"}],"curies":[{"name":"wp","href":"https:\/\/api.w.org\/{rel}","templated":true}]}}