{"id":67250,"date":"2016-02-29T09:12:20","date_gmt":"2016-02-29T12:12:20","guid":{"rendered":"http:\/\/www.eltrabajo.cl\/portal\/?p=67250"},"modified":"2016-02-29T09:12:20","modified_gmt":"2016-02-29T12:12:20","slug":"exigen-renuncia-de-gerente-de-codelco-andina-por-tragedia-ambiental","status":"publish","type":"post","link":"https:\/\/eltrabajo.cl\/portal\/exigen-renuncia-de-gerente-de-codelco-andina-por-tragedia-ambiental\/","title":{"rendered":"Exigen renuncia de gerente de Codelco Andina por tragedia ambiental"},"content":{"rendered":"<figure id=\"attachment_67251\" aria-describedby=\"caption-attachment-67251\" style=\"width: 300px\" class=\"wp-caption alignleft\"><a href=\"http:\/\/www.eltrabajo.cl\/portal\/exigen-renuncia-de-gerente-de-codelco-andina-por-tragedia-ambiental\/concejal-miguel-henriquez\/\" rel=\"attachment wp-att-67251\"><img data-recalc-dims=\"1\" loading=\"lazy\" decoding=\"async\" class=\"size-medium wp-image-67251\" src=\"https:\/\/i0.wp.com\/www.eltrabajo.cl\/portal\/wp-content\/uploads\/2016\/02\/Concejal-Miguel-Henriquez-300x198.jpg?resize=300%2C198\" alt=\"Miguel Henr\u00edquez, concejal de Los Andes.\" width=\"300\" height=\"198\" srcset=\"https:\/\/i0.wp.com\/eltrabajo.cl\/portal\/wp-content\/uploads\/2016\/02\/Concejal-Miguel-Henriquez.jpg?resize=300%2C198&amp;ssl=1 300w, https:\/\/i0.wp.com\/eltrabajo.cl\/portal\/wp-content\/uploads\/2016\/02\/Concejal-Miguel-Henriquez.jpg?resize=200%2C132&amp;ssl=1 200w, https:\/\/i0.wp.com\/eltrabajo.cl\/portal\/wp-content\/uploads\/2016\/02\/Concejal-Miguel-Henriquez.jpg?resize=228%2C150&amp;ssl=1 228w, https:\/\/i0.wp.com\/eltrabajo.cl\/portal\/wp-content\/uploads\/2016\/02\/Concejal-Miguel-Henriquez.jpg?resize=400%2C263&amp;ssl=1 400w, https:\/\/i0.wp.com\/eltrabajo.cl\/portal\/wp-content\/uploads\/2016\/02\/Concejal-Miguel-Henriquez.jpg?w=530&amp;ssl=1 530w\" sizes=\"auto, (max-width: 300px) 100vw, 300px\" \/><\/a><figcaption id=\"caption-attachment-67251\" class=\"wp-caption-text\">Miguel Henr\u00edquez, concejal de Los Andes.<\/figcaption><\/figure>\n<p><strong>Concejal de Los Andes Miguel Henr\u00edquez sostuvo que el derrame de concentrado de cobre es una tragedia ecol\u00f3gica y responsables deben asumir.<\/strong><\/p>\n<p><strong>LOS ANDES.-<\/strong> El concejal de la comuna, Miguel Henr\u00edquez exigi\u00f3 la renuncia del Gerente General de la Divisi\u00f3n Andina, Ricardo Palma, a ra\u00edz del derrame de concentrado de cobre a las aguas del r\u00edo Blanco a causa de la rotura de un ducto.<br \/>\nHenr\u00edquez se mostr\u00f3 muy enfadado con la reciente rotura de un ducto y el derrame de concentrado de cobre al r\u00edo Aconcagua.<br \/>\nSostuvo que lo sucedido es una cat\u00e1strofe y un crimen medioambiental que debe ser a la brevedad controlado y evitar cualquier otra negligencia que termine en otra tragedia para el Valle de Aconcagua.<br \/>\nIndic\u00f3 que \u201cCodelco es el peor vecino que podemos tener, hace tiempo se viene comportando p\u00e9simo con sus trabajadores al tener distintas clasificaciones, sueldos y derechos por un mismo trabajo, hace un par de semana falleci\u00f3 un trabajador del subcontrato, su aporte social es realmente taca\u00f1o puesto que la comunidad no siente que una empresa tan importante y con tantas ganancias solo realice un miserable aporte a las diferentes organizaciones comunitarias de la ciudad y ahora tenemos que presenciar la s\u00e9ptima tragedia ambiental de la ciudad otra vez en nuestro r\u00edo, poniendo en riesgo la vida y salud de todos los andinos\u201d.<br \/>\nEl concejal agreg\u00f3 que \u201cCodelco y su gerencia han actuado minimizando el derrame de concentrado de cobre que tiene elementos qu\u00edmicos muy da\u00f1inos como ars\u00e9nico, mercurio, plomo, magnesio, etc. Por lo tanto, es necesario un constante monitoreo de las aguas, suelos y personas que est\u00e1n en contacto con estos metales, estamos muy lejos de dar por superada la emergencia y le preocupa que el gerente (s) sustentabilidad y asuntos externos de la divisi\u00f3n Humberto Rivas de por superado el hecho cuando hay an\u00e1lisis en espera a\u00fan de otras entidades, entre ellas las que va a hacer el municipio con experto de la Universidad Cat\u00f3lica de Valpara\u00edso\u201d.<br \/>\nRemarc\u00f3 tambi\u00e9n que ante la seguidilla de hechos que afectan al medioambiente ocurridos recientemente el Gerente general de la divisi\u00f3n andina don Ricardo Palma debe renunciar junto con todos los que sean responsables que su gesti\u00f3n est\u00e1 marcada por los desastres ecol\u00f3gicos, \u201cy resulta obvio que debe dar un paso al costado debido a las constantes negligencias en la empresa que hoy han puesto en riesgo a la ciudad y a toda su gente y no existe ning\u00fan indicador que nos permita pensar que esto no volver\u00e1 a suceder.\u201d<br \/>\nTambi\u00e9n el concejal hizo un llamado a la ciudadan\u00eda a manifestarse en las diferentes actividades que se realizan para no dejar la impresi\u00f3n de que esto pueda seguir pasando y defender el medio en que viven los andinos.<\/p>\n","protected":false},"excerpt":{"rendered":"<p>Concejal de Los Andes Miguel Henr\u00edquez sostuvo que el derrame de concentrado de cobre es una tragedia ecol\u00f3gica y responsables deben asumir. LOS ANDES.- El concejal de la comuna, Miguel Henr\u00edquez exigi\u00f3&#8230;<\/p>\n","protected":false},"author":1,"featured_media":67227,"comment_status":"open","ping_status":"open","sticky":false,"template":"","format":"standard","meta":{"advanced_seo_description":"","jetpack_seo_html_title":"","jetpack_seo_noindex":false,"_jetpack_memberships_contains_paid_content":false,"footnotes":""},"categories":[1],"tags":[],"class_list":["post-67250","post","type-post","status-publish","format-standard","has-post-thumbnail","hentry","category-cronica"],"jetpack_featured_media_url":"https:\/\/i0.wp.com\/eltrabajo.cl\/portal\/wp-content\/uploads\/2016\/02\/porta-derrame.jpg?fit=530%2C349&ssl=1","jetpack_sharing_enabled":true,"jetpack_likes_enabled":true,"jetpack-related-posts":[],"_links":{"self":[{"href":"https:\/\/eltrabajo.cl\/portal\/wp-json\/wp\/v2\/posts\/67250","targetHints":{"allow":["GET"]}}],"collection":[{"href":"https:\/\/eltrabajo.cl\/portal\/wp-json\/wp\/v2\/posts"}],"about":[{"href":"https:\/\/eltrabajo.cl\/portal\/wp-json\/wp\/v2\/types\/post"}],"author":[{"embeddable":true,"href":"https:\/\/eltrabajo.cl\/portal\/wp-json\/wp\/v2\/users\/1"}],"replies":[{"embeddable":true,"href":"https:\/\/eltrabajo.cl\/portal\/wp-json\/wp\/v2\/comments?post=67250"}],"version-history":[{"count":0,"href":"https:\/\/eltrabajo.cl\/portal\/wp-json\/wp\/v2\/posts\/67250\/revisions"}],"wp:featuredmedia":[{"embeddable":true,"href":"https:\/\/eltrabajo.cl\/portal\/wp-json\/wp\/v2\/media\/67227"}],"wp:attachment":[{"href":"https:\/\/eltrabajo.cl\/portal\/wp-json\/wp\/v2\/media?parent=67250"}],"wp:term":[{"taxonomy":"category","embeddable":true,"href":"https:\/\/eltrabajo.cl\/portal\/wp-json\/wp\/v2\/categories?post=67250"},{"taxonomy":"post_tag","embeddable":true,"href":"https:\/\/eltrabajo.cl\/portal\/wp-json\/wp\/v2\/tags?post=67250"}],"curies":[{"name":"wp","href":"https:\/\/api.w.org\/{rel}","templated":true}]}}