{"id":67266,"date":"2016-02-29T09:27:34","date_gmt":"2016-02-29T12:27:34","guid":{"rendered":"http:\/\/www.eltrabajo.cl\/portal\/?p=67266"},"modified":"2016-02-29T09:27:34","modified_gmt":"2016-02-29T12:27:34","slug":"el-viejo-y-el-mar-hizo-gritar-de-emocion-a-ninos-en-la-plaza-civica","status":"publish","type":"post","link":"https:\/\/eltrabajo.cl\/portal\/el-viejo-y-el-mar-hizo-gritar-de-emocion-a-ninos-en-la-plaza-civica\/","title":{"rendered":"\u2018El viejo y el mar\u2019 hizo gritar de emoci\u00f3n a ni\u00f1os en la Plaza C\u00edvica"},"content":{"rendered":"<figure id=\"attachment_67268\" aria-describedby=\"caption-attachment-67268\" style=\"width: 300px\" class=\"wp-caption alignleft\"><a href=\"http:\/\/www.eltrabajo.cl\/portal\/el-viejo-y-el-mar-hizo-gritar-de-emocion-a-ninos-en-la-plaza-civica\/rodrigo-caceres\/\" rel=\"attachment wp-att-67268\"><img data-recalc-dims=\"1\" loading=\"lazy\" decoding=\"async\" class=\"size-medium wp-image-67268\" src=\"https:\/\/i0.wp.com\/www.eltrabajo.cl\/portal\/wp-content\/uploads\/2016\/02\/Rodrigo-Caceres-300x198.jpg?resize=300%2C198\" alt=\"Rodrigo C\u00e1ceres, director de CIA Nomades de Santiago.\" width=\"300\" height=\"198\" srcset=\"https:\/\/i0.wp.com\/eltrabajo.cl\/portal\/wp-content\/uploads\/2016\/02\/Rodrigo-Caceres.jpg?resize=300%2C198&amp;ssl=1 300w, https:\/\/i0.wp.com\/eltrabajo.cl\/portal\/wp-content\/uploads\/2016\/02\/Rodrigo-Caceres.jpg?resize=200%2C132&amp;ssl=1 200w, https:\/\/i0.wp.com\/eltrabajo.cl\/portal\/wp-content\/uploads\/2016\/02\/Rodrigo-Caceres.jpg?resize=228%2C150&amp;ssl=1 228w, https:\/\/i0.wp.com\/eltrabajo.cl\/portal\/wp-content\/uploads\/2016\/02\/Rodrigo-Caceres.jpg?resize=400%2C263&amp;ssl=1 400w, https:\/\/i0.wp.com\/eltrabajo.cl\/portal\/wp-content\/uploads\/2016\/02\/Rodrigo-Caceres.jpg?w=530&amp;ssl=1 530w\" sizes=\"auto, (max-width: 300px) 100vw, 300px\" \/><\/a><figcaption id=\"caption-attachment-67268\" class=\"wp-caption-text\">Rodrigo C\u00e1ceres, director de CIA Nomades de Santiago.<\/figcaption><\/figure>\n<p><strong>Obra de Ernest Hemingway presentada con t\u00edteres gigantes:<\/strong><\/p>\n<p>Un feroz ataque de tiburones en nuestra Plaza C\u00edvica; un viejo batallando y sudando la gota gorda contra un enorme \u2018Moby Dick\u2019 que lo arrastra m\u00e1s y m\u00e1s hacia mar adentro y un hipnotizado p\u00fablico que no pesta\u00f1eaba ni un segundo para no perderse cada escena de esta obra teatral, es lo que se vivi\u00f3 el s\u00e1bado en horas de la ma\u00f1ana en ese sector de nuestra ciudad.<br \/>\nSe trata de una adaptaci\u00f3n de \u2018El viejo y el mar\u2019, historia escrita por Ernest Hemingway en 1951 en Cuba y publicada en 1952, que la Compa\u00f1\u00eda de Teatro Nomades de Santiago puso en escena para todo el p\u00fablico familiar que lleg\u00f3 a disfrutar de su trabajo.<br \/>\nHubo bastante expectaci\u00f3n entre lo ni\u00f1os, pues la obra fue desarrollada con un gigantesco t\u00edtere como personaje de \u2018Santiago\u2019 (El Viejo) y otros como intimidantes tiburones que le arrebatan a Moby Dick despu\u00e9s de cazarlo.<br \/>\n\u00abNuestra Compa\u00f1\u00eda est\u00e1 compuesta por once artistas, llevamos ya 70 funciones realizadas con esta obra en todo Chile, nos autofinanciamos para mantener este proyecto activo y a San Felipe llegamos por gesti\u00f3n de Ricardo Ruiz, directivo de Cultura de la municipalidad de esta comuna\u00bb, coment\u00f3 a Diario El Trabajo el director de CIA Nomades, Rodrigo C\u00e1ceres.<\/p>\n<div class=\"tiled-gallery type-rectangular tiled-gallery-unresized\" data-original-width=\"640\" data-carousel-extra='null' itemscope itemtype=\"http:\/\/schema.org\/ImageGallery\" > <div class=\"gallery-row\" style=\"width: 640px; height: 283px;\" data-original-width=\"640\" data-original-height=\"283\" > <div class=\"gallery-group images-1\" style=\"width: 427px; height: 283px;\" data-original-width=\"427\" data-original-height=\"283\" > <div class=\"tiled-gallery-item tiled-gallery-item-large\" itemprop=\"associatedMedia\" itemscope itemtype=\"http:\/\/schema.org\/ImageObject\"> <a href=\"https:\/\/eltrabajo.cl\/portal\/el-viejo-y-el-mar-hizo-gritar-de-emocion-a-ninos-en-la-plaza-civica\/ataque1\/\" border=\"0\" itemprop=\"url\"> <meta itemprop=\"width\" content=\"423\"> <meta itemprop=\"height\" content=\"279\"> <img decoding=\"async\" class=\"\" data-attachment-id=\"67271\" data-orig-file=\"https:\/\/eltrabajo.cl\/portal\/wp-content\/uploads\/2016\/02\/Ataque1.jpg\" data-orig-size=\"530,350\" data-comments-opened=\"1\" data-image-meta=\"{&quot;aperture&quot;:&quot;0&quot;,&quot;credit&quot;:&quot;&quot;,&quot;camera&quot;:&quot;&quot;,&quot;caption&quot;:&quot;&quot;,&quot;created_timestamp&quot;:&quot;0&quot;,&quot;copyright&quot;:&quot;&quot;,&quot;focal_length&quot;:&quot;0&quot;,&quot;iso&quot;:&quot;0&quot;,&quot;shutter_speed&quot;:&quot;0&quot;,&quot;title&quot;:&quot;&quot;,&quot;orientation&quot;:&quot;0&quot;}\" data-image-title=\"ELECTRIZANTE.- En esta escena, \u2018Santiago\u2019 arremete contra los tiburones, que finalmente le roban la presa en esta adaptaci\u00f3n del cuento.\" data-image-description=\"&lt;p&gt;ELECTRIZANTE.- En esta escena, \u2018Santiago\u2019 arremete contra los tiburones, que finalmente le roban la presa en esta adaptaci\u00f3n del cuento.&lt;\/p&gt; \" data-medium-file=\"https:\/\/i0.wp.com\/eltrabajo.cl\/portal\/wp-content\/uploads\/2016\/02\/Ataque1.jpg?fit=300%2C198&#038;ssl=1\" data-large-file=\"https:\/\/i0.wp.com\/eltrabajo.cl\/portal\/wp-content\/uploads\/2016\/02\/Ataque1.jpg?fit=530%2C350&#038;ssl=1\" src=\"https:\/\/i0.wp.com\/eltrabajo.cl\/portal\/wp-content\/uploads\/2016\/02\/Ataque1.jpg?w=423&#038;h=279&#038;ssl=1\" srcset=\"https:\/\/i0.wp.com\/eltrabajo.cl\/portal\/wp-content\/uploads\/2016\/02\/Ataque1.jpg?w=530&amp;ssl=1 530w, https:\/\/i0.wp.com\/eltrabajo.cl\/portal\/wp-content\/uploads\/2016\/02\/Ataque1.jpg?resize=200%2C132&amp;ssl=1 200w, https:\/\/i0.wp.com\/eltrabajo.cl\/portal\/wp-content\/uploads\/2016\/02\/Ataque1.jpg?resize=300%2C198&amp;ssl=1 300w, https:\/\/i0.wp.com\/eltrabajo.cl\/portal\/wp-content\/uploads\/2016\/02\/Ataque1.jpg?resize=227%2C150&amp;ssl=1 227w, https:\/\/i0.wp.com\/eltrabajo.cl\/portal\/wp-content\/uploads\/2016\/02\/Ataque1.jpg?resize=400%2C264&amp;ssl=1 400w\" width=\"423\" height=\"279\" loading=\"lazy\" data-original-width=\"423\" data-original-height=\"279\" itemprop=\"http:\/\/schema.org\/image\" title=\"ELECTRIZANTE.- En esta escena, \u2018Santiago\u2019 arremete contra los tiburones, que finalmente le roban la presa en esta adaptaci\u00f3n del cuento.\" alt=\"ELECTRIZANTE.- En esta escena, \u2018Santiago\u2019 arremete contra los tiburones, que finalmente le roban la presa en esta adaptaci\u00f3n del cuento.\" style=\"width: 423px; height: 279px;\" \/> <\/a> <div class=\"tiled-gallery-caption\" itemprop=\"caption description\"> ELECTRIZANTE.- En esta escena, \u2018Santiago\u2019 arremete contra los tiburones, que finalmente le roban la presa en esta adaptaci\u00f3n del cuento. <\/div> <\/div> <\/div> <!-- close group --> <div class=\"gallery-group images-2\" style=\"width: 213px; height: 283px;\" data-original-width=\"213\" data-original-height=\"283\" > <div class=\"tiled-gallery-item tiled-gallery-item-small\" itemprop=\"associatedMedia\" itemscope itemtype=\"http:\/\/schema.org\/ImageObject\"> <a href=\"https:\/\/eltrabajo.cl\/portal\/el-viejo-y-el-mar-hizo-gritar-de-emocion-a-ninos-en-la-plaza-civica\/viejo2\/\" border=\"0\" itemprop=\"url\"> <meta itemprop=\"width\" content=\"209\"> <meta itemprop=\"height\" content=\"138\"> <img decoding=\"async\" class=\"\" data-attachment-id=\"67270\" data-orig-file=\"https:\/\/eltrabajo.cl\/portal\/wp-content\/uploads\/2016\/02\/Viejo2.jpg\" data-orig-size=\"530,350\" data-comments-opened=\"1\" data-image-meta=\"{&quot;aperture&quot;:&quot;0&quot;,&quot;credit&quot;:&quot;&quot;,&quot;camera&quot;:&quot;&quot;,&quot;caption&quot;:&quot;&quot;,&quot;created_timestamp&quot;:&quot;0&quot;,&quot;copyright&quot;:&quot;&quot;,&quot;focal_length&quot;:&quot;0&quot;,&quot;iso&quot;:&quot;0&quot;,&quot;shutter_speed&quot;:&quot;0&quot;,&quot;title&quot;:&quot;&quot;,&quot;orientation&quot;:&quot;0&quot;}\" data-image-title=\"COLOSAL BATALLA.- Vemos aqu\u00ed a nuestro anciano pescador luchando contra Moby Dick, el enorme pez espada de la historia.\" data-image-description=\"&lt;p&gt;COLOSAL BATALLA.- Vemos aqu\u00ed a nuestro anciano pescador luchando contra Moby Dick, el enorme pez espada de la historia.&lt;\/p&gt; \" data-medium-file=\"https:\/\/i0.wp.com\/eltrabajo.cl\/portal\/wp-content\/uploads\/2016\/02\/Viejo2.jpg?fit=300%2C198&#038;ssl=1\" data-large-file=\"https:\/\/i0.wp.com\/eltrabajo.cl\/portal\/wp-content\/uploads\/2016\/02\/Viejo2.jpg?fit=530%2C350&#038;ssl=1\" src=\"https:\/\/i0.wp.com\/eltrabajo.cl\/portal\/wp-content\/uploads\/2016\/02\/Viejo2.jpg?w=209&#038;h=138&#038;ssl=1\" srcset=\"https:\/\/i0.wp.com\/eltrabajo.cl\/portal\/wp-content\/uploads\/2016\/02\/Viejo2.jpg?w=530&amp;ssl=1 530w, https:\/\/i0.wp.com\/eltrabajo.cl\/portal\/wp-content\/uploads\/2016\/02\/Viejo2.jpg?resize=200%2C132&amp;ssl=1 200w, https:\/\/i0.wp.com\/eltrabajo.cl\/portal\/wp-content\/uploads\/2016\/02\/Viejo2.jpg?resize=300%2C198&amp;ssl=1 300w, https:\/\/i0.wp.com\/eltrabajo.cl\/portal\/wp-content\/uploads\/2016\/02\/Viejo2.jpg?resize=227%2C150&amp;ssl=1 227w, https:\/\/i0.wp.com\/eltrabajo.cl\/portal\/wp-content\/uploads\/2016\/02\/Viejo2.jpg?resize=400%2C264&amp;ssl=1 400w\" width=\"209\" height=\"138\" loading=\"lazy\" data-original-width=\"209\" data-original-height=\"138\" itemprop=\"http:\/\/schema.org\/image\" title=\"COLOSAL BATALLA.- Vemos aqu\u00ed a nuestro anciano pescador luchando contra Moby Dick, el enorme pez espada de la historia.\" alt=\"COLOSAL BATALLA.- Vemos aqu\u00ed a nuestro anciano pescador luchando contra Moby Dick, el enorme pez espada de la historia.\" style=\"width: 209px; height: 138px;\" \/> <\/a> <div class=\"tiled-gallery-caption\" itemprop=\"caption description\"> COLOSAL BATALLA.- Vemos aqu\u00ed a nuestro anciano pescador luchando contra Moby Dick, el enorme pez espada de la historia. <\/div> <\/div> <div class=\"tiled-gallery-item tiled-gallery-item-small\" itemprop=\"associatedMedia\" itemscope itemtype=\"http:\/\/schema.org\/ImageObject\"> <a href=\"https:\/\/eltrabajo.cl\/portal\/el-viejo-y-el-mar-hizo-gritar-de-emocion-a-ninos-en-la-plaza-civica\/viejo1\/\" border=\"0\" itemprop=\"url\"> <meta itemprop=\"width\" content=\"209\"> <meta itemprop=\"height\" content=\"137\"> <img decoding=\"async\" class=\"\" data-attachment-id=\"67269\" data-orig-file=\"https:\/\/eltrabajo.cl\/portal\/wp-content\/uploads\/2016\/02\/Viejo1.jpg\" data-orig-size=\"530,349\" data-comments-opened=\"1\" data-image-meta=\"{&quot;aperture&quot;:&quot;0&quot;,&quot;credit&quot;:&quot;&quot;,&quot;camera&quot;:&quot;&quot;,&quot;caption&quot;:&quot;&quot;,&quot;created_timestamp&quot;:&quot;0&quot;,&quot;copyright&quot;:&quot;&quot;,&quot;focal_length&quot;:&quot;0&quot;,&quot;iso&quot;:&quot;0&quot;,&quot;shutter_speed&quot;:&quot;0&quot;,&quot;title&quot;:&quot;&quot;,&quot;orientation&quot;:&quot;0&quot;}\" data-image-title=\"Peques y grandes posaron para nuestras c\u00e1maras en compa\u00f1\u00eda de los j\u00f3venes actores de CIA Nomades.\" data-image-description=\"&lt;p&gt;Peques y grandes posaron para nuestras c\u00e1maras en compa\u00f1\u00eda de los j\u00f3venes actores de CIA Nomades.&lt;\/p&gt; \" data-medium-file=\"https:\/\/i0.wp.com\/eltrabajo.cl\/portal\/wp-content\/uploads\/2016\/02\/Viejo1.jpg?fit=300%2C198&#038;ssl=1\" data-large-file=\"https:\/\/i0.wp.com\/eltrabajo.cl\/portal\/wp-content\/uploads\/2016\/02\/Viejo1.jpg?fit=530%2C349&#038;ssl=1\" src=\"https:\/\/i0.wp.com\/eltrabajo.cl\/portal\/wp-content\/uploads\/2016\/02\/Viejo1.jpg?w=209&#038;h=137&#038;ssl=1\" srcset=\"https:\/\/i0.wp.com\/eltrabajo.cl\/portal\/wp-content\/uploads\/2016\/02\/Viejo1.jpg?w=530&amp;ssl=1 530w, https:\/\/i0.wp.com\/eltrabajo.cl\/portal\/wp-content\/uploads\/2016\/02\/Viejo1.jpg?resize=200%2C132&amp;ssl=1 200w, https:\/\/i0.wp.com\/eltrabajo.cl\/portal\/wp-content\/uploads\/2016\/02\/Viejo1.jpg?resize=300%2C198&amp;ssl=1 300w, https:\/\/i0.wp.com\/eltrabajo.cl\/portal\/wp-content\/uploads\/2016\/02\/Viejo1.jpg?resize=228%2C150&amp;ssl=1 228w, https:\/\/i0.wp.com\/eltrabajo.cl\/portal\/wp-content\/uploads\/2016\/02\/Viejo1.jpg?resize=400%2C263&amp;ssl=1 400w\" width=\"209\" height=\"137\" loading=\"lazy\" data-original-width=\"209\" data-original-height=\"137\" itemprop=\"http:\/\/schema.org\/image\" title=\"Peques y grandes posaron para nuestras c\u00e1maras en compa\u00f1\u00eda de los j\u00f3venes actores de CIA Nomades.\" alt=\"Peques y grandes posaron para nuestras c\u00e1maras en compa\u00f1\u00eda de los j\u00f3venes actores de CIA Nomades.\" style=\"width: 209px; height: 137px;\" \/> <\/a> <div class=\"tiled-gallery-caption\" itemprop=\"caption description\"> Peques y grandes posaron para nuestras c\u00e1maras en compa\u00f1\u00eda de los j\u00f3venes actores de CIA Nomades. <\/div> <\/div> <\/div> <!-- close group --> <\/div> <!-- close row --> <\/div>\n","protected":false},"excerpt":{"rendered":"<p>Obra de Ernest Hemingway presentada con t\u00edteres gigantes: Un feroz ataque de tiburones en nuestra Plaza C\u00edvica; un viejo batallando y sudando la gota gorda contra un enorme \u2018Moby Dick\u2019 que lo&#8230;<\/p>\n","protected":false},"author":1,"featured_media":67269,"comment_status":"open","ping_status":"open","sticky":false,"template":"","format":"standard","meta":{"advanced_seo_description":"","jetpack_seo_html_title":"","jetpack_seo_noindex":false,"_jetpack_memberships_contains_paid_content":false,"footnotes":""},"categories":[20],"tags":[],"class_list":["post-67266","post","type-post","status-publish","format-standard","has-post-thumbnail","hentry","category-arte-y-cultura"],"jetpack_featured_media_url":"https:\/\/i0.wp.com\/eltrabajo.cl\/portal\/wp-content\/uploads\/2016\/02\/Viejo1.jpg?fit=530%2C349&ssl=1","jetpack_sharing_enabled":true,"jetpack_likes_enabled":true,"jetpack-related-posts":[],"_links":{"self":[{"href":"https:\/\/eltrabajo.cl\/portal\/wp-json\/wp\/v2\/posts\/67266","targetHints":{"allow":["GET"]}}],"collection":[{"href":"https:\/\/eltrabajo.cl\/portal\/wp-json\/wp\/v2\/posts"}],"about":[{"href":"https:\/\/eltrabajo.cl\/portal\/wp-json\/wp\/v2\/types\/post"}],"author":[{"embeddable":true,"href":"https:\/\/eltrabajo.cl\/portal\/wp-json\/wp\/v2\/users\/1"}],"replies":[{"embeddable":true,"href":"https:\/\/eltrabajo.cl\/portal\/wp-json\/wp\/v2\/comments?post=67266"}],"version-history":[{"count":0,"href":"https:\/\/eltrabajo.cl\/portal\/wp-json\/wp\/v2\/posts\/67266\/revisions"}],"wp:featuredmedia":[{"embeddable":true,"href":"https:\/\/eltrabajo.cl\/portal\/wp-json\/wp\/v2\/media\/67269"}],"wp:attachment":[{"href":"https:\/\/eltrabajo.cl\/portal\/wp-json\/wp\/v2\/media?parent=67266"}],"wp:term":[{"taxonomy":"category","embeddable":true,"href":"https:\/\/eltrabajo.cl\/portal\/wp-json\/wp\/v2\/categories?post=67266"},{"taxonomy":"post_tag","embeddable":true,"href":"https:\/\/eltrabajo.cl\/portal\/wp-json\/wp\/v2\/tags?post=67266"}],"curies":[{"name":"wp","href":"https:\/\/api.w.org\/{rel}","templated":true}]}}