{"id":67274,"date":"2016-02-29T09:29:56","date_gmt":"2016-02-29T12:29:56","guid":{"rendered":"http:\/\/www.eltrabajo.cl\/portal\/?p=67274"},"modified":"2016-02-29T09:29:57","modified_gmt":"2016-02-29T12:29:57","slug":"caen-posibles-autores-de-robo-a-radio-cuando-intentaban-segundo-golpe","status":"publish","type":"post","link":"https:\/\/eltrabajo.cl\/portal\/caen-posibles-autores-de-robo-a-radio-cuando-intentaban-segundo-golpe\/","title":{"rendered":"Caen posibles autores de robo a radio cuando intentaban segundo golpe"},"content":{"rendered":"<figure id=\"attachment_67275\" aria-describedby=\"caption-attachment-67275\" style=\"width: 530px\" class=\"wp-caption alignleft\"><a href=\"http:\/\/www.eltrabajo.cl\/portal\/caen-posibles-autores-de-robo-a-radio-cuando-intentaban-segundo-golpe\/vehiculo-3\/\" rel=\"attachment wp-att-67275\"><img data-recalc-dims=\"1\" loading=\"lazy\" decoding=\"async\" class=\"size-full wp-image-67275\" src=\"https:\/\/i0.wp.com\/www.eltrabajo.cl\/portal\/wp-content\/uploads\/2016\/02\/vehiculo.jpg?resize=530%2C349\" alt=\"El veh\u00edculo utilizado por la banda delictual fue incautado por Carabineros.\" width=\"530\" height=\"349\" srcset=\"https:\/\/i0.wp.com\/eltrabajo.cl\/portal\/wp-content\/uploads\/2016\/02\/vehiculo.jpg?w=530&amp;ssl=1 530w, https:\/\/i0.wp.com\/eltrabajo.cl\/portal\/wp-content\/uploads\/2016\/02\/vehiculo.jpg?resize=200%2C132&amp;ssl=1 200w, https:\/\/i0.wp.com\/eltrabajo.cl\/portal\/wp-content\/uploads\/2016\/02\/vehiculo.jpg?resize=300%2C198&amp;ssl=1 300w, https:\/\/i0.wp.com\/eltrabajo.cl\/portal\/wp-content\/uploads\/2016\/02\/vehiculo.jpg?resize=228%2C150&amp;ssl=1 228w, https:\/\/i0.wp.com\/eltrabajo.cl\/portal\/wp-content\/uploads\/2016\/02\/vehiculo.jpg?resize=400%2C263&amp;ssl=1 400w\" sizes=\"auto, (max-width: 530px) 100vw, 530px\" \/><\/a><figcaption id=\"caption-attachment-67275\" class=\"wp-caption-text\">El veh\u00edculo utilizado por la banda delictual fue incautado por Carabineros.<\/figcaption><\/figure>\n<p><strong>Carabineros captura a banda delictual portando un sinf\u00edn de herramientas:<\/strong><\/p>\n<p>Personal de la SIP arrest\u00f3 a dos sujetos con herramientas en las afueras de radioemisora L\u00edder de calle Portus que el pasado viernes ya hab\u00eda sido v\u00edctima de robo. Carabineros adem\u00e1s captur\u00f3 al conductor del m\u00f3vil junto a dos mujeres, todos provenientes de la comuna de Quillota.<br \/>\nCon apenas dos semanas al aire, Radio L\u00edder FM sufri\u00f3 un millonario robo de equipos de transmisi\u00f3n que silenciaron por algunas horas su programaci\u00f3n. Sin embargo, con algo de esfuerzo y ayuda lograron volver con su se\u00f1al al dial 95.1, entregando las razones del ataque delictual. Su director, Marcelo Jara, acusa derechamente un sabotaje.<br \/>\nPese a que los hechos ocurridos en la madrugada del pasado viernes se encontraban en investigaci\u00f3n por Carabineros, a eso de las 01:30 horas de la madrugada de ayer domingo, sorpresivamente dos sujetos se hallaban nuevamente en las afueras de los estudios de Radio L\u00edder FM ubicados en calle Portus 219. Seg\u00fan inform\u00f3 Carabineros, los desconocidos intentaban abrir el candado con un elemento contundente cuando fueron sorprendidos por personal de la Secci\u00f3n de Investigaci\u00f3n Policial, SIP, quienes los interceptaron para practicarles un control de identidad.<br \/>\nLos efectivos revisaron las pertenencias de estos individuos, encontrando al interior de una mochila distintas herramientas, por lo cual fueron detenidos. No obstante, en medio del procedimiento, un veh\u00edculo marca Mistsubishi modelo Station Wagon de color blanco, se aproxim\u00f3 al lugar de los hechos, pero uno de los delincuentes hizo un gesto con la mano para que se retirara del lugar producto de la detenci\u00f3n que realizaba Carabineros con su personal de civil.<br \/>\nEl conductor de este m\u00f3vil sorpresivamente vir\u00f3 hacia calle Prat en direcci\u00f3n al poniente para huir del lugar, por lo que el veh\u00edculo se encarg\u00f3 a todas las unidades por su presunta participaci\u00f3n en los hechos. Sin embargo, a trav\u00e9s de la descripci\u00f3n del autom\u00f3vil, se percataron que ser\u00eda el mismo que habr\u00eda ejecutado el millonario robo de equipos transmisores durante la madrugada del viernes en los estudios de la radioemisora.<br \/>\nMinutos m\u00e1s tarde los efectivos policiales interceptaron el veh\u00edculo placa patente SX 71 95 circulando por calle Combate de Las Coimas esquinas Carlos Condell de San Felipe, conducido por un sujeto que estaba acompa\u00f1ado por dos mujeres. Al revisar el interior del autom\u00f3vil, Carabineros descubri\u00f3 que \u00e9ste manten\u00eda herramientas como una galletera el\u00e9ctrica, un combo de color amarillo, un alargador de corriente, cinco discos de corte para galleteras; todos estos medios de pruebas para que los tres sujetos quedaran detenidos.<br \/>\nEn tanto los imputados detenidos en calle Portus, manten\u00edan elementos tales como: discos de corte para galleteras, destornilladores, alicates, guantes, pasamonta\u00f1as, pa\u00f1oletas, serruchos, diablitos, huinchas, encendedores y cortaplumas entre otras especies conocidas para perpetrar delitos.<br \/>\nLos imputados fueron identificados como \u00c1lvaro Patricio Terrazas Olivares (30), Jaime Eduardo Rojas Braun (39), Sergio Enrique Bucarey Pizarro (35), Alexandra Dominique Castro Gonz\u00e1lez (19), B\u00e1rbara Estefan\u00eda Rachet Gonz\u00e1lez (24). Carabineros inform\u00f3 que todos los acusados registran domicilio en la comuna de Quillota y dos de ellos mantienen antecedentes por delitos de robo con fuerza, robo por sorpresa, robo con violencia y hurto.<br \/>\nPor disposici\u00f3n del Fiscal de turno, los imputados quedaron en libertad a la espera de citaci\u00f3n por parte del Ministerio P\u00fablico, orden\u00e1ndose la incautaci\u00f3n de las especies y el veh\u00edculo utilizado que no reportaba encargo por robo.<br \/>\nAunque no se logr\u00f3 la recuperaci\u00f3n de las especies sustra\u00eddas a la radioemisora afectada, personal de la SIP de Carabineros se mantiene en la investigaci\u00f3n de estos sujetos que podr\u00edan estar ligados a la perpetraci\u00f3n de este robo, dado a que las c\u00e1maras de seguridad registraron este mismo veh\u00edculo estacionado en calle Portus, donde dos individuos desconocidos ingresaban de madrugada hasta los estudios radiales para concretar el robo de los equipos de transmisi\u00f3n avaluados en diez millones de pesos.<br \/>\nAnte esta actualizaci\u00f3n de los hechos, el Director de Radio L\u00edder FM, Marcelo Jara se refiri\u00f3 a que los sujetos no se llevaron especies de f\u00e1cil reducci\u00f3n en el mercado informal y que ven\u00edan dispuestos a llevarse equipos de alta tecnolog\u00eda exclusivamente para transmisiones radiales.<br \/>\n\u201cEstamos con bastante impotencia porque esto es claramente un sabotaje de robo de equipos millonarios, gente que viene mandada a robar equipos espec\u00edficos de radio, no es un robo com\u00fan, los tipos no cortaron ning\u00fan cable, se llevaron un equipo de control, dos computadores, un amplificador de aud\u00edfonos, un enlace y procesador de audio. Curiosamente dejaron botado un televisor led y micr\u00f3fonos\u201d.<br \/>\nJara mantiene informaciones de que existen las grabaciones donde se registraron los movimientos de estos sujetos, y que est\u00e1n en poder de la SIP de Carabineros que mantiene abierta la investigaci\u00f3n de estos hechos tras la liberaci\u00f3n de estos individuos.<br \/>\n\u201cEstos sujetos vuelven nuevamente, la vez anterior cambiaron el candado y dejaron otro que no era de nosotros, lo que manifiesta que ten\u00edan todo fr\u00edamente calculado. Estamos hablando que los sujetos andaban en el mismo veh\u00edculo que estaba siendo buscado por la polic\u00eda. Se ve que ven\u00edan nuevamente a ingresar a la radio, se les dilat\u00f3 el tema porque esta vez se encontraron con un candado bloqueado y las c\u00e1maras los detectaron en el lugar nuevamente\u201d.<br \/>\nEl director de la 95.1 FM visiblemente molesto con la liberaci\u00f3n de estos sujetos que no fueron sometidos a control de detenci\u00f3n por parte de la Fiscal\u00eda, pese a que los acusados cuentan con antecedentes policiales, insisti\u00f3 en que todo se tratar\u00eda de un sabotaje para silenciar su radioemisora: \u201cParece que le molest\u00f3 a m\u00e1s de alguien que nosotros a pesar de todo, con la ayuda de amigos y gente que est\u00e1 con nosotros, nos facilitaron equipos para volver con la se\u00f1al. Estos tipos vuelven nuevamente a 48 horas justamente para terminar la misi\u00f3n de querer callarnos, ahora con ese tipo de herramientas que manten\u00edan ven\u00edan derechamente a destruirnos\u201d, sentenci\u00f3 Jara.<br \/>\n<strong>Pablo Salinas Sald\u00edas<\/strong><\/p>\n","protected":false},"excerpt":{"rendered":"<p>Carabineros captura a banda delictual portando un sinf\u00edn de herramientas: Personal de la SIP arrest\u00f3 a dos sujetos con herramientas en las afueras de radioemisora L\u00edder de calle Portus que el pasado&#8230;<\/p>\n","protected":false},"author":1,"featured_media":67275,"comment_status":"open","ping_status":"open","sticky":false,"template":"","format":"standard","meta":{"advanced_seo_description":"","jetpack_seo_html_title":"","jetpack_seo_noindex":false,"_jetpack_memberships_contains_paid_content":false,"footnotes":""},"categories":[21],"tags":[],"class_list":["post-67274","post","type-post","status-publish","format-standard","has-post-thumbnail","hentry","category-policial"],"jetpack_featured_media_url":"https:\/\/i0.wp.com\/eltrabajo.cl\/portal\/wp-content\/uploads\/2016\/02\/vehiculo.jpg?fit=530%2C349&ssl=1","jetpack_sharing_enabled":true,"jetpack_likes_enabled":true,"jetpack-related-posts":[],"_links":{"self":[{"href":"https:\/\/eltrabajo.cl\/portal\/wp-json\/wp\/v2\/posts\/67274","targetHints":{"allow":["GET"]}}],"collection":[{"href":"https:\/\/eltrabajo.cl\/portal\/wp-json\/wp\/v2\/posts"}],"about":[{"href":"https:\/\/eltrabajo.cl\/portal\/wp-json\/wp\/v2\/types\/post"}],"author":[{"embeddable":true,"href":"https:\/\/eltrabajo.cl\/portal\/wp-json\/wp\/v2\/users\/1"}],"replies":[{"embeddable":true,"href":"https:\/\/eltrabajo.cl\/portal\/wp-json\/wp\/v2\/comments?post=67274"}],"version-history":[{"count":0,"href":"https:\/\/eltrabajo.cl\/portal\/wp-json\/wp\/v2\/posts\/67274\/revisions"}],"wp:featuredmedia":[{"embeddable":true,"href":"https:\/\/eltrabajo.cl\/portal\/wp-json\/wp\/v2\/media\/67275"}],"wp:attachment":[{"href":"https:\/\/eltrabajo.cl\/portal\/wp-json\/wp\/v2\/media?parent=67274"}],"wp:term":[{"taxonomy":"category","embeddable":true,"href":"https:\/\/eltrabajo.cl\/portal\/wp-json\/wp\/v2\/categories?post=67274"},{"taxonomy":"post_tag","embeddable":true,"href":"https:\/\/eltrabajo.cl\/portal\/wp-json\/wp\/v2\/tags?post=67274"}],"curies":[{"name":"wp","href":"https:\/\/api.w.org\/{rel}","templated":true}]}}