{"id":67279,"date":"2016-03-01T08:45:12","date_gmt":"2016-03-01T11:45:12","guid":{"rendered":"http:\/\/www.eltrabajo.cl\/portal\/?p=67279"},"modified":"2016-03-01T08:45:12","modified_gmt":"2016-03-01T11:45:12","slug":"condenan-a-6-anos-de-carcel-a-traficante-de-drogas-en-catemu","status":"publish","type":"post","link":"https:\/\/eltrabajo.cl\/portal\/condenan-a-6-anos-de-carcel-a-traficante-de-drogas-en-catemu\/","title":{"rendered":"Condenan a 6 a\u00f1os de c\u00e1rcel a traficante de drogas en Catemu"},"content":{"rendered":"<figure id=\"attachment_67280\" aria-describedby=\"caption-attachment-67280\" style=\"width: 300px\" class=\"wp-caption alignleft\"><a href=\"http:\/\/www.eltrabajo.cl\/portal\/condenan-a-6-anos-de-carcel-a-traficante-de-drogas-en-catemu\/gloria-herrera-neira\/\" rel=\"attachment wp-att-67280\"><img data-recalc-dims=\"1\" loading=\"lazy\" decoding=\"async\" class=\"size-medium wp-image-67280\" src=\"https:\/\/i0.wp.com\/www.eltrabajo.cl\/portal\/wp-content\/uploads\/2016\/03\/GLORIA-HERRERA-NEIRA-300x198.jpg?resize=300%2C198\" alt=\"Gloria Herrera Neira, condenada a siete a\u00f1os y medio.\" width=\"300\" height=\"198\" srcset=\"https:\/\/i0.wp.com\/eltrabajo.cl\/portal\/wp-content\/uploads\/2016\/03\/GLORIA-HERRERA-NEIRA.jpg?resize=300%2C198&amp;ssl=1 300w, https:\/\/i0.wp.com\/eltrabajo.cl\/portal\/wp-content\/uploads\/2016\/03\/GLORIA-HERRERA-NEIRA.jpg?resize=200%2C132&amp;ssl=1 200w, https:\/\/i0.wp.com\/eltrabajo.cl\/portal\/wp-content\/uploads\/2016\/03\/GLORIA-HERRERA-NEIRA.jpg?resize=228%2C150&amp;ssl=1 228w, https:\/\/i0.wp.com\/eltrabajo.cl\/portal\/wp-content\/uploads\/2016\/03\/GLORIA-HERRERA-NEIRA.jpg?resize=400%2C263&amp;ssl=1 400w, https:\/\/i0.wp.com\/eltrabajo.cl\/portal\/wp-content\/uploads\/2016\/03\/GLORIA-HERRERA-NEIRA.jpg?w=530&amp;ssl=1 530w\" sizes=\"auto, (max-width: 300px) 100vw, 300px\" \/><\/a><figcaption id=\"caption-attachment-67280\" class=\"wp-caption-text\">Gloria Herrera Neira, condenada a siete a\u00f1os y medio.<\/figcaption><\/figure>\n<p><strong>Fallo judicial a\u00f1ade 541 d\u00edas por tenencia de municiones:<\/strong><\/p>\n<p>Tras las diligencias efectuadas por peritos del OS7 de Carabineros, la Fiscal\u00eda logr\u00f3 llevar a juicio a esta joven mujer reincidente en este tipo de delitos y quien actualmente se encuentra tras las rejas.<br \/>\nLa terna de jueces del Tribunal Oral en Lo Penal de San Felipe, conden\u00f3 a Gloria Herrera Neira a cumplir una pena efectiva de seis a\u00f1os de presidio y el pago de una multa de 10 Unidades Tributarias Mensuales por el delito de tr\u00e1fico de drogas cometido en la comuna de Catemu el a\u00f1o 2015.<br \/>\nLa sentencia judicial a\u00f1ade adem\u00e1s que se condena a la mujer a 541 d\u00edas de presidio por el delito de tenencia ilegal de municiones luego de las pruebas presentadas por el Ministerio P\u00fablico de San Felipe en contra de la actual condenada, descont\u00e1ndose los d\u00edas que ha permanecido privada de libertad desde el mes de agosto del a\u00f1o reci\u00e9n pasado.<br \/>\nEste tribunal dio por acreditada la tesis del Fiscal Julio Palacios Bobadilla que acus\u00f3 a la mujer tras ser sorprendida por el OS7 de Carabineros de San Felipe, comercializando sustancias il\u00edcitas desde su vivienda ubicada en calle La Concepci\u00f3n en la comuna de Catemu, confirmando la venta il\u00edcita de drogas el d\u00eda 19 de agosto de 2015.<br \/>\nEn aquel entonces, el Ministerio P\u00fablico remiti\u00f3 una orden de investigar a la polic\u00eda uniformada, concluyendo los operativos con la incautaci\u00f3n de drogas y municiones luego de efectuar vigilancias en el sitio del suceso, estableciendo que desde el inmueble de la acusada Gloria Herrera Neira concret\u00f3 hacia la v\u00eda p\u00fablica, la venta de tres envoltorios de pasta base de coca\u00edna.<br \/>\nDurante este procedimiento, Carabineros incaut\u00f3 dos cajas contenedoras de marihuana con 110 y 120 gramos respectivamente, $174.000 en efectivo, 15 gramos de pasta base de coca\u00edna dosificada en 120 envoltorios, m\u00e1s 54 gramos de esta misma sustancia al interior de una bolsa. Adem\u00e1s se decomisaron seis cartuchos de escopeta calibre 16 sin percutar.<br \/>\nDesde aquel d\u00eda, la entonces imputada fue formalizada quedando sujeta a la cautelar de prisi\u00f3n preventiva a la espera de juicio oral que se llev\u00f3 a cabo la semana pasada en el Tribunal Oral en Lo Penal de San Felipe. En esa instancia se condenaron estos hechos con pena privativa de libertad.<br \/>\nLa Fiscal\u00eda se mostr\u00f3 conforme con la sentencia en contra de la acusada, quedando a la espera que en los pr\u00f3ximos d\u00edas \u00e9sta quede firme y ejecutoriada, si es que eventualmente la Defensa no eleva un recurso de nulidad.<br \/>\n<strong>Pablo Salinas Sald\u00edas<\/strong><\/p>\n","protected":false},"excerpt":{"rendered":"<p>Fallo judicial a\u00f1ade 541 d\u00edas por tenencia de municiones: Tras las diligencias efectuadas por peritos del OS7 de Carabineros, la Fiscal\u00eda logr\u00f3 llevar a juicio a esta joven mujer reincidente en este&#8230;<\/p>\n","protected":false},"author":1,"featured_media":67280,"comment_status":"open","ping_status":"open","sticky":false,"template":"","format":"standard","meta":{"advanced_seo_description":"","jetpack_seo_html_title":"","jetpack_seo_noindex":false,"_jetpack_memberships_contains_paid_content":false,"footnotes":""},"categories":[21],"tags":[],"class_list":["post-67279","post","type-post","status-publish","format-standard","has-post-thumbnail","hentry","category-policial"],"jetpack_featured_media_url":"https:\/\/i0.wp.com\/eltrabajo.cl\/portal\/wp-content\/uploads\/2016\/03\/GLORIA-HERRERA-NEIRA.jpg?fit=530%2C349&ssl=1","jetpack_sharing_enabled":true,"jetpack_likes_enabled":true,"jetpack-related-posts":[],"_links":{"self":[{"href":"https:\/\/eltrabajo.cl\/portal\/wp-json\/wp\/v2\/posts\/67279","targetHints":{"allow":["GET"]}}],"collection":[{"href":"https:\/\/eltrabajo.cl\/portal\/wp-json\/wp\/v2\/posts"}],"about":[{"href":"https:\/\/eltrabajo.cl\/portal\/wp-json\/wp\/v2\/types\/post"}],"author":[{"embeddable":true,"href":"https:\/\/eltrabajo.cl\/portal\/wp-json\/wp\/v2\/users\/1"}],"replies":[{"embeddable":true,"href":"https:\/\/eltrabajo.cl\/portal\/wp-json\/wp\/v2\/comments?post=67279"}],"version-history":[{"count":0,"href":"https:\/\/eltrabajo.cl\/portal\/wp-json\/wp\/v2\/posts\/67279\/revisions"}],"wp:featuredmedia":[{"embeddable":true,"href":"https:\/\/eltrabajo.cl\/portal\/wp-json\/wp\/v2\/media\/67280"}],"wp:attachment":[{"href":"https:\/\/eltrabajo.cl\/portal\/wp-json\/wp\/v2\/media?parent=67279"}],"wp:term":[{"taxonomy":"category","embeddable":true,"href":"https:\/\/eltrabajo.cl\/portal\/wp-json\/wp\/v2\/categories?post=67279"},{"taxonomy":"post_tag","embeddable":true,"href":"https:\/\/eltrabajo.cl\/portal\/wp-json\/wp\/v2\/tags?post=67279"}],"curies":[{"name":"wp","href":"https:\/\/api.w.org\/{rel}","templated":true}]}}