{"id":67283,"date":"2016-03-01T08:47:20","date_gmt":"2016-03-01T11:47:20","guid":{"rendered":"http:\/\/www.eltrabajo.cl\/portal\/?p=67283"},"modified":"2016-03-01T08:47:20","modified_gmt":"2016-03-01T11:47:20","slug":"division-andina-mantiene-monitoreos-en-sectores-afectados-por-derrame","status":"publish","type":"post","link":"https:\/\/eltrabajo.cl\/portal\/division-andina-mantiene-monitoreos-en-sectores-afectados-por-derrame\/","title":{"rendered":"Divisi\u00f3n Andina mantiene monitoreos en sectores afectados por derrame"},"content":{"rendered":"<figure id=\"attachment_67284\" aria-describedby=\"caption-attachment-67284\" style=\"width: 530px\" class=\"wp-caption alignleft\"><a href=\"http:\/\/www.eltrabajo.cl\/portal\/division-andina-mantiene-monitoreos-en-sectores-afectados-por-derrame\/porta-derrame-2\/\" rel=\"attachment wp-att-67284\"><img data-recalc-dims=\"1\" loading=\"lazy\" decoding=\"async\" class=\"size-full wp-image-67284\" src=\"https:\/\/i0.wp.com\/www.eltrabajo.cl\/portal\/wp-content\/uploads\/2016\/03\/porta-derrame.jpg?resize=530%2C350\" alt=\"Luego del accidente ambiental, Codelco ha realizado una serie de monitoreos a fin de tranquilizar a la ciudadan\u00eda respecto de la calidad del agua del R\u00edo Aconcagua.\" width=\"530\" height=\"350\" srcset=\"https:\/\/i0.wp.com\/eltrabajo.cl\/portal\/wp-content\/uploads\/2016\/03\/porta-derrame.jpg?w=530&amp;ssl=1 530w, https:\/\/i0.wp.com\/eltrabajo.cl\/portal\/wp-content\/uploads\/2016\/03\/porta-derrame.jpg?resize=200%2C132&amp;ssl=1 200w, https:\/\/i0.wp.com\/eltrabajo.cl\/portal\/wp-content\/uploads\/2016\/03\/porta-derrame.jpg?resize=300%2C198&amp;ssl=1 300w, https:\/\/i0.wp.com\/eltrabajo.cl\/portal\/wp-content\/uploads\/2016\/03\/porta-derrame.jpg?resize=227%2C150&amp;ssl=1 227w, https:\/\/i0.wp.com\/eltrabajo.cl\/portal\/wp-content\/uploads\/2016\/03\/porta-derrame.jpg?resize=400%2C264&amp;ssl=1 400w\" sizes=\"auto, (max-width: 530px) 100vw, 530px\" \/><\/a><figcaption id=\"caption-attachment-67284\" class=\"wp-caption-text\">Luego del accidente ambiental, Codelco ha realizado una serie de monitoreos a fin de tranquilizar a la ciudadan\u00eda respecto de la calidad del agua del R\u00edo Aconcagua.<\/figcaption><\/figure>\n<p><strong style=\"line-height: 1.5;\">A ra\u00edz del incidente ambiental del pasado jueves:<\/strong><\/p>\n<p>Los resultados confirman que desde la tarde del incidente ocurrido el pasado 25 de febrero, la calidad del R\u00edo Aconcagua se ha mantenido en sus niveles hist\u00f3ricos.<br \/>\nLOS ANDES.- Codelco Divisi\u00f3n Andina informa que contin\u00faa el monitoreo del agua para el an\u00e1lisis de laboratorios externos certificados, luego del incidente ambiental ocurrido el jueves 25 de febrero, a fin de contribuir a dar tranquilidad a la ciudadan\u00eda respecto de la calidad del agua del R\u00edo Aconcagua.<br \/>\nLos resultados confirman que desde la tarde del incidente, la calidad del r\u00edo se ha mantenido en sus niveles hist\u00f3ricos. Prueba de ello, es que desde la noche de ese mismo d\u00eda, los regantes de la primera secci\u00f3n ya ten\u00edan el agua en condici\u00f3n de ser usada para el riego. En tanto, la empresa Esval retom\u00f3 su producci\u00f3n de agua potable a primera hora del viernes pasado, garantizando en un comunicado p\u00fablico la \u00abinocuidad de su consumo\u00bb. Esta condici\u00f3n fue ratificada por la autoridad sanitaria.<br \/>\nAdicionalmente, y de acuerdo a lo solicitado por la autoridad ambiental, el Centro de Ciencias Ambientales EULA-Chile de la Universidad de Concepci\u00f3n, inici\u00f3 un estudio para conocer la condici\u00f3n actual del r\u00edo y su biodiversidad, y compararla con la l\u00ednea base.<br \/>\nPor otra parte, se informa que el viernes 26 concluyeron los trabajos de limpieza y sanitizaci\u00f3n de la escuela de R\u00edo Blanco. A fin de dar mayor tranquilidad a las familias del sector, se est\u00e1n desarrollando an\u00e1lisis cient\u00edficos de suelo para descartar la presencia de cualquier traza de concentrado de cobre. En tanto, contin\u00faan las labores de limpieza en otros puntos espec\u00edficos en que se ha visualizado el concentrado, ubicados en la ribera del r\u00edo Blanco y en la localidad del mismo nombre.<br \/>\nEn paralelo, una comisi\u00f3n investigadora de Andina junto al an\u00e1lisis de un experto independiente, han logrado identificar que fue un elemento ajeno al sistema de transporte el que gener\u00f3 la obstrucci\u00f3n de la tuber\u00eda de concentrado. De acuerdo a esto, se han implementado medidas concretas para evitar que se repitan hechos similares. Junto con ello, el Servicio Nacional de Geolog\u00eda y Miner\u00eda (Sernageomin) ha permitido el restablecimiento de los par\u00e1metros operacionales bajo las condiciones y exigencias que el mismo servicio fiscalizar\u00e1 en terreno, por lo que la empresa ha comenzado gradualmente a normalizar sus operaciones.<br \/>\nCodelco Divisi\u00f3n Andina lamenta la alteraci\u00f3n que este acontecimiento ha provocado en nuestros vecinos y reitera su compromiso de trabajar con autoridades, comunidades y trabajadores en la implementaci\u00f3n de las acciones necesarias para evitar que vuelvan a ocurrir. De igual forma, ratifica su compromiso con avanzar hacia una operaci\u00f3n cada vez m\u00e1s sustentable y comprometida con el desarrollo del pa\u00eds.<\/p>\n","protected":false},"excerpt":{"rendered":"<p>A ra\u00edz del incidente ambiental del pasado jueves: Los resultados confirman que desde la tarde del incidente ocurrido el pasado 25 de febrero, la calidad del R\u00edo Aconcagua se ha mantenido en&#8230;<\/p>\n","protected":false},"author":1,"featured_media":67284,"comment_status":"open","ping_status":"open","sticky":false,"template":"","format":"standard","meta":{"advanced_seo_description":"","jetpack_seo_html_title":"","jetpack_seo_noindex":false,"_jetpack_memberships_contains_paid_content":false,"footnotes":""},"categories":[1],"tags":[],"class_list":["post-67283","post","type-post","status-publish","format-standard","has-post-thumbnail","hentry","category-cronica"],"jetpack_featured_media_url":"https:\/\/i0.wp.com\/eltrabajo.cl\/portal\/wp-content\/uploads\/2016\/03\/porta-derrame.jpg?fit=530%2C350&ssl=1","jetpack_sharing_enabled":true,"jetpack_likes_enabled":true,"jetpack-related-posts":[],"_links":{"self":[{"href":"https:\/\/eltrabajo.cl\/portal\/wp-json\/wp\/v2\/posts\/67283","targetHints":{"allow":["GET"]}}],"collection":[{"href":"https:\/\/eltrabajo.cl\/portal\/wp-json\/wp\/v2\/posts"}],"about":[{"href":"https:\/\/eltrabajo.cl\/portal\/wp-json\/wp\/v2\/types\/post"}],"author":[{"embeddable":true,"href":"https:\/\/eltrabajo.cl\/portal\/wp-json\/wp\/v2\/users\/1"}],"replies":[{"embeddable":true,"href":"https:\/\/eltrabajo.cl\/portal\/wp-json\/wp\/v2\/comments?post=67283"}],"version-history":[{"count":0,"href":"https:\/\/eltrabajo.cl\/portal\/wp-json\/wp\/v2\/posts\/67283\/revisions"}],"wp:featuredmedia":[{"embeddable":true,"href":"https:\/\/eltrabajo.cl\/portal\/wp-json\/wp\/v2\/media\/67284"}],"wp:attachment":[{"href":"https:\/\/eltrabajo.cl\/portal\/wp-json\/wp\/v2\/media?parent=67283"}],"wp:term":[{"taxonomy":"category","embeddable":true,"href":"https:\/\/eltrabajo.cl\/portal\/wp-json\/wp\/v2\/categories?post=67283"},{"taxonomy":"post_tag","embeddable":true,"href":"https:\/\/eltrabajo.cl\/portal\/wp-json\/wp\/v2\/tags?post=67283"}],"curies":[{"name":"wp","href":"https:\/\/api.w.org\/{rel}","templated":true}]}}