{"id":6729,"date":"2011-11-28T08:48:30","date_gmt":"2011-11-28T12:48:30","guid":{"rendered":"http:\/\/www.eltrabajo.cl\/portal\/?p=6729"},"modified":"2011-11-28T08:48:30","modified_gmt":"2011-11-28T12:48:30","slug":"gran-fiesta-por-una-navidad-unida-se-realizara-este-martes-en-san-felipe","status":"publish","type":"post","link":"https:\/\/eltrabajo.cl\/portal\/gran-fiesta-por-una-navidad-unida-se-realizara-este-martes-en-san-felipe\/","title":{"rendered":"Gran fiesta por una Navidad Unida se realizar\u00e1 este martes en San Felipe"},"content":{"rendered":"<p>&nbsp;<\/p>\n<figure id=\"attachment_6730\" aria-describedby=\"caption-attachment-6730\" style=\"width: 600px\" class=\"wp-caption alignnone\"><a href=\"http:\/\/www.eltrabajo.cl\/portal\/archives\/6729\/primera-dama\" rel=\"attachment wp-att-6730\"><img data-recalc-dims=\"1\" loading=\"lazy\" decoding=\"async\" class=\"size-full wp-image-6730\" title=\"Primera Dama\" src=\"https:\/\/i0.wp.com\/www.eltrabajo.cl\/portal\/wp-content\/uploads\/2011\/11\/Primera-Dama.jpg?resize=600%2C410\" alt=\"\" width=\"600\" height=\"410\" srcset=\"https:\/\/i0.wp.com\/eltrabajo.cl\/portal\/wp-content\/uploads\/2011\/11\/Primera-Dama.jpg?w=600&amp;ssl=1 600w, https:\/\/i0.wp.com\/eltrabajo.cl\/portal\/wp-content\/uploads\/2011\/11\/Primera-Dama.jpg?resize=200%2C136&amp;ssl=1 200w, https:\/\/i0.wp.com\/eltrabajo.cl\/portal\/wp-content\/uploads\/2011\/11\/Primera-Dama.jpg?resize=300%2C205&amp;ssl=1 300w, https:\/\/i0.wp.com\/eltrabajo.cl\/portal\/wp-content\/uploads\/2011\/11\/Primera-Dama.jpg?resize=150%2C102&amp;ssl=1 150w, https:\/\/i0.wp.com\/eltrabajo.cl\/portal\/wp-content\/uploads\/2011\/11\/Primera-Dama.jpg?resize=400%2C273&amp;ssl=1 400w\" sizes=\"auto, (max-width: 600px) 100vw, 600px\" \/><\/a><figcaption id=\"caption-attachment-6730\" class=\"wp-caption-text\">Este gran espect\u00e1culo para los m\u00e1s peque\u00f1os es preparado por el Gobierno junto al Gabinete de la Primera Dama. El Intendente junto a la Secretaria regional Ministerial de Gobierno y la Gobernadora Patricia Boffa, invitaron a los vecinos de la provincia a disfrutar del evento.<\/figcaption><\/figure>\n<p>&nbsp;<\/p>\n<ul>\n<li><strong>Backyardigans, Los Padrinos M\u00e1gicos y Barney, entre otros, ser\u00e1n la delicia de grandes y chicos.<\/strong><\/li>\n<\/ul>\n<p>San Felipe recibir\u00e1 el espect\u00e1culo \u201cUnidos en Navidad\u201d preparado por el Gobierno junto al Gabinete de la Primera Dama, evento que se realizar\u00e1 este martes 29 de noviembre a las 10:00 de la ma\u00f1ana en la plaza c\u00edvica.<\/p>\n<p>El espect\u00e1culo es una narraci\u00f3n de navidad que incluye al Viejito Pascuero, sus ayudantes y las aventuras de personajes originales como Backyardigans, Los Padrinos M\u00e1gicos y Barney, todos muy conocidos por los m\u00e1s peque\u00f1os.<\/p>\n<p>Todo lo anterior montado en un cami\u00f3n-escenario que tiene la capacidad de desplegar esta presentaci\u00f3n con la misma calidad en cualquier punto del pa\u00eds.<\/p>\n<p>El Intendente Ra\u00fal Celis junto a la Secretaria regional Ministerial de Gobierno, Mar\u00eda Angelica Silva y la Gobernadora Patricia Boffa, invitaron a los vecinos de la provincia a ser parte de esta fiesta que est\u00e1 desarrollando el Gobierno junto a la Primera Dama, para que la familia, en un ambiente de unidad y esperanza, disfrute de la navidad y de estos espect\u00e1culos que se han preparado especialmente para los ni\u00f1os.<\/p>\n<p>\u00abRealizar estas fiestas en la regi\u00f3n y en todo el pa\u00eds nos llena de alegr\u00eda porque nos permite compartir el esp\u00edritu de navidad en un ambiente de unidad, con la esperanza de que todas las familias de la regi\u00f3n tengan unas lindas fiestas de fin de a\u00f1o\u00bb, se\u00f1al\u00f3 Mar\u00eda Ang\u00e9lica Silva, Seremi de Gobierno.<\/p>\n<p>Los organizadores del encuentro, entre los que figuran diversos servicios p\u00fablicos como las Gobernaciones Provinciales, la Seremi de Gobierno, Junji y la Fundaci\u00f3n Integra, comentaron que esperan congregar a miles de ni\u00f1os y ni\u00f1as que disfrutar\u00e1n del espect\u00e1culo.<\/p>\n<p>\u00abEstamos muy felices y nuestras familias muy entusiasmadas en poder participar en esta hermosa fiesta educativa navide\u00f1a. Sabemos que habr\u00e1 una obra de teatro y adem\u00e1s muchos personajes del canal infantil Nickelodeon: Los Padrinos M\u00e1gicos, Backyardigans, Barney entre muchos otros personajes\u00bb, destac\u00f3 Evelyn Mansilla, Directora Regional Junji.<\/p>\n<p>Por su parte Paola \u00c1lvarez, Directora Regional de Fundaci\u00f3n INTEGRA, valor\u00f3 esta iniciativa que \u00abpermitir\u00e1 a miles de ni\u00f1os y ni\u00f1as de diversas provincias reunirse en torno a una celebraci\u00f3n familiar, en donde podr\u00e1n disfrutar de diversas actividades junto a sus padres y t\u00edas de jardines. La navidad es una fecha fundamental para fortalecer y propiciar pr\u00e1cticas protectoras del desarrollo como la solidaridad, el afecto, el compartir con otros, experiencias que trabajamos en todos los jardines infantiles y que tambi\u00e9n se plasmar\u00e1n en esta celebraci\u00f3n navide\u00f1a\u00bb.<\/p>\n<p>Para la Gobernadora Provincial de San Felipe, Patricia Boffa, ser\u00e1 una fiesta abierta para los ni\u00f1os de San Felipe.<\/p>\n<p>\u00abEstamos muy felices con esta gran fiesta de Navidad que organiza la Primera Dama, estamos coordinando todo los preparativos necesarios para que los menores vivan de manera adelantada una Navidad Unida\u00bb.<\/p>\n<p>La entrada al espect\u00e1culo es liberada y se recomienda protegerse del sol usando bloqueador y sombreros, especialmente para los m\u00e1s peque\u00f1os.<\/p>\n","protected":false},"excerpt":{"rendered":"<p>&nbsp; &nbsp; Backyardigans, Los Padrinos M\u00e1gicos y Barney, entre otros, ser\u00e1n la delicia de grandes y chicos. San Felipe recibir\u00e1 el espect\u00e1culo \u201cUnidos en Navidad\u201d preparado por el Gobierno junto al Gabinete&#8230;<\/p>\n","protected":false},"author":482,"featured_media":6730,"comment_status":"open","ping_status":"open","sticky":false,"template":"","format":"standard","meta":{"advanced_seo_description":"","jetpack_seo_html_title":"","jetpack_seo_noindex":false,"_jetpack_memberships_contains_paid_content":false,"footnotes":""},"categories":[15],"tags":[],"class_list":["post-6729","post","type-post","status-publish","format-standard","has-post-thumbnail","hentry","category-comunidad"],"jetpack_featured_media_url":"https:\/\/i0.wp.com\/eltrabajo.cl\/portal\/wp-content\/uploads\/2011\/11\/Primera-Dama.jpg?fit=600%2C410&ssl=1","jetpack_sharing_enabled":true,"jetpack_likes_enabled":true,"jetpack-related-posts":[],"_links":{"self":[{"href":"https:\/\/eltrabajo.cl\/portal\/wp-json\/wp\/v2\/posts\/6729","targetHints":{"allow":["GET"]}}],"collection":[{"href":"https:\/\/eltrabajo.cl\/portal\/wp-json\/wp\/v2\/posts"}],"about":[{"href":"https:\/\/eltrabajo.cl\/portal\/wp-json\/wp\/v2\/types\/post"}],"author":[{"embeddable":true,"href":"https:\/\/eltrabajo.cl\/portal\/wp-json\/wp\/v2\/users\/482"}],"replies":[{"embeddable":true,"href":"https:\/\/eltrabajo.cl\/portal\/wp-json\/wp\/v2\/comments?post=6729"}],"version-history":[{"count":0,"href":"https:\/\/eltrabajo.cl\/portal\/wp-json\/wp\/v2\/posts\/6729\/revisions"}],"wp:featuredmedia":[{"embeddable":true,"href":"https:\/\/eltrabajo.cl\/portal\/wp-json\/wp\/v2\/media\/6730"}],"wp:attachment":[{"href":"https:\/\/eltrabajo.cl\/portal\/wp-json\/wp\/v2\/media?parent=6729"}],"wp:term":[{"taxonomy":"category","embeddable":true,"href":"https:\/\/eltrabajo.cl\/portal\/wp-json\/wp\/v2\/categories?post=6729"},{"taxonomy":"post_tag","embeddable":true,"href":"https:\/\/eltrabajo.cl\/portal\/wp-json\/wp\/v2\/tags?post=6729"}],"curies":[{"name":"wp","href":"https:\/\/api.w.org\/{rel}","templated":true}]}}