{"id":67295,"date":"2016-03-01T08:53:04","date_gmt":"2016-03-01T11:53:04","guid":{"rendered":"http:\/\/www.eltrabajo.cl\/portal\/?p=67295"},"modified":"2016-03-01T08:53:04","modified_gmt":"2016-03-01T11:53:04","slug":"muestra-retratos-del-presente-en-centro-cultural-estacion-riquelme","status":"publish","type":"post","link":"https:\/\/eltrabajo.cl\/portal\/muestra-retratos-del-presente-en-centro-cultural-estacion-riquelme\/","title":{"rendered":"Muestra \u2018Retratos del Presente\u2019 en Centro Cultural Estaci\u00f3n Riquelme"},"content":{"rendered":"<figure id=\"attachment_67296\" aria-describedby=\"caption-attachment-67296\" style=\"width: 530px\" class=\"wp-caption alignleft\"><a href=\"http:\/\/www.eltrabajo.cl\/portal\/muestra-retratos-del-presente-en-centro-cultural-estacion-riquelme\/retratos-del-presente-2\/\" rel=\"attachment wp-att-67296\"><img data-recalc-dims=\"1\" loading=\"lazy\" decoding=\"async\" class=\"size-full wp-image-67296\" src=\"https:\/\/i0.wp.com\/www.eltrabajo.cl\/portal\/wp-content\/uploads\/2016\/03\/retratos-del-presente-2.jpg?resize=530%2C349\" alt=\"La muestra que se presentar\u00e1 la primera semana de marzo en San Felipe, captura momentos y actores an\u00f3nimos del movimiento estudiantil del a\u00f1o 2011.\" width=\"530\" height=\"349\" srcset=\"https:\/\/i0.wp.com\/eltrabajo.cl\/portal\/wp-content\/uploads\/2016\/03\/retratos-del-presente-2.jpg?w=530&amp;ssl=1 530w, https:\/\/i0.wp.com\/eltrabajo.cl\/portal\/wp-content\/uploads\/2016\/03\/retratos-del-presente-2.jpg?resize=200%2C132&amp;ssl=1 200w, https:\/\/i0.wp.com\/eltrabajo.cl\/portal\/wp-content\/uploads\/2016\/03\/retratos-del-presente-2.jpg?resize=300%2C198&amp;ssl=1 300w, https:\/\/i0.wp.com\/eltrabajo.cl\/portal\/wp-content\/uploads\/2016\/03\/retratos-del-presente-2.jpg?resize=228%2C150&amp;ssl=1 228w, https:\/\/i0.wp.com\/eltrabajo.cl\/portal\/wp-content\/uploads\/2016\/03\/retratos-del-presente-2.jpg?resize=400%2C263&amp;ssl=1 400w\" sizes=\"auto, (max-width: 530px) 100vw, 530px\" \/><\/a><figcaption id=\"caption-attachment-67296\" class=\"wp-caption-text\">La muestra que se presentar\u00e1 la primera semana de marzo en San Felipe, captura momentos y actores an\u00f3nimos del movimiento estudiantil del a\u00f1o 2011.<\/figcaption><\/figure>\n<p>Exposici\u00f3n da cuenta del movimiento estudiantil del a\u00f1o 2011 donde alumnos, profesores y funcionarios de la Universidad de Chile logran generar por medio de la autogesti\u00f3n una iniciativa art\u00edstica que desde el 3 de marzo ser\u00e1 exhibida en el Sal\u00f3n de Tesorer\u00eda Municipal.<br \/>\nDesde este jueves 3 y hasta el 10 de marzo, estar\u00e1 abierta al p\u00fablico la muestra fotogr\u00e1fica \u2018Retratos del Presente\u2019, proyecto autogestionado por alumnos, acad\u00e9micos y funcionarios de la Universidad de Chile, el que captura momentos y actores an\u00f3nimos del movimiento estudiantil del a\u00f1o 2011.<br \/>\nSe trata de una iniciativa que llega a nuestra comuna gracias a los contactos realizados por el Centro Cultural Estaci\u00f3n Riquelme, que con el apoyo de la Municipalidad de San Felipe ofrecer\u00e1 al p\u00fablico esta muestra que ha sido valorada en donde se ha montado.<br \/>\nFelipe Fa\u00fandez, secretario del Centro Cultural, manifest\u00f3 que \u201ceste proyecto nace ante la necesidad de fot\u00f3grafos, profesores, alumnos y funcionarios, que en ese entonces salieron a la calle por la coyuntura de los movimientos estudiantiles que no ten\u00edan un espacio f\u00edsico para mostrar su trabajo y con la organizaci\u00f3n Foto Contenido, hicimos esta muestra, generamos una itinerancia, logrando tres exposiciones fotogr\u00e1ficas, una de las cuales llega a San Felipe con el apoyo de Centro Cultural Estaci\u00f3n Riquelme\u201d.<br \/>\nEste jueves 3 de marzo, a las 19.00 horas, ser\u00e1 inaugurada esta muestra que consta de 30 fotograf\u00edas de 30 x 40 cent\u00edmetros, en las que es posible apreciar distintos \u00e1ngulos y miradas de la movilizaci\u00f3n estudiantil. \u201cEsta muestra intenta salir de la fotograf\u00eda cl\u00e1sica y period\u00edstica, para dar espacio a la mirada autoral, distinta, del conflicto\u201d, se\u00f1al\u00f3 Felipe Fa\u00fandez.<br \/>\nEl Centro Cultural Estaci\u00f3n Riquelme, es dirigido por egresados de la educaci\u00f3n superior, que cursaron carreras ligadas al tema art\u00edstico \u2013 cultural, que nace con la idea de fortalecer desde las bases, instancias en este \u00e1mbito, contando para ello con el respaldo f\u00e9rreo de la municipalidad de San Felipe, a trav\u00e9s del Departamento de Cultura.<br \/>\nLa idea de estos j\u00f3venes es desarrollar a lo largo del a\u00f1o diferentes acciones que favorezcan el desarrollo y fomento de las artes y la cultura, aportando de paso a la labor de la municipalidad de San Felipe est\u00e1 realizando, iniciativa que ciertamente ha sido valorada por el alcalde Patricio Freire, quien ha manifestado la necesidad de que la comunidad tambi\u00e9n asuma un rol protag\u00f3nico en el engrandecimiento de la ciudad.<\/p>\n","protected":false},"excerpt":{"rendered":"<p>Exposici\u00f3n da cuenta del movimiento estudiantil del a\u00f1o 2011 donde alumnos, profesores y funcionarios de la Universidad de Chile logran generar por medio de la autogesti\u00f3n una iniciativa art\u00edstica que desde el&#8230;<\/p>\n","protected":false},"author":1,"featured_media":67296,"comment_status":"open","ping_status":"open","sticky":false,"template":"","format":"standard","meta":{"advanced_seo_description":"","jetpack_seo_html_title":"","jetpack_seo_noindex":false,"_jetpack_memberships_contains_paid_content":false,"footnotes":""},"categories":[20],"tags":[],"class_list":["post-67295","post","type-post","status-publish","format-standard","has-post-thumbnail","hentry","category-arte-y-cultura"],"jetpack_featured_media_url":"https:\/\/i0.wp.com\/eltrabajo.cl\/portal\/wp-content\/uploads\/2016\/03\/retratos-del-presente-2.jpg?fit=530%2C349&ssl=1","jetpack_sharing_enabled":true,"jetpack_likes_enabled":true,"jetpack-related-posts":[],"_links":{"self":[{"href":"https:\/\/eltrabajo.cl\/portal\/wp-json\/wp\/v2\/posts\/67295","targetHints":{"allow":["GET"]}}],"collection":[{"href":"https:\/\/eltrabajo.cl\/portal\/wp-json\/wp\/v2\/posts"}],"about":[{"href":"https:\/\/eltrabajo.cl\/portal\/wp-json\/wp\/v2\/types\/post"}],"author":[{"embeddable":true,"href":"https:\/\/eltrabajo.cl\/portal\/wp-json\/wp\/v2\/users\/1"}],"replies":[{"embeddable":true,"href":"https:\/\/eltrabajo.cl\/portal\/wp-json\/wp\/v2\/comments?post=67295"}],"version-history":[{"count":0,"href":"https:\/\/eltrabajo.cl\/portal\/wp-json\/wp\/v2\/posts\/67295\/revisions"}],"wp:featuredmedia":[{"embeddable":true,"href":"https:\/\/eltrabajo.cl\/portal\/wp-json\/wp\/v2\/media\/67296"}],"wp:attachment":[{"href":"https:\/\/eltrabajo.cl\/portal\/wp-json\/wp\/v2\/media?parent=67295"}],"wp:term":[{"taxonomy":"category","embeddable":true,"href":"https:\/\/eltrabajo.cl\/portal\/wp-json\/wp\/v2\/categories?post=67295"},{"taxonomy":"post_tag","embeddable":true,"href":"https:\/\/eltrabajo.cl\/portal\/wp-json\/wp\/v2\/tags?post=67295"}],"curies":[{"name":"wp","href":"https:\/\/api.w.org\/{rel}","templated":true}]}}