{"id":67299,"date":"2016-03-01T08:54:32","date_gmt":"2016-03-01T11:54:32","guid":{"rendered":"http:\/\/www.eltrabajo.cl\/portal\/?p=67299"},"modified":"2016-03-01T08:54:32","modified_gmt":"2016-03-01T11:54:32","slug":"preocupan-posibles-expropiaciones-para-futura-carretera-putaendo-panquehue","status":"publish","type":"post","link":"https:\/\/eltrabajo.cl\/portal\/preocupan-posibles-expropiaciones-para-futura-carretera-putaendo-panquehue\/","title":{"rendered":"Preocupan posibles expropiaciones para futura carretera Putaendo-Panquehue"},"content":{"rendered":"<figure id=\"attachment_67300\" aria-describedby=\"caption-attachment-67300\" style=\"width: 530px\" class=\"wp-caption alignleft\"><a href=\"http:\/\/www.eltrabajo.cl\/portal\/preocupan-posibles-expropiaciones-para-futura-carretera-putaendo-panquehue\/carretera1\/\" rel=\"attachment wp-att-67300\"><img data-recalc-dims=\"1\" loading=\"lazy\" decoding=\"async\" class=\"size-full wp-image-67300\" src=\"https:\/\/i0.wp.com\/www.eltrabajo.cl\/portal\/wp-content\/uploads\/2016\/03\/carretera1.jpg?resize=530%2C350\" alt=\"La carretera que unir\u00eda Putaendo con Panquehue se ubicar\u00eda en un circuito que comprende los sectores de Granallas y Quebrada Herrera.\" width=\"530\" height=\"350\" srcset=\"https:\/\/i0.wp.com\/eltrabajo.cl\/portal\/wp-content\/uploads\/2016\/03\/carretera1.jpg?w=530&amp;ssl=1 530w, https:\/\/i0.wp.com\/eltrabajo.cl\/portal\/wp-content\/uploads\/2016\/03\/carretera1.jpg?resize=200%2C132&amp;ssl=1 200w, https:\/\/i0.wp.com\/eltrabajo.cl\/portal\/wp-content\/uploads\/2016\/03\/carretera1.jpg?resize=300%2C198&amp;ssl=1 300w, https:\/\/i0.wp.com\/eltrabajo.cl\/portal\/wp-content\/uploads\/2016\/03\/carretera1.jpg?resize=227%2C150&amp;ssl=1 227w, https:\/\/i0.wp.com\/eltrabajo.cl\/portal\/wp-content\/uploads\/2016\/03\/carretera1.jpg?resize=400%2C264&amp;ssl=1 400w\" sizes=\"auto, (max-width: 530px) 100vw, 530px\" \/><\/a><figcaption id=\"caption-attachment-67300\" class=\"wp-caption-text\">La carretera que unir\u00eda Putaendo con Panquehue se ubicar\u00eda en un circuito que comprende los sectores de Granallas y Quebrada Herrera.<\/figcaption><\/figure>\n<p>La obra vial contempla la continuaci\u00f3n de la ruta E-41 para unir a nuestra comuna con Panquehue, en un circuito que comprende los sectores de Granallas y Quebrada Herrera.<br \/>\nPUTAENDO.- El proyecto de extensi\u00f3n de la carretera E-41, que permitir\u00e1 conectar las comunas de Putaendo y Panquehue, iniciar\u00eda la fase de notificaci\u00f3n y expropiaci\u00f3n de varios terrenos agr\u00edcolas, muchos de los cuales se encuentran en proceso de producci\u00f3n, para dar paso a la franja vial, que contempla un ancho de 30 metros para construir las dos pistas de asfalto que requiere la nueva ruta.<br \/>\nHace un tiempo nuestro medio consult\u00f3 al Seremi de Obras P\u00fablicas, Miguel Saavedra por este particular, y la autoridad regional sostuvo que durante este a\u00f1o se realizar\u00edan los di\u00e1logos participativos con la comunidad, con el objetivo de escuchar la opini\u00f3n de los involucrados y directamente afectados, para luego dar paso a la fase de notificaci\u00f3n y expropiaci\u00f3n de terrenos, sin embargo, los antecedentes que ha recibido nuestro medio indican que el tramo comprendido entre el antiguo Puente Gast\u00f3n Ormaz\u00e1bal y el sector 21 de Mayo est\u00e1 pr\u00e1cticamente definido, porque la futura carretera ya fue marcada con estacas instaladas por top\u00f3grafos y profesionales, que habr\u00edan determinado que la ruta no ir\u00e1 por el borde del R\u00edo Putaendo, sino entre los sitios existentes en el sector, muchos de los cuales se encuentran en plena producci\u00f3n agr\u00edcola con plantaciones como duraznos y damascos entre otros.<br \/>\nSobre este tema, varios agricultores han expresado su preocupaci\u00f3n por las expropiaciones, pues sus terrenos ser\u00e1n pr\u00e1cticamente partidos en dos y quedar\u00e1n varias extensiones de sus sitios sobrantes e inutilizables, ya que no podr\u00e1n ingresar a ellos con maquinaria ni ser\u00e1 posible ocuparlos para producci\u00f3n porque ser\u00e1 imposible acercar el regad\u00edo debido a que la carretera estar\u00e1 en medio, motivo por el cual piden que la carretera sea construida en el Borde R\u00edo, planteamiento que incluso formularon en una reuni\u00f3n con el Gobernador de la Provincia de San Felipe, Eduardo Le\u00f3n.<br \/>\nLamentablemente y transcurrido m\u00e1s de un a\u00f1o de esta reuni\u00f3n no ha existido un pronunciamiento claro del Ministerio de Obras P\u00fablicas sobre esta situaci\u00f3n, y hoy varios peque\u00f1os y medianos agricultores s\u00f3lo saben que en sus terrenos fueron colocadas estacas por donde eventualmente pasar\u00eda la carretera, pero no ha existido una informaci\u00f3n oficial ni menos una invitaci\u00f3n al di\u00e1logo, en un tema tan sensible como lo es la expropiaci\u00f3n de terrenos en producci\u00f3n agr\u00edcola.<br \/>\nEn este sentido, y tomando en cuenta que se comprometieron jornadas de informaci\u00f3n y participaci\u00f3n con los propietarios de terrenos que se ver\u00e1n afectados, resulta fundamental que esto se concrete en el corto plazo, pues ya de manera extraoficial se sabe que este a\u00f1o comenzar\u00edan las notificaciones de expropiaci\u00f3n.<br \/>\nEl motivo que llevar\u00eda al M.O.P a trazar la carretera entre los terrenos agr\u00edcolas se fundamentar\u00eda a que es mucho m\u00e1s barato que maquinaria pesada construya una franja de 30 metros en terrenos agr\u00edcolas y no cimentar la misma cantidad de metros en borde r\u00edo, lo que implica un costo mucho m\u00e1s elevado en nivelaci\u00f3n de terrenos y defensas fluviales.<br \/>\nVarios de los agricultores afectados, en su mayor\u00eda peque\u00f1os y medianos productores, que por temor pidieron no ser identificados en este reportaje, aseguraron que el actual trazado de la carretera los perjudicar\u00e1 significativamente, m\u00e1s aun tomando en consideraci\u00f3n que en algunos casos son pocas las hect\u00e1reas de terrenos que poseen, raz\u00f3n por la cual esperan que las autoridades provinciales y comunales les ayuden a gestionar que la definici\u00f3n de la carretera Putaendo \u2013 Panquehue se realice en el borde r\u00edo y as\u00ed no perjudicar su producci\u00f3n.<br \/>\n<strong>Patricio Gallardo M.<\/strong><\/p>\n","protected":false},"excerpt":{"rendered":"<p>La obra vial contempla la continuaci\u00f3n de la ruta E-41 para unir a nuestra comuna con Panquehue, en un circuito que comprende los sectores de Granallas y Quebrada Herrera. PUTAENDO.- El proyecto&#8230;<\/p>\n","protected":false},"author":1,"featured_media":67300,"comment_status":"open","ping_status":"open","sticky":false,"template":"","format":"standard","meta":{"advanced_seo_description":"","jetpack_seo_html_title":"","jetpack_seo_noindex":false,"_jetpack_memberships_contains_paid_content":false,"footnotes":""},"categories":[15],"tags":[],"class_list":["post-67299","post","type-post","status-publish","format-standard","has-post-thumbnail","hentry","category-comunidad"],"jetpack_featured_media_url":"https:\/\/i0.wp.com\/eltrabajo.cl\/portal\/wp-content\/uploads\/2016\/03\/carretera1.jpg?fit=530%2C350&ssl=1","jetpack_sharing_enabled":true,"jetpack_likes_enabled":true,"jetpack-related-posts":[],"_links":{"self":[{"href":"https:\/\/eltrabajo.cl\/portal\/wp-json\/wp\/v2\/posts\/67299","targetHints":{"allow":["GET"]}}],"collection":[{"href":"https:\/\/eltrabajo.cl\/portal\/wp-json\/wp\/v2\/posts"}],"about":[{"href":"https:\/\/eltrabajo.cl\/portal\/wp-json\/wp\/v2\/types\/post"}],"author":[{"embeddable":true,"href":"https:\/\/eltrabajo.cl\/portal\/wp-json\/wp\/v2\/users\/1"}],"replies":[{"embeddable":true,"href":"https:\/\/eltrabajo.cl\/portal\/wp-json\/wp\/v2\/comments?post=67299"}],"version-history":[{"count":0,"href":"https:\/\/eltrabajo.cl\/portal\/wp-json\/wp\/v2\/posts\/67299\/revisions"}],"wp:featuredmedia":[{"embeddable":true,"href":"https:\/\/eltrabajo.cl\/portal\/wp-json\/wp\/v2\/media\/67300"}],"wp:attachment":[{"href":"https:\/\/eltrabajo.cl\/portal\/wp-json\/wp\/v2\/media?parent=67299"}],"wp:term":[{"taxonomy":"category","embeddable":true,"href":"https:\/\/eltrabajo.cl\/portal\/wp-json\/wp\/v2\/categories?post=67299"},{"taxonomy":"post_tag","embeddable":true,"href":"https:\/\/eltrabajo.cl\/portal\/wp-json\/wp\/v2\/tags?post=67299"}],"curies":[{"name":"wp","href":"https:\/\/api.w.org\/{rel}","templated":true}]}}