{"id":67303,"date":"2016-03-01T08:58:51","date_gmt":"2016-03-01T11:58:51","guid":{"rendered":"http:\/\/www.eltrabajo.cl\/portal\/?p=67303"},"modified":"2016-03-01T08:58:51","modified_gmt":"2016-03-01T11:58:51","slug":"furgon-volco-tras-colisionar-con-una-camioneta-en-camino-a-putaendo","status":"publish","type":"post","link":"https:\/\/eltrabajo.cl\/portal\/furgon-volco-tras-colisionar-con-una-camioneta-en-camino-a-putaendo\/","title":{"rendered":"Furg\u00f3n volc\u00f3 tras colisionar con una camioneta en camino a Putaendo"},"content":{"rendered":"<figure id=\"attachment_67304\" aria-describedby=\"caption-attachment-67304\" style=\"width: 530px\" class=\"wp-caption alignleft\"><a href=\"http:\/\/www.eltrabajo.cl\/portal\/furgon-volco-tras-colisionar-con-una-camioneta-en-camino-a-putaendo\/porta-volcamiento1\/\" rel=\"attachment wp-att-67304\"><img data-recalc-dims=\"1\" loading=\"lazy\" decoding=\"async\" class=\"size-full wp-image-67304\" src=\"https:\/\/i0.wp.com\/www.eltrabajo.cl\/portal\/wp-content\/uploads\/2016\/03\/porta-volcamiento1.jpg?resize=530%2C349\" alt=\"El furg\u00f3n Hyundai termin\u00f3 volcado y al otro lado de una barrera de contenci\u00f3n luego del impacto con la camioneta.\" width=\"530\" height=\"349\" srcset=\"https:\/\/i0.wp.com\/eltrabajo.cl\/portal\/wp-content\/uploads\/2016\/03\/porta-volcamiento1.jpg?w=530&amp;ssl=1 530w, https:\/\/i0.wp.com\/eltrabajo.cl\/portal\/wp-content\/uploads\/2016\/03\/porta-volcamiento1.jpg?resize=200%2C132&amp;ssl=1 200w, https:\/\/i0.wp.com\/eltrabajo.cl\/portal\/wp-content\/uploads\/2016\/03\/porta-volcamiento1.jpg?resize=300%2C198&amp;ssl=1 300w, https:\/\/i0.wp.com\/eltrabajo.cl\/portal\/wp-content\/uploads\/2016\/03\/porta-volcamiento1.jpg?resize=228%2C150&amp;ssl=1 228w, https:\/\/i0.wp.com\/eltrabajo.cl\/portal\/wp-content\/uploads\/2016\/03\/porta-volcamiento1.jpg?resize=400%2C263&amp;ssl=1 400w\" sizes=\"auto, (max-width: 530px) 100vw, 530px\" \/><\/a><figcaption id=\"caption-attachment-67304\" class=\"wp-caption-text\">El furg\u00f3n Hyundai termin\u00f3 volcado y al otro lado de una barrera de contenci\u00f3n luego del impacto con la camioneta.<\/figcaption><\/figure>\n<p><strong>Ninguna persona result\u00f3 lesionada tras el fuerte impacto, que termin\u00f3 con un furg\u00f3n utilitario volcado al otro lado de una barrera de contenci\u00f3n en el sector Las Quillotanas.<\/strong><\/p>\n<p><strong>PUTAENDO.-<\/strong> Un grave accidente vehicular se registr\u00f3 a eso de las 12:50 horas de este lunes en la carretera E-71, puntualmente en el sector Las Quillotanas al ingreso a la localidad de Rinconada de Silva, cuando un furg\u00f3n utilitario marca Hyundai fue impactado por una camioneta Nissan, provocando que el furg\u00f3n terminara volcado y al otro lado de una barrera de contenci\u00f3n existente en el lugar.<br \/>\nSeg\u00fan la informaci\u00f3n entregada por el Suboficial de Carabineros, Jorge Fuentes P\u00e9rez, el hecho se habr\u00eda producido cuando la camioneta Nissan 4\u00d74, patente TU-68-52 se dirig\u00eda en sentido desde Putaendo hacia San Felipe, y al disponerse a ingresar a la localidad de Rinconada de Silva en el cruce Las Quillotanas, se\u00f1aliz\u00f3 para virar a la izquierda. En el mismo sentido viajaba un furg\u00f3n Hyundai, cuyo conductor, a pesar que en ese tramo de la carretera hay l\u00ednea continua, adelant\u00f3 a la camioneta, la cual lo impact\u00f3 de lleno, en un choque de alta energ\u00eda que deriv\u00f3 en que el veh\u00edculo de transporte finalizara volcado. Fue tal la fuerza del impacto que el furg\u00f3n utilitario incluso traspas\u00f3 una barrera de contenci\u00f3n.<br \/>\nAl lugar acudi\u00f3 personal de rescate del Cuerpo de Bomberos de Putaendo, quienes adoptaron el procedimiento de rigor y atendieron a los ocupantes de ambos veh\u00edculos. Afortunadamente ninguno de los involucrados result\u00f3 con lesiones.<br \/>\nRodrigo del Pozo, conductor de la camioneta Nissan, asegur\u00f3 que se dirig\u00eda hacia Rinconada de Silva y al llegar al cruce se\u00f1aliz\u00f3 debidamente, cuando en forma repentina el furg\u00f3n lo adelant\u00f3 en l\u00ednea continua generando el accidente con las consecuencias ya descritas.<\/p>\n<div class=\"tiled-gallery type-rectangular tiled-gallery-unresized\" data-original-width=\"640\" data-carousel-extra='null' itemscope itemtype=\"http:\/\/schema.org\/ImageGallery\" > <div class=\"gallery-row\" style=\"width: 640px; height: 212px;\" data-original-width=\"640\" data-original-height=\"212\" > <div class=\"gallery-group images-1\" style=\"width: 320px; height: 212px;\" data-original-width=\"320\" data-original-height=\"212\" > <div class=\"tiled-gallery-item tiled-gallery-item-large\" itemprop=\"associatedMedia\" itemscope itemtype=\"http:\/\/schema.org\/ImageObject\"> <a href=\"https:\/\/eltrabajo.cl\/portal\/furgon-volco-tras-colisionar-con-una-camioneta-en-camino-a-putaendo\/volcamiento3\/\" border=\"0\" itemprop=\"url\"> <meta itemprop=\"width\" content=\"316\"> <meta itemprop=\"height\" content=\"208\"> <img decoding=\"async\" class=\"\" data-attachment-id=\"67306\" data-orig-file=\"https:\/\/eltrabajo.cl\/portal\/wp-content\/uploads\/2016\/03\/volcamiento3.jpg\" data-orig-size=\"530,350\" data-comments-opened=\"1\" data-image-meta=\"{&quot;aperture&quot;:&quot;0&quot;,&quot;credit&quot;:&quot;&quot;,&quot;camera&quot;:&quot;&quot;,&quot;caption&quot;:&quot;&quot;,&quot;created_timestamp&quot;:&quot;1443964791&quot;,&quot;copyright&quot;:&quot;&quot;,&quot;focal_length&quot;:&quot;0&quot;,&quot;iso&quot;:&quot;0&quot;,&quot;shutter_speed&quot;:&quot;0&quot;,&quot;title&quot;:&quot;&quot;,&quot;orientation&quot;:&quot;0&quot;}\" data-image-title=\"El accidente termin\u00f3 con un furg\u00f3n utilitario volcado a un costado de la carretera, traspasando la barrera de contenci\u00f3n en el sector Las Quillotanas.\" data-image-description=\"&lt;p&gt;El accidente termin\u00f3 con un furg\u00f3n utilitario volcado a un costado de la carretera, traspasando la barrera de contenci\u00f3n en el sector Las Quillotanas.&lt;\/p&gt; \" data-medium-file=\"https:\/\/i0.wp.com\/eltrabajo.cl\/portal\/wp-content\/uploads\/2016\/03\/volcamiento3.jpg?fit=300%2C198&#038;ssl=1\" data-large-file=\"https:\/\/i0.wp.com\/eltrabajo.cl\/portal\/wp-content\/uploads\/2016\/03\/volcamiento3.jpg?fit=530%2C350&#038;ssl=1\" src=\"https:\/\/i0.wp.com\/eltrabajo.cl\/portal\/wp-content\/uploads\/2016\/03\/volcamiento3.jpg?w=316&#038;h=208&#038;ssl=1\" srcset=\"https:\/\/i0.wp.com\/eltrabajo.cl\/portal\/wp-content\/uploads\/2016\/03\/volcamiento3.jpg?w=530&amp;ssl=1 530w, https:\/\/i0.wp.com\/eltrabajo.cl\/portal\/wp-content\/uploads\/2016\/03\/volcamiento3.jpg?resize=200%2C132&amp;ssl=1 200w, https:\/\/i0.wp.com\/eltrabajo.cl\/portal\/wp-content\/uploads\/2016\/03\/volcamiento3.jpg?resize=300%2C198&amp;ssl=1 300w, https:\/\/i0.wp.com\/eltrabajo.cl\/portal\/wp-content\/uploads\/2016\/03\/volcamiento3.jpg?resize=227%2C150&amp;ssl=1 227w, https:\/\/i0.wp.com\/eltrabajo.cl\/portal\/wp-content\/uploads\/2016\/03\/volcamiento3.jpg?resize=400%2C264&amp;ssl=1 400w\" width=\"316\" height=\"208\" loading=\"lazy\" data-original-width=\"316\" data-original-height=\"208\" itemprop=\"http:\/\/schema.org\/image\" title=\"El accidente termin\u00f3 con un furg\u00f3n utilitario volcado a un costado de la carretera, traspasando la barrera de contenci\u00f3n en el sector Las Quillotanas.\" alt=\"El accidente termin\u00f3 con un furg\u00f3n utilitario volcado a un costado de la carretera, traspasando la barrera de contenci\u00f3n en el sector Las Quillotanas.\" style=\"width: 316px; height: 208px;\" \/> <\/a> <div class=\"tiled-gallery-caption\" itemprop=\"caption description\"> El accidente termin\u00f3 con un furg\u00f3n utilitario volcado a un costado de la carretera, traspasando la barrera de contenci\u00f3n en el sector Las Quillotanas. <\/div> <\/div> <\/div> <!-- close group --> <div class=\"gallery-group images-1\" style=\"width: 320px; height: 212px;\" data-original-width=\"320\" data-original-height=\"212\" > <div class=\"tiled-gallery-item tiled-gallery-item-large\" itemprop=\"associatedMedia\" itemscope itemtype=\"http:\/\/schema.org\/ImageObject\"> <a href=\"https:\/\/eltrabajo.cl\/portal\/furgon-volco-tras-colisionar-con-una-camioneta-en-camino-a-putaendo\/volcamiento2-2\/\" border=\"0\" itemprop=\"url\"> <meta itemprop=\"width\" content=\"316\"> <meta itemprop=\"height\" content=\"208\"> <img decoding=\"async\" class=\"\" data-attachment-id=\"67305\" data-orig-file=\"https:\/\/eltrabajo.cl\/portal\/wp-content\/uploads\/2016\/03\/volcamiento2.jpg\" data-orig-size=\"530,349\" data-comments-opened=\"1\" data-image-meta=\"{&quot;aperture&quot;:&quot;0&quot;,&quot;credit&quot;:&quot;&quot;,&quot;camera&quot;:&quot;&quot;,&quot;caption&quot;:&quot;&quot;,&quot;created_timestamp&quot;:&quot;1443964805&quot;,&quot;copyright&quot;:&quot;&quot;,&quot;focal_length&quot;:&quot;0&quot;,&quot;iso&quot;:&quot;0&quot;,&quot;shutter_speed&quot;:&quot;0&quot;,&quot;title&quot;:&quot;&quot;,&quot;orientation&quot;:&quot;0&quot;}\" data-image-title=\"La camioneta Nissan fue impactada por el furg\u00f3n cuando se dispon\u00eda a virar en el cruce Las Quillotanas.\" data-image-description=\"&lt;p&gt;La camioneta Nissan fue impactada por el furg\u00f3n cuando se dispon\u00eda a virar en el cruce Las Quillotanas.&lt;\/p&gt; \" data-medium-file=\"https:\/\/i0.wp.com\/eltrabajo.cl\/portal\/wp-content\/uploads\/2016\/03\/volcamiento2.jpg?fit=300%2C198&#038;ssl=1\" data-large-file=\"https:\/\/i0.wp.com\/eltrabajo.cl\/portal\/wp-content\/uploads\/2016\/03\/volcamiento2.jpg?fit=530%2C349&#038;ssl=1\" src=\"https:\/\/i0.wp.com\/eltrabajo.cl\/portal\/wp-content\/uploads\/2016\/03\/volcamiento2.jpg?w=316&#038;h=208&#038;ssl=1\" srcset=\"https:\/\/i0.wp.com\/eltrabajo.cl\/portal\/wp-content\/uploads\/2016\/03\/volcamiento2.jpg?w=530&amp;ssl=1 530w, https:\/\/i0.wp.com\/eltrabajo.cl\/portal\/wp-content\/uploads\/2016\/03\/volcamiento2.jpg?resize=200%2C132&amp;ssl=1 200w, https:\/\/i0.wp.com\/eltrabajo.cl\/portal\/wp-content\/uploads\/2016\/03\/volcamiento2.jpg?resize=300%2C198&amp;ssl=1 300w, https:\/\/i0.wp.com\/eltrabajo.cl\/portal\/wp-content\/uploads\/2016\/03\/volcamiento2.jpg?resize=228%2C150&amp;ssl=1 228w, https:\/\/i0.wp.com\/eltrabajo.cl\/portal\/wp-content\/uploads\/2016\/03\/volcamiento2.jpg?resize=400%2C263&amp;ssl=1 400w\" width=\"316\" height=\"208\" loading=\"lazy\" data-original-width=\"316\" data-original-height=\"208\" itemprop=\"http:\/\/schema.org\/image\" title=\"La camioneta Nissan fue impactada por el furg\u00f3n cuando se dispon\u00eda a virar en el cruce Las Quillotanas.\" alt=\"La camioneta Nissan fue impactada por el furg\u00f3n cuando se dispon\u00eda a virar en el cruce Las Quillotanas.\" style=\"width: 316px; height: 208px;\" \/> <\/a> <div class=\"tiled-gallery-caption\" itemprop=\"caption description\"> La camioneta Nissan fue impactada por el furg\u00f3n cuando se dispon\u00eda a virar en el cruce Las Quillotanas. <\/div> <\/div> <\/div> <!-- close group --> <\/div> <!-- close row --> <\/div>\n","protected":false},"excerpt":{"rendered":"<p>Ninguna persona result\u00f3 lesionada tras el fuerte impacto, que termin\u00f3 con un furg\u00f3n utilitario volcado al otro lado de una barrera de contenci\u00f3n en el sector Las Quillotanas. PUTAENDO.- Un grave accidente&#8230;<\/p>\n","protected":false},"author":1,"featured_media":67304,"comment_status":"open","ping_status":"open","sticky":false,"template":"","format":"standard","meta":{"advanced_seo_description":"","jetpack_seo_html_title":"","jetpack_seo_noindex":false,"_jetpack_memberships_contains_paid_content":false,"footnotes":""},"categories":[21],"tags":[],"class_list":["post-67303","post","type-post","status-publish","format-standard","has-post-thumbnail","hentry","category-policial"],"jetpack_featured_media_url":"https:\/\/i0.wp.com\/eltrabajo.cl\/portal\/wp-content\/uploads\/2016\/03\/porta-volcamiento1.jpg?fit=530%2C349&ssl=1","jetpack_sharing_enabled":true,"jetpack_likes_enabled":true,"jetpack-related-posts":[],"_links":{"self":[{"href":"https:\/\/eltrabajo.cl\/portal\/wp-json\/wp\/v2\/posts\/67303","targetHints":{"allow":["GET"]}}],"collection":[{"href":"https:\/\/eltrabajo.cl\/portal\/wp-json\/wp\/v2\/posts"}],"about":[{"href":"https:\/\/eltrabajo.cl\/portal\/wp-json\/wp\/v2\/types\/post"}],"author":[{"embeddable":true,"href":"https:\/\/eltrabajo.cl\/portal\/wp-json\/wp\/v2\/users\/1"}],"replies":[{"embeddable":true,"href":"https:\/\/eltrabajo.cl\/portal\/wp-json\/wp\/v2\/comments?post=67303"}],"version-history":[{"count":0,"href":"https:\/\/eltrabajo.cl\/portal\/wp-json\/wp\/v2\/posts\/67303\/revisions"}],"wp:featuredmedia":[{"embeddable":true,"href":"https:\/\/eltrabajo.cl\/portal\/wp-json\/wp\/v2\/media\/67304"}],"wp:attachment":[{"href":"https:\/\/eltrabajo.cl\/portal\/wp-json\/wp\/v2\/media?parent=67303"}],"wp:term":[{"taxonomy":"category","embeddable":true,"href":"https:\/\/eltrabajo.cl\/portal\/wp-json\/wp\/v2\/categories?post=67303"},{"taxonomy":"post_tag","embeddable":true,"href":"https:\/\/eltrabajo.cl\/portal\/wp-json\/wp\/v2\/tags?post=67303"}],"curies":[{"name":"wp","href":"https:\/\/api.w.org\/{rel}","templated":true}]}}