{"id":67309,"date":"2016-03-01T09:00:17","date_gmt":"2016-03-01T12:00:17","guid":{"rendered":"http:\/\/www.eltrabajo.cl\/portal\/?p=67309"},"modified":"2016-03-01T09:00:17","modified_gmt":"2016-03-01T12:00:17","slug":"detienen-a-trio-delictual-con-arma-de-fuego-cargada-y-marihuana","status":"publish","type":"post","link":"https:\/\/eltrabajo.cl\/portal\/detienen-a-trio-delictual-con-arma-de-fuego-cargada-y-marihuana\/","title":{"rendered":"Detienen a tr\u00edo delictual con arma de fuego cargada y marihuana"},"content":{"rendered":"<figure id=\"attachment_67310\" aria-describedby=\"caption-attachment-67310\" style=\"width: 530px\" class=\"wp-caption alignleft\"><a href=\"http:\/\/www.eltrabajo.cl\/portal\/detienen-a-trio-delictual-con-arma-de-fuego-cargada-y-marihuana\/revolver-y-marihuana\/\" rel=\"attachment wp-att-67310\"><img data-recalc-dims=\"1\" loading=\"lazy\" decoding=\"async\" class=\"size-full wp-image-67310\" src=\"https:\/\/i0.wp.com\/www.eltrabajo.cl\/portal\/wp-content\/uploads\/2016\/03\/REVOLVER-Y-MARIHUANA.jpg?resize=530%2C350\" alt=\"Carabineros incaut\u00f3 el rev\u00f3lver calibre 38 con municiones y 276 gramos de marihuana elaborada.\" width=\"530\" height=\"350\" srcset=\"https:\/\/i0.wp.com\/eltrabajo.cl\/portal\/wp-content\/uploads\/2016\/03\/REVOLVER-Y-MARIHUANA.jpg?w=530&amp;ssl=1 530w, https:\/\/i0.wp.com\/eltrabajo.cl\/portal\/wp-content\/uploads\/2016\/03\/REVOLVER-Y-MARIHUANA.jpg?resize=200%2C132&amp;ssl=1 200w, https:\/\/i0.wp.com\/eltrabajo.cl\/portal\/wp-content\/uploads\/2016\/03\/REVOLVER-Y-MARIHUANA.jpg?resize=300%2C198&amp;ssl=1 300w, https:\/\/i0.wp.com\/eltrabajo.cl\/portal\/wp-content\/uploads\/2016\/03\/REVOLVER-Y-MARIHUANA.jpg?resize=227%2C150&amp;ssl=1 227w, https:\/\/i0.wp.com\/eltrabajo.cl\/portal\/wp-content\/uploads\/2016\/03\/REVOLVER-Y-MARIHUANA.jpg?resize=400%2C264&amp;ssl=1 400w\" sizes=\"auto, (max-width: 530px) 100vw, 530px\" \/><\/a><figcaption id=\"caption-attachment-67310\" class=\"wp-caption-text\">Carabineros incaut\u00f3 el rev\u00f3lver calibre 38 con municiones y 276 gramos de marihuana elaborada.<\/figcaption><\/figure>\n<p>Uno de los sujetos fue formalizado en tribunales quedando bajo cautelar de prisi\u00f3n preventiva, mientras que una mujer que mantendr\u00eda droga en su poder fue dejada en libertad con firma mensual en Carabineros.<br \/>\nRealizando patrullajes preventivos, Carabineros sorprendi\u00f3 a dos hombres y una mujer en actitudes sospechosas, quienes habr\u00edan mantenido un arma de fuego cargada con cuatro proyectiles, 276 gramos de cannabis sativa y dinero en efectivo, presumi\u00e9ndose el microtr\u00e1fico de drogas en una plazuela ubicada en la poblaci\u00f3n Yevide de San Felipe.<br \/>\nSeg\u00fan la informaci\u00f3n proporcionada por Carabineros, los sujetos se encontraban en calle Tacna Norte y al advertir la presencia policial, \u00e9stos arrojaron el armamento al suelo que habr\u00eda sido ocultado bajo el pie de la mujer. Sin embargo, los efectivos policiales al fiscalizar a los tres sujetos, constataron la presencia de un rev\u00f3lver marca Rossi calibre 38 cargado con cuatro proyectiles, cuya numeraci\u00f3n no figuraba inscrita.<br \/>\nAsimismo, la polic\u00eda al revisar entre los bolsillos de la mujer, descubri\u00f3 que \u00e9sta manten\u00eda un proyectil bal\u00edstico y una bolsa de nylon; en la bolsa hab\u00eda marihuana elaborada que fue sometida a pericias por el departamento de OS7 de Carabineros, confirmando que la sustancia se trata de cannabis sativa, alcanzando un peso de 276 gramos.<br \/>\nEn tanto, al tercer involucrado s\u00f3lo se le encontr\u00f3 $61.664 en efectivo, presumi\u00e9ndose la comercializaci\u00f3n de sustancias prohibidas en la v\u00eda p\u00fablica. De esta manera se procedi\u00f3 a la detenci\u00f3n de los tres individuos, siendo \u00e9ste \u00faltimo dejado en libertad por orden del fiscal de turno a la espera de citaci\u00f3n por parte del Ministerio P\u00fablico.<br \/>\nSin embargo los otros imputados identificados como A.R.T.A. de 36 a\u00f1os de edad, domiciliado en la villa 250 A\u00f1os, quien cuenta con un prontuario por delitos de robo con violencia, robo en lugar no habitado y da\u00f1os simples; adem\u00e1s de Mercedes G.V. de 19 a\u00f1os de edad, fueron sometidos a control de detenci\u00f3n en el Juzgado de Garant\u00eda de San Felipe.<br \/>\nLa Fiscal\u00eda requiri\u00f3 ante el Tribunal la cautelar de prisi\u00f3n preventiva para el acusado A.R.T.A. por el delito de porte ilegal de arma de fuego y municiones, por representar un peligro para la sociedad, cuya cautelar fue decretada por el juez de garant\u00eda fijando 60 d\u00edas como plazo de investigaci\u00f3n.<br \/>\nEn tanto para la imputada, por carecer de antecedentes policiales, fue dejada en libertad con m\u00ednimas cautelares de firma mensual y arraigo nacional por el periodo de investigaci\u00f3n a cargo del Ministerio P\u00fablico de San Felipe.<br \/>\n<strong>Pablo Salinas Sald\u00edas<\/strong><\/p>\n","protected":false},"excerpt":{"rendered":"<p>Uno de los sujetos fue formalizado en tribunales quedando bajo cautelar de prisi\u00f3n preventiva, mientras que una mujer que mantendr\u00eda droga en su poder fue dejada en libertad con firma mensual en&#8230;<\/p>\n","protected":false},"author":1,"featured_media":67310,"comment_status":"open","ping_status":"open","sticky":false,"template":"","format":"standard","meta":{"advanced_seo_description":"","jetpack_seo_html_title":"","jetpack_seo_noindex":false,"_jetpack_memberships_contains_paid_content":false,"footnotes":""},"categories":[21],"tags":[],"class_list":["post-67309","post","type-post","status-publish","format-standard","has-post-thumbnail","hentry","category-policial"],"jetpack_featured_media_url":"https:\/\/i0.wp.com\/eltrabajo.cl\/portal\/wp-content\/uploads\/2016\/03\/REVOLVER-Y-MARIHUANA.jpg?fit=530%2C350&ssl=1","jetpack_sharing_enabled":true,"jetpack_likes_enabled":true,"jetpack-related-posts":[],"_links":{"self":[{"href":"https:\/\/eltrabajo.cl\/portal\/wp-json\/wp\/v2\/posts\/67309","targetHints":{"allow":["GET"]}}],"collection":[{"href":"https:\/\/eltrabajo.cl\/portal\/wp-json\/wp\/v2\/posts"}],"about":[{"href":"https:\/\/eltrabajo.cl\/portal\/wp-json\/wp\/v2\/types\/post"}],"author":[{"embeddable":true,"href":"https:\/\/eltrabajo.cl\/portal\/wp-json\/wp\/v2\/users\/1"}],"replies":[{"embeddable":true,"href":"https:\/\/eltrabajo.cl\/portal\/wp-json\/wp\/v2\/comments?post=67309"}],"version-history":[{"count":0,"href":"https:\/\/eltrabajo.cl\/portal\/wp-json\/wp\/v2\/posts\/67309\/revisions"}],"wp:featuredmedia":[{"embeddable":true,"href":"https:\/\/eltrabajo.cl\/portal\/wp-json\/wp\/v2\/media\/67310"}],"wp:attachment":[{"href":"https:\/\/eltrabajo.cl\/portal\/wp-json\/wp\/v2\/media?parent=67309"}],"wp:term":[{"taxonomy":"category","embeddable":true,"href":"https:\/\/eltrabajo.cl\/portal\/wp-json\/wp\/v2\/categories?post=67309"},{"taxonomy":"post_tag","embeddable":true,"href":"https:\/\/eltrabajo.cl\/portal\/wp-json\/wp\/v2\/tags?post=67309"}],"curies":[{"name":"wp","href":"https:\/\/api.w.org\/{rel}","templated":true}]}}