{"id":67313,"date":"2016-03-01T09:02:05","date_gmt":"2016-03-01T12:02:05","guid":{"rendered":"http:\/\/www.eltrabajo.cl\/portal\/?p=67313"},"modified":"2016-03-01T09:02:05","modified_gmt":"2016-03-01T12:02:05","slug":"ayer-despidieron-al-dirigente-deportivo-de-curimon-rambo-reyes","status":"publish","type":"post","link":"https:\/\/eltrabajo.cl\/portal\/ayer-despidieron-al-dirigente-deportivo-de-curimon-rambo-reyes\/","title":{"rendered":"Ayer despidieron al dirigente deportivo de Curim\u00f3n \u2018Rambo\u2019 Reyes"},"content":{"rendered":"<figure id=\"attachment_67314\" aria-describedby=\"caption-attachment-67314\" style=\"width: 300px\" class=\"wp-caption alignleft\"><a href=\"http:\/\/www.eltrabajo.cl\/portal\/ayer-despidieron-al-dirigente-deportivo-de-curimon-rambo-reyes\/rambo1\/\" rel=\"attachment wp-att-67314\"><img data-recalc-dims=\"1\" loading=\"lazy\" decoding=\"async\" class=\"size-medium wp-image-67314\" src=\"https:\/\/i0.wp.com\/www.eltrabajo.cl\/portal\/wp-content\/uploads\/2016\/03\/Rambo1-300x198.jpg?resize=300%2C198\" alt=\"ADI\u00d3S RAMBO.- Omar Reyes Valdivia, el querido dirigente deportivo y vecino de Curim\u00f3n, a sus 50 a\u00f1os falleci\u00f3 este fin de semana, mientras laboraba en Cormec\u00e1nica.\" width=\"300\" height=\"198\" srcset=\"https:\/\/i0.wp.com\/eltrabajo.cl\/portal\/wp-content\/uploads\/2016\/03\/Rambo1.jpg?resize=300%2C198&amp;ssl=1 300w, https:\/\/i0.wp.com\/eltrabajo.cl\/portal\/wp-content\/uploads\/2016\/03\/Rambo1.jpg?resize=200%2C132&amp;ssl=1 200w, https:\/\/i0.wp.com\/eltrabajo.cl\/portal\/wp-content\/uploads\/2016\/03\/Rambo1.jpg?resize=228%2C150&amp;ssl=1 228w, https:\/\/i0.wp.com\/eltrabajo.cl\/portal\/wp-content\/uploads\/2016\/03\/Rambo1.jpg?resize=400%2C263&amp;ssl=1 400w, https:\/\/i0.wp.com\/eltrabajo.cl\/portal\/wp-content\/uploads\/2016\/03\/Rambo1.jpg?w=530&amp;ssl=1 530w\" sizes=\"auto, (max-width: 300px) 100vw, 300px\" \/><\/a><figcaption id=\"caption-attachment-67314\" class=\"wp-caption-text\">ADI\u00d3S RAMBO.- Omar Reyes Valdivia, el querido dirigente deportivo y vecino de Curim\u00f3n, a sus 50 a\u00f1os falleci\u00f3 este fin de semana, mientras laboraba en Cormec\u00e1nica.<\/figcaption><\/figure>\n<p>Uno de los dirigentes deportivos m\u00e1s queridos y conocidos de Curim\u00f3n, Omar \u2018Rambo\u2019 Reyes Valdivia, falleci\u00f3 sorpresivamente a sus 50 a\u00f1os mientras laboraba en su lugar de trabajo durante este fin de semana en la empresa Cormec\u00e1nica.<br \/>\nEl deceso de este vecino tom\u00f3 a todos por sorpresa, ya que \u00e9l era una persona que dedicaba mucho tiempo a la pr\u00e1ctica del deporte y siempre estaba involucrado en los clubes de sus amores Juventud Antoniana y el Deportivo Cormec\u00e1nica.<br \/>\n\u00abPap\u00e1 era un hombre bueno, \u00e9l no le hac\u00eda da\u00f1o a nadie, ni ten\u00eda enemigos, \u00e9l estaba trabajando cuando se desmay\u00f3, pese a que intentaron revivirlo los m\u00e9dicos, fue imposible salvarlo, su muerte es muy extra\u00f1a, porque no confirman infarto ni accidente cerebral, en algunas semanas nos dar\u00e1n el informe definitivo sobre la causa de su muerte\u00bb, coment\u00f3 a Diario El Trabajo la hija menor del Rambo Reyes, Yanina Reyes. Este vecino ten\u00eda dos hijos, Yanina la menor, y el mayor Dar\u00edo.<br \/>\nLos restos mortales se velaron en Curim\u00f3n desde el domingo, mientras que sus funerales se oficiaron con una Misa a las 15:00 horas en la Iglesia Assunta Pallota de Los Andes, y luego fue sepultado en el cementerio general de esa ciudad. Don Omar Reyes era casado con do\u00f1a Guillermina Espinoza.<br \/>\nTodos quienes laboramos en Diario El Trabajo por medio de la presente nota, queremos expresar c\u00e1lidamente nuestro m\u00e1s Sentido P\u00e9same a sus familiares en estos momentos tan dolorosos.<br \/>\nRoberto Gonz\u00e1lez Short<br \/>\nrgonzalez@eltrabajo.cl<\/p>\n","protected":false},"excerpt":{"rendered":"<p>Uno de los dirigentes deportivos m\u00e1s queridos y conocidos de Curim\u00f3n, Omar \u2018Rambo\u2019 Reyes Valdivia, falleci\u00f3 sorpresivamente a sus 50 a\u00f1os mientras laboraba en su lugar de trabajo durante este fin de&#8230;<\/p>\n","protected":false},"author":1,"featured_media":67314,"comment_status":"open","ping_status":"open","sticky":false,"template":"","format":"standard","meta":{"advanced_seo_description":"","jetpack_seo_html_title":"","jetpack_seo_noindex":false,"_jetpack_memberships_contains_paid_content":false,"footnotes":""},"categories":[15],"tags":[],"class_list":["post-67313","post","type-post","status-publish","format-standard","has-post-thumbnail","hentry","category-comunidad"],"jetpack_featured_media_url":"https:\/\/i0.wp.com\/eltrabajo.cl\/portal\/wp-content\/uploads\/2016\/03\/Rambo1.jpg?fit=530%2C349&ssl=1","jetpack_sharing_enabled":true,"jetpack_likes_enabled":true,"jetpack-related-posts":[],"_links":{"self":[{"href":"https:\/\/eltrabajo.cl\/portal\/wp-json\/wp\/v2\/posts\/67313","targetHints":{"allow":["GET"]}}],"collection":[{"href":"https:\/\/eltrabajo.cl\/portal\/wp-json\/wp\/v2\/posts"}],"about":[{"href":"https:\/\/eltrabajo.cl\/portal\/wp-json\/wp\/v2\/types\/post"}],"author":[{"embeddable":true,"href":"https:\/\/eltrabajo.cl\/portal\/wp-json\/wp\/v2\/users\/1"}],"replies":[{"embeddable":true,"href":"https:\/\/eltrabajo.cl\/portal\/wp-json\/wp\/v2\/comments?post=67313"}],"version-history":[{"count":0,"href":"https:\/\/eltrabajo.cl\/portal\/wp-json\/wp\/v2\/posts\/67313\/revisions"}],"wp:featuredmedia":[{"embeddable":true,"href":"https:\/\/eltrabajo.cl\/portal\/wp-json\/wp\/v2\/media\/67314"}],"wp:attachment":[{"href":"https:\/\/eltrabajo.cl\/portal\/wp-json\/wp\/v2\/media?parent=67313"}],"wp:term":[{"taxonomy":"category","embeddable":true,"href":"https:\/\/eltrabajo.cl\/portal\/wp-json\/wp\/v2\/categories?post=67313"},{"taxonomy":"post_tag","embeddable":true,"href":"https:\/\/eltrabajo.cl\/portal\/wp-json\/wp\/v2\/tags?post=67313"}],"curies":[{"name":"wp","href":"https:\/\/api.w.org\/{rel}","templated":true}]}}