{"id":67321,"date":"2016-03-02T08:21:01","date_gmt":"2016-03-02T11:21:01","guid":{"rendered":"http:\/\/www.eltrabajo.cl\/portal\/?p=67321"},"modified":"2016-03-02T08:21:01","modified_gmt":"2016-03-02T11:21:01","slug":"concejo-exige-a-codelco-relocalizar-planta-de-concentrado-de-cobre","status":"publish","type":"post","link":"https:\/\/eltrabajo.cl\/portal\/concejo-exige-a-codelco-relocalizar-planta-de-concentrado-de-cobre\/","title":{"rendered":"Concejo exige a Codelco relocalizar planta de concentrado de cobre"},"content":{"rendered":"<figure id=\"attachment_67322\" aria-describedby=\"caption-attachment-67322\" style=\"width: 527px\" class=\"wp-caption alignleft\"><a href=\"http:\/\/www.eltrabajo.cl\/portal\/concejo-exige-a-codelco-relocalizar-planta-de-concentrado-de-cobre\/derrame-saladillo\/\" rel=\"attachment wp-att-67322\"><img data-recalc-dims=\"1\" loading=\"lazy\" decoding=\"async\" class=\"size-full wp-image-67322\" src=\"https:\/\/i0.wp.com\/www.eltrabajo.cl\/portal\/wp-content\/uploads\/2016\/03\/Derrame-Saladillo.jpg?resize=527%2C350\" alt=\"Concejo Municipal exige reubicaci\u00f3n de planta de concentrado de cobre para evitar nuevos desastres ambientales como el ocurrido en el R\u00edo Blanco.\" width=\"527\" height=\"350\" srcset=\"https:\/\/i0.wp.com\/eltrabajo.cl\/portal\/wp-content\/uploads\/2016\/03\/Derrame-Saladillo.jpg?w=527&amp;ssl=1 527w, https:\/\/i0.wp.com\/eltrabajo.cl\/portal\/wp-content\/uploads\/2016\/03\/Derrame-Saladillo.jpg?resize=200%2C133&amp;ssl=1 200w, https:\/\/i0.wp.com\/eltrabajo.cl\/portal\/wp-content\/uploads\/2016\/03\/Derrame-Saladillo.jpg?resize=300%2C199&amp;ssl=1 300w, https:\/\/i0.wp.com\/eltrabajo.cl\/portal\/wp-content\/uploads\/2016\/03\/Derrame-Saladillo.jpg?resize=226%2C150&amp;ssl=1 226w, https:\/\/i0.wp.com\/eltrabajo.cl\/portal\/wp-content\/uploads\/2016\/03\/Derrame-Saladillo.jpg?resize=400%2C266&amp;ssl=1 400w\" sizes=\"auto, (max-width: 527px) 100vw, 527px\" \/><\/a><figcaption id=\"caption-attachment-67322\" class=\"wp-caption-text\">Concejo Municipal exige reubicaci\u00f3n de planta de concentrado de cobre para evitar nuevos desastres ambientales como el ocurrido en el R\u00edo Blanco.<\/figcaption><\/figure>\n<p><strong>Siguen las repercusiones por este desastre ambiental generado por la cupr\u00edfera estatal<\/strong><\/p>\n<p><strong>LOS ANDES.-<\/strong> A trav\u00e9s de una declaraci\u00f3n p\u00fablica, el Concejo Municipal de Los Andes exige a la Divisi\u00f3n Andina de Codelco una reubicaci\u00f3n de la planta de filtros y otras medidas tendientes a evitar nuevos derrames de minerales al R\u00edo Aconcagua.<br \/>\nEl concejo manifest\u00f3 \u201csu m\u00e1s en\u00e9rgico repudio a este nuevo incidente de contaminaci\u00f3n ambiental producida por la Divisi\u00f3n Andina de Codelco Chile, que deja en evidencia la precariedad con que est\u00e1 operando la empresa en materia de su procesos industriales y la falta de procedimientos de prevenci\u00f3n de incidentes ambientales\u201d.<br \/>\nPlantearon que estos hechos han puesto en peligro la salud de la comunidad de Los Andes y en especial a los habitantes de R\u00edo Blanco y sus ni\u00f1os \u201ccuya Escuela Municipal result\u00f3 inundada con minerales pesados. Tal como lo expresamos en la reuni\u00f3n sostenida con personeros de la Autoridad Sanitaria y de la Seremi de Educaci\u00f3n, las clases se deben iniciar solo una vez que se haya certificado t\u00e9cnicamente por un organismo externo, que se han eliminado completamente todos los residuos t\u00f3xicos que se derramaron dentro del establecimiento\u201d.<br \/>\n\u201cNo basta que la empresa repare la tuber\u00eda da\u00f1ada, sino que exigimos a la Gerencia General un proyecto de relocalizaci\u00f3n de la Planta de Concentrado y el cambio de todos el sistema de conducci\u00f3n de minerales, lejos del cauce del R\u00edo Blanco, dotado de piscinas preventivas y de un riguroso control de los procesos. Exigimos que Codelco compense el da\u00f1o causado a la Escuela P\u00fablica habilitando canaletas bajo la cota del canal de riego y construyendo un sistema de evacuaci\u00f3n de aguas lluvias y pozos absorventes, que permitan eliminar cualquier residuo que hubiere quedado depositado en los alrededores del establecimiento y faldeos aleda\u00f1os\u201d, fustigaron.<br \/>\nEl concejo expres\u00f3 su solidaridad con la comunidad andina y de R\u00edo Blanco que ha expresado p\u00fablicamente su rechazo a este desastre ambiental, \u201cporque son se\u00f1ales concretas del alto nivel de conciencia p\u00fablica que existe sobre el derecho a vivir en un ambiente libre de contaminaci\u00f3n y de no aceptar el da\u00f1o a nuestros cauces y recursos h\u00eddricos\u201d.<br \/>\nFinalmente, el concejo exige que Sernageomin se realice una profunda investigaci\u00f3n y se sancione a los responsables de estos hechos, informando al municipio sobre lo que se resuelva en definitiva, \u201cy por nuestra parte hemos acordado solicitar a la Alcald\u00eda interponga todas las acciones judiciales, ambientales y penales que correspondan\u201d.<\/p>\n","protected":false},"excerpt":{"rendered":"<p>Siguen las repercusiones por este desastre ambiental generado por la cupr\u00edfera estatal LOS ANDES.- A trav\u00e9s de una declaraci\u00f3n p\u00fablica, el Concejo Municipal de Los Andes exige a la Divisi\u00f3n Andina de&#8230;<\/p>\n","protected":false},"author":1,"featured_media":67322,"comment_status":"open","ping_status":"open","sticky":false,"template":"","format":"standard","meta":{"advanced_seo_description":"","jetpack_seo_html_title":"","jetpack_seo_noindex":false,"_jetpack_memberships_contains_paid_content":false,"footnotes":""},"categories":[1],"tags":[],"class_list":["post-67321","post","type-post","status-publish","format-standard","has-post-thumbnail","hentry","category-cronica"],"jetpack_featured_media_url":"https:\/\/i0.wp.com\/eltrabajo.cl\/portal\/wp-content\/uploads\/2016\/03\/Derrame-Saladillo.jpg?fit=527%2C350&ssl=1","jetpack_sharing_enabled":true,"jetpack_likes_enabled":true,"jetpack-related-posts":[],"_links":{"self":[{"href":"https:\/\/eltrabajo.cl\/portal\/wp-json\/wp\/v2\/posts\/67321","targetHints":{"allow":["GET"]}}],"collection":[{"href":"https:\/\/eltrabajo.cl\/portal\/wp-json\/wp\/v2\/posts"}],"about":[{"href":"https:\/\/eltrabajo.cl\/portal\/wp-json\/wp\/v2\/types\/post"}],"author":[{"embeddable":true,"href":"https:\/\/eltrabajo.cl\/portal\/wp-json\/wp\/v2\/users\/1"}],"replies":[{"embeddable":true,"href":"https:\/\/eltrabajo.cl\/portal\/wp-json\/wp\/v2\/comments?post=67321"}],"version-history":[{"count":0,"href":"https:\/\/eltrabajo.cl\/portal\/wp-json\/wp\/v2\/posts\/67321\/revisions"}],"wp:featuredmedia":[{"embeddable":true,"href":"https:\/\/eltrabajo.cl\/portal\/wp-json\/wp\/v2\/media\/67322"}],"wp:attachment":[{"href":"https:\/\/eltrabajo.cl\/portal\/wp-json\/wp\/v2\/media?parent=67321"}],"wp:term":[{"taxonomy":"category","embeddable":true,"href":"https:\/\/eltrabajo.cl\/portal\/wp-json\/wp\/v2\/categories?post=67321"},{"taxonomy":"post_tag","embeddable":true,"href":"https:\/\/eltrabajo.cl\/portal\/wp-json\/wp\/v2\/tags?post=67321"}],"curies":[{"name":"wp","href":"https:\/\/api.w.org\/{rel}","templated":true}]}}