{"id":67325,"date":"2016-03-02T08:27:47","date_gmt":"2016-03-02T11:27:47","guid":{"rendered":"http:\/\/www.eltrabajo.cl\/portal\/?p=67325"},"modified":"2016-03-02T08:27:47","modified_gmt":"2016-03-02T11:27:47","slug":"duena-casa-con-manada-perros-asegura-que-palomas-son-el-problema","status":"publish","type":"post","link":"https:\/\/eltrabajo.cl\/portal\/duena-casa-con-manada-perros-asegura-que-palomas-son-el-problema\/","title":{"rendered":"Due\u00f1a casa con manada perros asegura que palomas son el problema"},"content":{"rendered":"<figure id=\"attachment_67326\" aria-describedby=\"caption-attachment-67326\" style=\"width: 530px\" class=\"wp-caption alignleft\"><a href=\"http:\/\/www.eltrabajo.cl\/portal\/duena-casa-con-manada-perros-asegura-que-palomas-son-el-problema\/foto-casa-joaquin-oliva\/\" rel=\"attachment wp-att-67326\"><img data-recalc-dims=\"1\" loading=\"lazy\" decoding=\"async\" class=\"size-full wp-image-67326\" src=\"https:\/\/i0.wp.com\/www.eltrabajo.cl\/portal\/wp-content\/uploads\/2016\/03\/FOTO-Casa-Joaquin-Oliva.jpg?resize=530%2C350\" alt=\"La se\u00f1ora Morales busca arrendar otro espacio m\u00e1s amplio donde vivir para evitar causar malestar entre sus vecinos.\" width=\"530\" height=\"350\" srcset=\"https:\/\/i0.wp.com\/eltrabajo.cl\/portal\/wp-content\/uploads\/2016\/03\/FOTO-Casa-Joaquin-Oliva.jpg?w=530&amp;ssl=1 530w, https:\/\/i0.wp.com\/eltrabajo.cl\/portal\/wp-content\/uploads\/2016\/03\/FOTO-Casa-Joaquin-Oliva.jpg?resize=200%2C132&amp;ssl=1 200w, https:\/\/i0.wp.com\/eltrabajo.cl\/portal\/wp-content\/uploads\/2016\/03\/FOTO-Casa-Joaquin-Oliva.jpg?resize=300%2C198&amp;ssl=1 300w, https:\/\/i0.wp.com\/eltrabajo.cl\/portal\/wp-content\/uploads\/2016\/03\/FOTO-Casa-Joaquin-Oliva.jpg?resize=227%2C150&amp;ssl=1 227w, https:\/\/i0.wp.com\/eltrabajo.cl\/portal\/wp-content\/uploads\/2016\/03\/FOTO-Casa-Joaquin-Oliva.jpg?resize=400%2C264&amp;ssl=1 400w\" sizes=\"auto, (max-width: 530px) 100vw, 530px\" \/><\/a><figcaption id=\"caption-attachment-67326\" class=\"wp-caption-text\">La se\u00f1ora Morales busca arrendar otro espacio m\u00e1s amplio donde vivir para evitar causar malestar entre sus vecinos.<\/figcaption><\/figure>\n<p><strong>Carmen Morales afirma que su alcantarillado funciona con normalidad aunque\u00a0reconoci\u00f3 que la cantidad de perros que posee molesta a los vecinos y asumi\u00f3 que debe buscar una alternativa a esa tem\u00e1tica.<\/strong><\/p>\n<p>Carmen Morales tiene 72 a\u00f1os y vive en calle Joaqu\u00edn Oliva desde 1964, precisamente en la propiedad que la semana reci\u00e9n pasada fue amenazada por parte de la autoridad sanitaria, con ser desalojada si es que no se resolv\u00edan diversos temas sanitarios que afectan a la vivienda y que seg\u00fan los vecinos del sector se derivan producto de la gran cantidad de perros que tiene su propietaria.<br \/>\nLa se\u00f1ora Carmen asegura que quiere hacer frente a las acusaciones que hay en contra de ella y de sus perros, pues asegura que los malos olores y focos infecciosos no se deben a sus cachorros ni a la ausencia de alcantarillado, sino a la presencia de palomas en la propiedad.<br \/>\nCon hablar pausado pero en\u00e9rgico, Morales se reh\u00fasa a las fotograf\u00edas acusando timidez y verg\u00fcenza, dice que prefiere que no reconozcan su rostro ante la problem\u00e1tica que enfrenta. \u201cTrabaj\u00e9 muchos a\u00f1os en el hospital, mucha gente me conoce y s\u00e9 que este es un tema complejo\u201d, revel\u00f3.<br \/>\nAunque en alg\u00fan momento se habl\u00f3 de alguna complicaci\u00f3n mental de la due\u00f1a de la casa puesta en jaque, Morales se expresa con total lucidez y se\u00f1ala cierta molestia al responder desde donde nace el problema que la afecta, pues dice que sus vecinos pudieron haber hablado directamente con ella antes de acudir a otra instancia.<br \/>\n\u201cYo le pido por favor que usted pase por ah\u00ed, no es olor a perros el que hay en mi casa, es olor a gallinero producto de la presencia de las palomas. Yo me tuve que acercar a hablar con una persona del frente y yo le dije si acaso ella me iba a dar plata para poder sacar las palomas\u201d, se encoge de hombros haciendo ver que no hubo respuesta a aquella solicitud.<br \/>\nMorales reconoce que trabajadores municipales intentaron realizar una especie de fumigaci\u00f3n para erradicar a estas aves, pero admite que eso no fue suficiente y que las palomas volvieron a anidarse en su techo, sin contar actualmente con los recursos necesarios para poder sacarlas de forma definitiva.<br \/>\n\u201cSi yo tuviera 500 \u00f3 600 mil pesos ya habr\u00eda sacado las palomas de mi casa, no hubiera esperado pasar por esta situaci\u00f3n\u2026 de todas formas no es solamente en mi casa, se anidan donde hay m\u00e1s espacio, pero yo he visto tambi\u00e9n en otros lugares de la poblaci\u00f3n\u201d, declar\u00f3.<br \/>\nReferente a la molestia que provoca en el vecindario la gran cantidad de perros que posee, la se\u00f1ora Carmen, reconoce que son muchos perros -no admite que sean 30-, y que \u00e9stos los fue recogiendo para que no mueran en la calle, argumentando que \u201cno tengo ning\u00fan perro grande, son todos chiquititos, no est\u00e1n en mal estado de salud, yo entiendo el malestar de los vecinos por los ladridos desde ah\u00ed nace la molestia, pero me cuesta aceptar tanta animosidad (sic) conmigo\u201d, expres\u00f3.<br \/>\nCarmen asegura que la casa le pertenece a ella y sus tres hermanos, sin embargo actualmente vive pr\u00e1cticamente sola en el hogar pues su hijo en algunas ocasiones se queda a dormir, as\u00ed como tambi\u00e9n hay oportunidades en que s\u00f3lo llega a la casa de entrada y salida.<br \/>\nEs por esto que le interesa poder poner un atajo a la molestia que est\u00e1 causando y no descarta la posibilidad de abandonar el sector en busca de un lugar m\u00e1s tranquilo donde pueda vivir con sus perros. \u201cA m\u00ed me gustar\u00eda hablar con el se\u00f1or M\u00e9ndez porque parece que \u00e9l no est\u00e1 bien informado, el jueves cuando fueron de la autoridad sanitaria no estaba ni yo ni mi hijo, tengo que trabajar para darle comida a mis perros\u2026 yo reconozco que me exced\u00ed teniendo tantos perros as\u00ed que quiero ver una opci\u00f3n de arrendar un terrenito y llevarme mis animales para que se acabe el problema y no molestar a nadie m\u00e1s\u201d, anunci\u00f3.<br \/>\nAs\u00ed mismo, Morales dijo que si no logra encontrar otro espacio donde vivir junto a sus animales, est\u00e1 dispuesta a continuar con el proceso de esterilizaci\u00f3n de sus mascotas, para que de esta forma le resulte m\u00e1s f\u00e1cil regalar las hembras y poco a poco ir reduciendo el n\u00famero de la manada.<\/p>\n","protected":false},"excerpt":{"rendered":"<p>Carmen Morales afirma que su alcantarillado funciona con normalidad aunque\u00a0reconoci\u00f3 que la cantidad de perros que posee molesta a los vecinos y asumi\u00f3 que debe buscar una alternativa a esa tem\u00e1tica. Carmen&#8230;<\/p>\n","protected":false},"author":1,"featured_media":67326,"comment_status":"open","ping_status":"open","sticky":false,"template":"","format":"standard","meta":{"advanced_seo_description":"","jetpack_seo_html_title":"","jetpack_seo_noindex":false,"_jetpack_memberships_contains_paid_content":false,"footnotes":""},"categories":[15],"tags":[],"class_list":["post-67325","post","type-post","status-publish","format-standard","has-post-thumbnail","hentry","category-comunidad"],"jetpack_featured_media_url":"https:\/\/i0.wp.com\/eltrabajo.cl\/portal\/wp-content\/uploads\/2016\/03\/FOTO-Casa-Joaquin-Oliva.jpg?fit=530%2C350&ssl=1","jetpack_sharing_enabled":true,"jetpack_likes_enabled":true,"jetpack-related-posts":[],"_links":{"self":[{"href":"https:\/\/eltrabajo.cl\/portal\/wp-json\/wp\/v2\/posts\/67325","targetHints":{"allow":["GET"]}}],"collection":[{"href":"https:\/\/eltrabajo.cl\/portal\/wp-json\/wp\/v2\/posts"}],"about":[{"href":"https:\/\/eltrabajo.cl\/portal\/wp-json\/wp\/v2\/types\/post"}],"author":[{"embeddable":true,"href":"https:\/\/eltrabajo.cl\/portal\/wp-json\/wp\/v2\/users\/1"}],"replies":[{"embeddable":true,"href":"https:\/\/eltrabajo.cl\/portal\/wp-json\/wp\/v2\/comments?post=67325"}],"version-history":[{"count":0,"href":"https:\/\/eltrabajo.cl\/portal\/wp-json\/wp\/v2\/posts\/67325\/revisions"}],"wp:featuredmedia":[{"embeddable":true,"href":"https:\/\/eltrabajo.cl\/portal\/wp-json\/wp\/v2\/media\/67326"}],"wp:attachment":[{"href":"https:\/\/eltrabajo.cl\/portal\/wp-json\/wp\/v2\/media?parent=67325"}],"wp:term":[{"taxonomy":"category","embeddable":true,"href":"https:\/\/eltrabajo.cl\/portal\/wp-json\/wp\/v2\/categories?post=67325"},{"taxonomy":"post_tag","embeddable":true,"href":"https:\/\/eltrabajo.cl\/portal\/wp-json\/wp\/v2\/tags?post=67325"}],"curies":[{"name":"wp","href":"https:\/\/api.w.org\/{rel}","templated":true}]}}