{"id":67333,"date":"2016-03-02T08:32:36","date_gmt":"2016-03-02T11:32:36","guid":{"rendered":"http:\/\/www.eltrabajo.cl\/portal\/?p=67333"},"modified":"2016-03-02T08:35:35","modified_gmt":"2016-03-02T11:35:35","slug":"sistema-municipalizado-de-educacion-listo-para-dar-inicio-al-ano-escolar","status":"publish","type":"post","link":"https:\/\/eltrabajo.cl\/portal\/sistema-municipalizado-de-educacion-listo-para-dar-inicio-al-ano-escolar\/","title":{"rendered":"Sistema municipalizado de Educaci\u00f3n listo para dar inicio al a\u00f1o escolar"},"content":{"rendered":"<figure id=\"attachment_67334\" aria-describedby=\"caption-attachment-67334\" style=\"width: 300px\" class=\"wp-caption alignleft\"><a href=\"http:\/\/www.eltrabajo.cl\/portal\/sistema-municipalizado-de-educacion-listo-para-dar-inicio-al-ano-escolar\/jorge-jara-16\/\" rel=\"attachment wp-att-67334\"><img data-recalc-dims=\"1\" loading=\"lazy\" decoding=\"async\" class=\"size-medium wp-image-67334\" src=\"https:\/\/i0.wp.com\/www.eltrabajo.cl\/portal\/wp-content\/uploads\/2016\/03\/jorge-jara-300x198.jpg?resize=300%2C198\" alt=\"Jorge Jara, Alcalde (S) de San Felipe.\" width=\"300\" height=\"198\" srcset=\"https:\/\/i0.wp.com\/eltrabajo.cl\/portal\/wp-content\/uploads\/2016\/03\/jorge-jara.jpg?resize=300%2C198&amp;ssl=1 300w, https:\/\/i0.wp.com\/eltrabajo.cl\/portal\/wp-content\/uploads\/2016\/03\/jorge-jara.jpg?resize=200%2C132&amp;ssl=1 200w, https:\/\/i0.wp.com\/eltrabajo.cl\/portal\/wp-content\/uploads\/2016\/03\/jorge-jara.jpg?resize=228%2C150&amp;ssl=1 228w, https:\/\/i0.wp.com\/eltrabajo.cl\/portal\/wp-content\/uploads\/2016\/03\/jorge-jara.jpg?resize=400%2C263&amp;ssl=1 400w, https:\/\/i0.wp.com\/eltrabajo.cl\/portal\/wp-content\/uploads\/2016\/03\/jorge-jara.jpg?w=530&amp;ssl=1 530w\" sizes=\"auto, (max-width: 300px) 100vw, 300px\" \/><\/a><figcaption id=\"caption-attachment-67334\" class=\"wp-caption-text\">Jorge Jara, Alcalde (S) de San Felipe.<\/figcaption><\/figure>\n<p>Establecimientos educacionales fueron sometidos a trabajos de mejoramiento y reacondicionamiento, para recibir a las alumnas y los alumnos de la comuna.<br \/>\nTras responder satisfactoriamente a los requerimientos de mantenimiento y reparaci\u00f3n de instalaciones educativas formuladas por los directores de los establecimientos, el alcalde subrogante de San Felipe, Jorge Jara Catal\u00e1n, asever\u00f3 que el sistema de educaci\u00f3n municipalizado de la comuna se encuentra listo y dispuesto para dar el vamos al a\u00f1o escolar 2016, este jueves 3 de marzo.<br \/>\nDurante todo el per\u00edodo estival y a prop\u00f3sito de las solicitudes de las comunidades educativas de los distintos establecimientos municipalizados de San Felipe, representados por sus directores ante la DAEM, se desarrollaron labores de mantenimiento entre mediados de diciembre y febrero en la gran mayor\u00eda de las escuelas y liceos de dependencia municipal.<br \/>\nHubo eso s\u00ed trabajos de mayor envergadura que se realizaron, principalmente en las Escuelas Rep\u00fablica Argentina de El Tambo, Carolina Ocampo de Bellavista, 21 de Mayo, Bucalemu, Manuel Rodr\u00edguez, Liceo Cordillera, Liceo San Felipe y en el jard\u00edn infantil El Rinc\u00f3n de los Angelitos.<br \/>\nEn la ma\u00f1ana de este martes, el alcalde subrogante se reuni\u00f3 con el director de la DAEM Iv\u00e1n Silva, ocasi\u00f3n en la que \u00e9ste \u00faltimo le ratific\u00f3 que se efectu\u00f3 la totalidad de las acciones de mejoramiento que se hab\u00eda solicitado, por lo que el edil manifest\u00f3 que \u00abestamos en condiciones de afirmar que nuestras escuelas y liceos est\u00e1n en condiciones de recibir al alumnado este jueves 3 de marzo\u00bb.<br \/>\nExpres\u00f3 que \u00abla inauguraci\u00f3n oficial del a\u00f1o escolar se realizar\u00e1 el pr\u00f3ximo 8 de marzo en la Escuela de Almendral. Quisimos privilegiar un establecimiento rural emblem\u00e1tico de la comuna y por eso nuestro Alcalde Patricio Freire resolvi\u00f3 que este vamos oficial se realice en esa escuela\u00bb.<br \/>\nCabe consignar que luego que la semana pasada se reintegraran a los establecimientos los asistentes de la educaci\u00f3n, durante la jornada de este martes 1 de marzo fue el turno de los profesores. Ma\u00f1ana jueves en tanto, ser\u00e1n las alumnas y alumnos quienes regresar\u00e1n a las aulas, para as\u00ed dar inicio oficial al a\u00f1o escolar 2016.<\/p>\n","protected":false},"excerpt":{"rendered":"<p>Establecimientos educacionales fueron sometidos a trabajos de mejoramiento y reacondicionamiento, para recibir a las alumnas y los alumnos de la comuna. Tras responder satisfactoriamente a los requerimientos de mantenimiento y reparaci\u00f3n de&#8230;<\/p>\n","protected":false},"author":1,"featured_media":67334,"comment_status":"open","ping_status":"open","sticky":false,"template":"","format":"standard","meta":{"advanced_seo_description":"","jetpack_seo_html_title":"","jetpack_seo_noindex":false,"_jetpack_memberships_contains_paid_content":false,"footnotes":""},"categories":[1],"tags":[],"class_list":["post-67333","post","type-post","status-publish","format-standard","has-post-thumbnail","hentry","category-cronica"],"jetpack_featured_media_url":"https:\/\/i0.wp.com\/eltrabajo.cl\/portal\/wp-content\/uploads\/2016\/03\/jorge-jara.jpg?fit=530%2C349&ssl=1","jetpack_sharing_enabled":true,"jetpack_likes_enabled":true,"jetpack-related-posts":[],"_links":{"self":[{"href":"https:\/\/eltrabajo.cl\/portal\/wp-json\/wp\/v2\/posts\/67333","targetHints":{"allow":["GET"]}}],"collection":[{"href":"https:\/\/eltrabajo.cl\/portal\/wp-json\/wp\/v2\/posts"}],"about":[{"href":"https:\/\/eltrabajo.cl\/portal\/wp-json\/wp\/v2\/types\/post"}],"author":[{"embeddable":true,"href":"https:\/\/eltrabajo.cl\/portal\/wp-json\/wp\/v2\/users\/1"}],"replies":[{"embeddable":true,"href":"https:\/\/eltrabajo.cl\/portal\/wp-json\/wp\/v2\/comments?post=67333"}],"version-history":[{"count":0,"href":"https:\/\/eltrabajo.cl\/portal\/wp-json\/wp\/v2\/posts\/67333\/revisions"}],"wp:featuredmedia":[{"embeddable":true,"href":"https:\/\/eltrabajo.cl\/portal\/wp-json\/wp\/v2\/media\/67334"}],"wp:attachment":[{"href":"https:\/\/eltrabajo.cl\/portal\/wp-json\/wp\/v2\/media?parent=67333"}],"wp:term":[{"taxonomy":"category","embeddable":true,"href":"https:\/\/eltrabajo.cl\/portal\/wp-json\/wp\/v2\/categories?post=67333"},{"taxonomy":"post_tag","embeddable":true,"href":"https:\/\/eltrabajo.cl\/portal\/wp-json\/wp\/v2\/tags?post=67333"}],"curies":[{"name":"wp","href":"https:\/\/api.w.org\/{rel}","templated":true}]}}