{"id":67337,"date":"2016-03-02T08:37:00","date_gmt":"2016-03-02T11:37:00","guid":{"rendered":"http:\/\/www.eltrabajo.cl\/portal\/?p=67337"},"modified":"2016-03-02T08:37:00","modified_gmt":"2016-03-02T11:37:00","slug":"anuncian-altas-temperaturas-entre-marzo-y-mayo-para-aconcagua","status":"publish","type":"post","link":"https:\/\/eltrabajo.cl\/portal\/anuncian-altas-temperaturas-entre-marzo-y-mayo-para-aconcagua\/","title":{"rendered":"Anuncian altas temperaturas entre marzo y mayo para Aconcagua"},"content":{"rendered":"<figure id=\"attachment_67338\" aria-describedby=\"caption-attachment-67338\" style=\"width: 300px\" class=\"wp-caption alignleft\"><a href=\"http:\/\/www.eltrabajo.cl\/portal\/anuncian-altas-temperaturas-entre-marzo-y-mayo-para-aconcagua\/miguel-cuevas-4\/\" rel=\"attachment wp-att-67338\"><img data-recalc-dims=\"1\" loading=\"lazy\" decoding=\"async\" class=\"size-medium wp-image-67338\" src=\"https:\/\/i0.wp.com\/www.eltrabajo.cl\/portal\/wp-content\/uploads\/2016\/03\/Miguel-Cuevas-300x198.jpg?resize=300%2C198\" alt=\"Encargado de la estaci\u00f3n meteorol\u00f3gica de la Escuela Agr\u00edcola, Miguel Cuevas.\" width=\"300\" height=\"198\" srcset=\"https:\/\/i0.wp.com\/eltrabajo.cl\/portal\/wp-content\/uploads\/2016\/03\/Miguel-Cuevas.jpg?resize=300%2C198&amp;ssl=1 300w, https:\/\/i0.wp.com\/eltrabajo.cl\/portal\/wp-content\/uploads\/2016\/03\/Miguel-Cuevas.jpg?resize=200%2C132&amp;ssl=1 200w, https:\/\/i0.wp.com\/eltrabajo.cl\/portal\/wp-content\/uploads\/2016\/03\/Miguel-Cuevas.jpg?resize=228%2C150&amp;ssl=1 228w, https:\/\/i0.wp.com\/eltrabajo.cl\/portal\/wp-content\/uploads\/2016\/03\/Miguel-Cuevas.jpg?resize=400%2C263&amp;ssl=1 400w, https:\/\/i0.wp.com\/eltrabajo.cl\/portal\/wp-content\/uploads\/2016\/03\/Miguel-Cuevas.jpg?w=530&amp;ssl=1 530w\" sizes=\"auto, (max-width: 300px) 100vw, 300px\" \/><\/a><figcaption id=\"caption-attachment-67338\" class=\"wp-caption-text\">Encargado de la estaci\u00f3n meteorol\u00f3gica de la Escuela Agr\u00edcola, Miguel Cuevas.<\/figcaption><\/figure>\n<p>Si bien los calores que durante estos meses hemos sentido en Aconcagua nos parecen insoportables, a decir verdad pareciera que s\u00f3lo es el principio, ya que ayer fue anunciado por parte del encargado de la estaci\u00f3n meteorol\u00f3gica de la Escuela Agr\u00edcola, Miguel Cuevas, entre marzo y mayo de este a\u00f1o las temperaturas subir\u00e1n mucho m\u00e1s de lo normal para estos meses.<br \/>\n\u00abLa temperatura m\u00e1s alta en lo que va del a\u00f1o es de 36,6, que fue el 17 de enero, la segunda m\u00e1s alta es fue de 35,2 el 19 de febrero. Una fuente internacional, as\u00ed como nuestras mediciones nacionales, coinciden en que estos meses, marzo, abril y mayo, s\u00ed ser\u00e1n m\u00e1s calientes de lo normal, en lo que no se coincide es en la pluviosidad, pues algunos anuncian sequ\u00eda, mientras que otros mucha agua\u00bb, asegur\u00f3 Cuevas a Diario El Trabajo.<br \/>\nSin embargo y como recordar\u00e1n nuestros lectores, en 2015 el nivel de lluvias fue alto, lo que gener\u00f3 un excelente r\u00e9dito h\u00eddrico que a\u00fan ahora en 2016 nos favorecer\u00e1.<br \/>\n\u00abGracias a las benditas lluvias de 2015, que fueron muchas, contamos ahora con un colch\u00f3n h\u00eddrico que nos garantiza agua para regad\u00edos, si hay calores, s\u00f3lo afectar\u00e1 externamente, pero hay agua asegurada para que la fruta no se pierda, esperamos que a finales de marzo estar\u00e1 acabando la fruta, s\u00f3lo resta soportar m\u00e1s\u00bb, agreg\u00f3 don Miguel.<br \/>\nRoberto Gonz\u00e1lez Short<br \/>\nrgonzalez@eltrabajo.cl<\/p>\n","protected":false},"excerpt":{"rendered":"<p>Si bien los calores que durante estos meses hemos sentido en Aconcagua nos parecen insoportables, a decir verdad pareciera que s\u00f3lo es el principio, ya que ayer fue anunciado por parte del&#8230;<\/p>\n","protected":false},"author":1,"featured_media":67338,"comment_status":"open","ping_status":"open","sticky":false,"template":"","format":"standard","meta":{"advanced_seo_description":"","jetpack_seo_html_title":"","jetpack_seo_noindex":false,"_jetpack_memberships_contains_paid_content":false,"footnotes":""},"categories":[1],"tags":[],"class_list":["post-67337","post","type-post","status-publish","format-standard","has-post-thumbnail","hentry","category-cronica"],"jetpack_featured_media_url":"https:\/\/i0.wp.com\/eltrabajo.cl\/portal\/wp-content\/uploads\/2016\/03\/Miguel-Cuevas.jpg?fit=530%2C349&ssl=1","jetpack_sharing_enabled":true,"jetpack_likes_enabled":true,"jetpack-related-posts":[],"_links":{"self":[{"href":"https:\/\/eltrabajo.cl\/portal\/wp-json\/wp\/v2\/posts\/67337","targetHints":{"allow":["GET"]}}],"collection":[{"href":"https:\/\/eltrabajo.cl\/portal\/wp-json\/wp\/v2\/posts"}],"about":[{"href":"https:\/\/eltrabajo.cl\/portal\/wp-json\/wp\/v2\/types\/post"}],"author":[{"embeddable":true,"href":"https:\/\/eltrabajo.cl\/portal\/wp-json\/wp\/v2\/users\/1"}],"replies":[{"embeddable":true,"href":"https:\/\/eltrabajo.cl\/portal\/wp-json\/wp\/v2\/comments?post=67337"}],"version-history":[{"count":0,"href":"https:\/\/eltrabajo.cl\/portal\/wp-json\/wp\/v2\/posts\/67337\/revisions"}],"wp:featuredmedia":[{"embeddable":true,"href":"https:\/\/eltrabajo.cl\/portal\/wp-json\/wp\/v2\/media\/67338"}],"wp:attachment":[{"href":"https:\/\/eltrabajo.cl\/portal\/wp-json\/wp\/v2\/media?parent=67337"}],"wp:term":[{"taxonomy":"category","embeddable":true,"href":"https:\/\/eltrabajo.cl\/portal\/wp-json\/wp\/v2\/categories?post=67337"},{"taxonomy":"post_tag","embeddable":true,"href":"https:\/\/eltrabajo.cl\/portal\/wp-json\/wp\/v2\/tags?post=67337"}],"curies":[{"name":"wp","href":"https:\/\/api.w.org\/{rel}","templated":true}]}}