{"id":67341,"date":"2016-03-02T08:41:49","date_gmt":"2016-03-02T11:41:49","guid":{"rendered":"http:\/\/www.eltrabajo.cl\/portal\/?p=67341"},"modified":"2016-03-02T08:41:49","modified_gmt":"2016-03-02T11:41:49","slug":"inician-estudios-ambientales-y-de-factibilidad-para-embalse-pocuro","status":"publish","type":"post","link":"https:\/\/eltrabajo.cl\/portal\/inician-estudios-ambientales-y-de-factibilidad-para-embalse-pocuro\/","title":{"rendered":"Inician estudios ambientales y de factibilidad para embalse Pocuro"},"content":{"rendered":"<figure id=\"attachment_67342\" aria-describedby=\"caption-attachment-67342\" style=\"width: 530px\" class=\"wp-caption alignleft\"><a href=\"http:\/\/www.eltrabajo.cl\/portal\/inician-estudios-ambientales-y-de-factibilidad-para-embalse-pocuro\/embalse-pocuro-los-rosales\/\" rel=\"attachment wp-att-67342\"><img data-recalc-dims=\"1\" loading=\"lazy\" decoding=\"async\" class=\"size-full wp-image-67342\" src=\"https:\/\/i0.wp.com\/www.eltrabajo.cl\/portal\/wp-content\/uploads\/2016\/03\/Embalse-pocuro-Los-Rosales.jpg?resize=530%2C349\" alt=\"En el sector de Los Rosales se pretende construir el embalse.\" width=\"530\" height=\"349\" srcset=\"https:\/\/i0.wp.com\/eltrabajo.cl\/portal\/wp-content\/uploads\/2016\/03\/Embalse-pocuro-Los-Rosales.jpg?w=530&amp;ssl=1 530w, https:\/\/i0.wp.com\/eltrabajo.cl\/portal\/wp-content\/uploads\/2016\/03\/Embalse-pocuro-Los-Rosales.jpg?resize=200%2C132&amp;ssl=1 200w, https:\/\/i0.wp.com\/eltrabajo.cl\/portal\/wp-content\/uploads\/2016\/03\/Embalse-pocuro-Los-Rosales.jpg?resize=300%2C198&amp;ssl=1 300w, https:\/\/i0.wp.com\/eltrabajo.cl\/portal\/wp-content\/uploads\/2016\/03\/Embalse-pocuro-Los-Rosales.jpg?resize=228%2C150&amp;ssl=1 228w, https:\/\/i0.wp.com\/eltrabajo.cl\/portal\/wp-content\/uploads\/2016\/03\/Embalse-pocuro-Los-Rosales.jpg?resize=400%2C263&amp;ssl=1 400w\" sizes=\"auto, (max-width: 530px) 100vw, 530px\" \/><\/a><figcaption id=\"caption-attachment-67342\" class=\"wp-caption-text\">En el sector de Los Rosales se pretende construir el embalse.<\/figcaption><\/figure>\n<p><strong>Comunidad de San Vicente conoci\u00f3 los alcances del estudio que desarrolla la Direcci\u00f3n de Obras Hidr\u00e1ulicas del MOP.<\/strong><\/p>\n<p><strong>CALLE LARGA.-<\/strong> Con el proceso de participaci\u00f3n ciudadana con la comunidad, se iniciaron los estudios ambientales y de factibilidad para el embalse de regad\u00edo del Valle del Aconcagua, cuyo emplazamiento se proyecta en el sector de Pocuro en la comuna de Calle Larga, y se enmarca dentro del Plan Aconcagua que impulsa el Ministerio de Obras P\u00fablicas.<br \/>\nSe trata de informar a la comunidad acerca de los detalles de los estudios que buscan determinar la ubicaci\u00f3n exacta de esta obra de regad\u00edo en el sector. Junto con esto, se espera que la comunidad local participe de estos encuentros para que entregue su visi\u00f3n y necesidades territoriales respecto de la obra en proyecto.<br \/>\nEl secretario regional ministerial de Obras P\u00fablicas, Miguel Saavedra, junto al director regional de obras Hidr\u00e1ulicas, Felipe C\u00e1ceres se reuni\u00f3 con la comunidad del sector de San Vicente acompa\u00f1ado de profesionales de la Direcci\u00f3n de Obras Hidr\u00e1ulicas, concejales y la administradora municipal de Calle Larga.<br \/>\nEn la oportunidad, el seremi explic\u00f3 a la comunidad los alcances del estudio y les inst\u00f3 a participar de los encuentros ciudadanos.<br \/>\n\u201cLo que se va a desarrollar durante todo este a\u00f1o y parte del pr\u00f3ximo es recabar los antecedentes t\u00e9cnicos a nivel de geotecnia, hidrolog\u00eda, topograf\u00eda, emplazamiento de viviendas, flora y fauna y toda la base ambiental para establecer el mejor lugar para emplazar un embalse en esta zona\u201d, explic\u00f3 el seremi.<br \/>\nAsimismo, la autoridad regional destac\u00f3 que durante todo este proceso se considera mantener continuamente la participaci\u00f3n con las comunidades locales.<br \/>\n\u201cDurante todo este proceso tenemos considerado mantener una alta participaci\u00f3n ciudadana, entendemos lo complejo que son estos proyectos porque requieren alterar las zonas donde se emplazar\u00e1n y por lo mismo ya iniciamos algunas reuniones informativas principalmente con las localidades de la comuna de Calle Larga en el sector de San Vicente y Los Rosales para informarles en qu\u00e9 va a consistir este estudio que es principalmente de factibilidad y evaluaci\u00f3n ambiental; vamos a trabajar en conjunto con la comunidad tanto aspectos del proyecto como de las medidas eventuales mitigatorias o compensatoria en virtud de este proyecto\u201d, explic\u00f3.<br \/>\nSaavedra record\u00f3 que este embalse se enmarca en el Plan Aconcagua y su principal objetivo es dar una mayor seguridad de riego a las provincias de Los Andes y San Felipe; por otra parte, el embalse Catemu se proyecta para entregar el recurso h\u00eddrico a las provincias de Quillota y Marga Marga.<br \/>\nLa autoridad regional inform\u00f3 que se acord\u00f3 tener una nueva reuni\u00f3n con la comunidad a finales de marzo para ir presentando los avances en la definici\u00f3n del proyecto y recoger inquietudes m\u00e1s espec\u00edficas de la comunidad. Adem\u00e1s, se solicit\u00f3 una reuni\u00f3n con el Concejo Municipal para entregar mayor informaci\u00f3n y despejar dudas respecto del desarrollo del estudio.<\/p>\n","protected":false},"excerpt":{"rendered":"<p>Comunidad de San Vicente conoci\u00f3 los alcances del estudio que desarrolla la Direcci\u00f3n de Obras Hidr\u00e1ulicas del MOP. CALLE LARGA.- Con el proceso de participaci\u00f3n ciudadana con la comunidad, se iniciaron los&#8230;<\/p>\n","protected":false},"author":1,"featured_media":67342,"comment_status":"open","ping_status":"open","sticky":false,"template":"","format":"standard","meta":{"advanced_seo_description":"","jetpack_seo_html_title":"","jetpack_seo_noindex":false,"_jetpack_memberships_contains_paid_content":false,"footnotes":""},"categories":[1],"tags":[],"class_list":["post-67341","post","type-post","status-publish","format-standard","has-post-thumbnail","hentry","category-cronica"],"jetpack_featured_media_url":"https:\/\/i0.wp.com\/eltrabajo.cl\/portal\/wp-content\/uploads\/2016\/03\/Embalse-pocuro-Los-Rosales.jpg?fit=530%2C349&ssl=1","jetpack_sharing_enabled":true,"jetpack_likes_enabled":true,"jetpack-related-posts":[],"_links":{"self":[{"href":"https:\/\/eltrabajo.cl\/portal\/wp-json\/wp\/v2\/posts\/67341","targetHints":{"allow":["GET"]}}],"collection":[{"href":"https:\/\/eltrabajo.cl\/portal\/wp-json\/wp\/v2\/posts"}],"about":[{"href":"https:\/\/eltrabajo.cl\/portal\/wp-json\/wp\/v2\/types\/post"}],"author":[{"embeddable":true,"href":"https:\/\/eltrabajo.cl\/portal\/wp-json\/wp\/v2\/users\/1"}],"replies":[{"embeddable":true,"href":"https:\/\/eltrabajo.cl\/portal\/wp-json\/wp\/v2\/comments?post=67341"}],"version-history":[{"count":0,"href":"https:\/\/eltrabajo.cl\/portal\/wp-json\/wp\/v2\/posts\/67341\/revisions"}],"wp:featuredmedia":[{"embeddable":true,"href":"https:\/\/eltrabajo.cl\/portal\/wp-json\/wp\/v2\/media\/67342"}],"wp:attachment":[{"href":"https:\/\/eltrabajo.cl\/portal\/wp-json\/wp\/v2\/media?parent=67341"}],"wp:term":[{"taxonomy":"category","embeddable":true,"href":"https:\/\/eltrabajo.cl\/portal\/wp-json\/wp\/v2\/categories?post=67341"},{"taxonomy":"post_tag","embeddable":true,"href":"https:\/\/eltrabajo.cl\/portal\/wp-json\/wp\/v2\/tags?post=67341"}],"curies":[{"name":"wp","href":"https:\/\/api.w.org\/{rel}","templated":true}]}}