{"id":67346,"date":"2016-03-02T08:51:11","date_gmt":"2016-03-02T11:51:11","guid":{"rendered":"http:\/\/www.eltrabajo.cl\/portal\/?p=67346"},"modified":"2016-03-02T08:51:11","modified_gmt":"2016-03-02T11:51:11","slug":"amantes-del-chi-kung-y-del-yoga-iniciaron-marzo-con-mucha-energia","status":"publish","type":"post","link":"https:\/\/eltrabajo.cl\/portal\/amantes-del-chi-kung-y-del-yoga-iniciaron-marzo-con-mucha-energia\/","title":{"rendered":"Amantes del Chi Kung y del Yoga iniciaron marzo con mucha energ\u00eda"},"content":{"rendered":"<p>Este mes de marzo es el reinicio anual para muchas tareas de crecimiento personal y masivo a nivel nacional en los distintos \u00e1mbitos de nuestra sociedad, inician las clases en todos los ciclos de los educandos; arrancan muchos de los procesos y campeonatos deportivos en varias disciplinas y tambi\u00e9n los m\u00e1s de 400 usuarios que atiende el Departamento de Salud Mental de los Cesfam Segismundo Iturra y el de Curim\u00f3n, pues ayer iniciaron los talleres de Chi Kung, Yoga y Tai Chi, que imparte el profesor Robinson Pradenas en esas dependencias de salud municipalizada.<\/p>\n<p><strong>TODOS DEBEMOS\u00a0REINICIARNOS<\/strong><br \/>\nDiario El Trabajo habl\u00f3 con este profesional de 75 a\u00f1os, quien hizo una pausa en su trabajo para explicarnos parte de las din\u00e1micas que \u00e9l implementa con sus usuarios.<br \/>\n\u00abLaboro para estos Cesfam desde hace cuatro a\u00f1os, no s\u00f3lo trabajo con adultos mayores, tambi\u00e9n implemento el Yoga, Chi Kung y Tai Chi a ni\u00f1os con sus madres o apoderadas. Los \u00faltimos meses de cada a\u00f1o y los dos primeros del siguiente, siempre son meses estresantes, en donde buscamos descansar, pero nos cansamos m\u00e1s, es por eso que en marzo hay que volver a reiniciarnos como personas, para que el cuerpo empiece a retomar el ritmo que tra\u00eda meses atr\u00e1s\u00bb, coment\u00f3 el profesor Robinson Pradenas.<br \/>\nEl Chi Kung alude a una diversidad de t\u00e9cnicas habitualmente relacionadas con la medicina china tradicional, que comprenden la mente; la respiraci\u00f3n y el ejercicio f\u00edsico. El Chi Kung se practica generalmente con objetivos orientados al mantenimiento de la salud, pero tambi\u00e9n en algunos casos, especialmente en China, se puede prescribir con objetivos terap\u00e9uticos espec\u00edficos. Seg\u00fan las tradiciones budista y tao\u00edsta, de donde procede en gran parte, es un m\u00e9todo para alcanzar la iluminaci\u00f3n personal.<\/p>\n<p><strong>D\u00cdAS, LUGARES Y HORARIOS<\/strong><br \/>\nPradenas explic\u00f3 a Diario El Trabajo c\u00f3mo en qu\u00e9 horarios y lugares \u00e9l distribuye su labor a beneficio de los usuarios sanfelipe\u00f1o.<br \/>\n\u00abEn el Cesfam Segismundo Iturra atiendo los d\u00edas martes y jueves de las 08:00 a 09:00 horas en Chi Kung; de 09:00 a 10:00 horas imparto Yoga y cierro la ma\u00f1ana con Chi Kung de 10:00 a 11:00 horas. En la tarde doy otra jornada desde las 16:00 a las 17:00 horas de Chi Kung y en ese mismo Cesfam los viernes de las 16:00 a 18:00 horas, imparto una clase de Yoga para ni\u00f1os\u00bb, inform\u00f3 Pradenas.<br \/>\nPero el accionar de este experimentado profesor de educaci\u00f3n f\u00edsica, quien se inici\u00f3 a sus 22 a\u00f1os, tambi\u00e9n atiende en el Cesfam Curim\u00f3n, en donde atiende los mi\u00e9rcoles de 09:00 a 10:00 horas con Chi Kung, y los lunes imparte m\u00e1s Chi Kung en la sede vecinal de Tierras Blancas de las 09:00 a las 10:00 horas.<\/p>\n<p><strong>ENERG\u00cdA POSITIVA<\/strong><br \/>\nDiario El Trabajo habl\u00f3 con varios usuarios de estos talleres, quienes reportaron haber sentido gran mejor\u00eda en su salud f\u00edsica, mayor flexibilidad en sus m\u00fasculos y una mejor actitud mental ante la vida.<br \/>\nGEORGINA FUENTES, 60 A\u00d1OS: \u00abMe siento muy bien con este taller de Yoga, siento m\u00e1s ganas de vivir y me deprimo menos, lo bueno es que es gratis para nosotros\u00bb.<br \/>\nJOS\u00c9 IBACETA, 76 A\u00d1OS: \u00abEstoy en este taller desde hace diez meses, tengo ahora mejor concentraci\u00f3n, estoy m\u00e1s relajado y con una mirada m\u00e1s positiva ante la vida\u00bb.<br \/>\nRoberto Gonz\u00e1lez Short<br \/>\nrgonzalez@eltrabajo.cl<\/p>\n<div class=\"tiled-gallery type-rectangular tiled-gallery-unresized\" data-original-width=\"640\" data-carousel-extra='null' itemscope itemtype=\"http:\/\/schema.org\/ImageGallery\" > <div class=\"gallery-row\" style=\"width: 640px; height: 283px;\" data-original-width=\"640\" data-original-height=\"283\" > <div class=\"gallery-group images-1\" style=\"width: 428px; height: 283px;\" data-original-width=\"428\" data-original-height=\"283\" > <div class=\"tiled-gallery-item tiled-gallery-item-large\" itemprop=\"associatedMedia\" itemscope itemtype=\"http:\/\/schema.org\/ImageObject\"> <a href=\"https:\/\/eltrabajo.cl\/portal\/amantes-del-chi-kung-y-del-yoga-iniciaron-marzo-con-mucha-energia\/chikung1\/\" border=\"0\" itemprop=\"url\"> <meta itemprop=\"width\" content=\"424\"> <meta itemprop=\"height\" content=\"279\"> <img decoding=\"async\" class=\"\" data-attachment-id=\"67347\" data-orig-file=\"https:\/\/eltrabajo.cl\/portal\/wp-content\/uploads\/2016\/03\/ChiKung1.jpg\" data-orig-size=\"530,349\" data-comments-opened=\"1\" data-image-meta=\"{&quot;aperture&quot;:&quot;0&quot;,&quot;credit&quot;:&quot;&quot;,&quot;camera&quot;:&quot;&quot;,&quot;caption&quot;:&quot;&quot;,&quot;created_timestamp&quot;:&quot;0&quot;,&quot;copyright&quot;:&quot;&quot;,&quot;focal_length&quot;:&quot;0&quot;,&quot;iso&quot;:&quot;0&quot;,&quot;shutter_speed&quot;:&quot;0&quot;,&quot;title&quot;:&quot;&quot;,&quot;orientation&quot;:&quot;0&quot;}\" data-image-title=\"PROFE DE HIERRO.- El profesor Robinson Pradenas lleva cuatro a\u00f1os impartiendo sus talleres en los Cesfam Segismundo Iturra y el de Curim\u00f3n.\" data-image-description=\"&lt;p&gt;PROFE DE HIERRO.- El profesor Robinson Pradenas lleva cuatro a\u00f1os impartiendo sus talleres en los Cesfam Segismundo Iturra y el de Curim\u00f3n.&lt;\/p&gt; \" data-medium-file=\"https:\/\/i0.wp.com\/eltrabajo.cl\/portal\/wp-content\/uploads\/2016\/03\/ChiKung1.jpg?fit=300%2C198&#038;ssl=1\" data-large-file=\"https:\/\/i0.wp.com\/eltrabajo.cl\/portal\/wp-content\/uploads\/2016\/03\/ChiKung1.jpg?fit=530%2C349&#038;ssl=1\" src=\"https:\/\/i0.wp.com\/eltrabajo.cl\/portal\/wp-content\/uploads\/2016\/03\/ChiKung1.jpg?w=424&#038;h=279&#038;ssl=1\" srcset=\"https:\/\/i0.wp.com\/eltrabajo.cl\/portal\/wp-content\/uploads\/2016\/03\/ChiKung1.jpg?w=530&amp;ssl=1 530w, https:\/\/i0.wp.com\/eltrabajo.cl\/portal\/wp-content\/uploads\/2016\/03\/ChiKung1.jpg?resize=200%2C132&amp;ssl=1 200w, https:\/\/i0.wp.com\/eltrabajo.cl\/portal\/wp-content\/uploads\/2016\/03\/ChiKung1.jpg?resize=300%2C198&amp;ssl=1 300w, https:\/\/i0.wp.com\/eltrabajo.cl\/portal\/wp-content\/uploads\/2016\/03\/ChiKung1.jpg?resize=228%2C150&amp;ssl=1 228w, https:\/\/i0.wp.com\/eltrabajo.cl\/portal\/wp-content\/uploads\/2016\/03\/ChiKung1.jpg?resize=400%2C263&amp;ssl=1 400w\" width=\"424\" height=\"279\" loading=\"lazy\" data-original-width=\"424\" data-original-height=\"279\" itemprop=\"http:\/\/schema.org\/image\" title=\"PROFE DE HIERRO.- El profesor Robinson Pradenas lleva cuatro a\u00f1os impartiendo sus talleres en los Cesfam Segismundo Iturra y el de Curim\u00f3n.\" alt=\"PROFE DE HIERRO.- El profesor Robinson Pradenas lleva cuatro a\u00f1os impartiendo sus talleres en los Cesfam Segismundo Iturra y el de Curim\u00f3n.\" style=\"width: 424px; height: 279px;\" \/> <\/a> <div class=\"tiled-gallery-caption\" itemprop=\"caption description\"> PROFE DE HIERRO.- El profesor Robinson Pradenas lleva cuatro a\u00f1os impartiendo sus talleres en los Cesfam Segismundo Iturra y el de Curim\u00f3n. <\/div> <\/div> <\/div> <!-- close group --> <div class=\"gallery-group images-2\" style=\"width: 212px; height: 283px;\" data-original-width=\"212\" data-original-height=\"283\" > <div class=\"tiled-gallery-item tiled-gallery-item-small\" itemprop=\"associatedMedia\" itemscope itemtype=\"http:\/\/schema.org\/ImageObject\"> <a href=\"https:\/\/eltrabajo.cl\/portal\/amantes-del-chi-kung-y-del-yoga-iniciaron-marzo-con-mucha-energia\/chikung3\/\" border=\"0\" itemprop=\"url\"> <meta itemprop=\"width\" content=\"208\"> <meta itemprop=\"height\" content=\"137\"> <img decoding=\"async\" class=\"\" data-attachment-id=\"67348\" data-orig-file=\"https:\/\/eltrabajo.cl\/portal\/wp-content\/uploads\/2016\/03\/ChiKung3.jpg\" data-orig-size=\"530,349\" data-comments-opened=\"1\" data-image-meta=\"{&quot;aperture&quot;:&quot;0&quot;,&quot;credit&quot;:&quot;&quot;,&quot;camera&quot;:&quot;&quot;,&quot;caption&quot;:&quot;&quot;,&quot;created_timestamp&quot;:&quot;0&quot;,&quot;copyright&quot;:&quot;&quot;,&quot;focal_length&quot;:&quot;0&quot;,&quot;iso&quot;:&quot;0&quot;,&quot;shutter_speed&quot;:&quot;0&quot;,&quot;title&quot;:&quot;&quot;,&quot;orientation&quot;:&quot;0&quot;}\" data-image-title=\"SALUD PARA TODOS.- Usted puede acceder a los beneficios de estos talleres, acerc\u00e1ndose a los Cesfam de la Red Municipal de Salud, en este caso a los Cesfam anteriormente indicados.\" data-image-description=\"&lt;p&gt;SALUD PARA TODOS.- Usted puede acceder a los beneficios de estos talleres, acerc\u00e1ndose a los Cesfam de la Red Municipal de Salud, en este caso a los Cesfam anteriormente indicados.&lt;\/p&gt; \" data-medium-file=\"https:\/\/i0.wp.com\/eltrabajo.cl\/portal\/wp-content\/uploads\/2016\/03\/ChiKung3.jpg?fit=300%2C198&#038;ssl=1\" data-large-file=\"https:\/\/i0.wp.com\/eltrabajo.cl\/portal\/wp-content\/uploads\/2016\/03\/ChiKung3.jpg?fit=530%2C349&#038;ssl=1\" src=\"https:\/\/i0.wp.com\/eltrabajo.cl\/portal\/wp-content\/uploads\/2016\/03\/ChiKung3.jpg?w=208&#038;h=137&#038;ssl=1\" srcset=\"https:\/\/i0.wp.com\/eltrabajo.cl\/portal\/wp-content\/uploads\/2016\/03\/ChiKung3.jpg?w=530&amp;ssl=1 530w, https:\/\/i0.wp.com\/eltrabajo.cl\/portal\/wp-content\/uploads\/2016\/03\/ChiKung3.jpg?resize=200%2C132&amp;ssl=1 200w, https:\/\/i0.wp.com\/eltrabajo.cl\/portal\/wp-content\/uploads\/2016\/03\/ChiKung3.jpg?resize=300%2C198&amp;ssl=1 300w, https:\/\/i0.wp.com\/eltrabajo.cl\/portal\/wp-content\/uploads\/2016\/03\/ChiKung3.jpg?resize=228%2C150&amp;ssl=1 228w, https:\/\/i0.wp.com\/eltrabajo.cl\/portal\/wp-content\/uploads\/2016\/03\/ChiKung3.jpg?resize=400%2C263&amp;ssl=1 400w\" width=\"208\" height=\"137\" loading=\"lazy\" data-original-width=\"208\" data-original-height=\"137\" itemprop=\"http:\/\/schema.org\/image\" title=\"SALUD PARA TODOS.- Usted puede acceder a los beneficios de estos talleres, acerc\u00e1ndose a los Cesfam de la Red Municipal de Salud, en este caso a los Cesfam anteriormente indicados.\" alt=\"SALUD PARA TODOS.- Usted puede acceder a los beneficios de estos talleres, acerc\u00e1ndose a los Cesfam de la Red Municipal de Salud, en este caso a los Cesfam anteriormente indicados.\" style=\"width: 208px; height: 137px;\" \/> <\/a> <div class=\"tiled-gallery-caption\" itemprop=\"caption description\"> SALUD PARA TODOS.- Usted puede acceder a los beneficios de estos talleres, acerc\u00e1ndose a los Cesfam de la Red Municipal de Salud, en este caso a los Cesfam anteriormente indicados. <\/div> <\/div> <div class=\"tiled-gallery-item tiled-gallery-item-small\" itemprop=\"associatedMedia\" itemscope itemtype=\"http:\/\/schema.org\/ImageObject\"> <a href=\"https:\/\/eltrabajo.cl\/portal\/amantes-del-chi-kung-y-del-yoga-iniciaron-marzo-con-mucha-energia\/chikunk2\/\" border=\"0\" itemprop=\"url\"> <meta itemprop=\"width\" content=\"208\"> <meta itemprop=\"height\" content=\"138\"> <img decoding=\"async\" class=\"\" data-attachment-id=\"67349\" data-orig-file=\"https:\/\/eltrabajo.cl\/portal\/wp-content\/uploads\/2016\/03\/ChiKunk2.jpg\" data-orig-size=\"530,350\" data-comments-opened=\"1\" data-image-meta=\"{&quot;aperture&quot;:&quot;0&quot;,&quot;credit&quot;:&quot;&quot;,&quot;camera&quot;:&quot;&quot;,&quot;caption&quot;:&quot;&quot;,&quot;created_timestamp&quot;:&quot;0&quot;,&quot;copyright&quot;:&quot;&quot;,&quot;focal_length&quot;:&quot;0&quot;,&quot;iso&quot;:&quot;0&quot;,&quot;shutter_speed&quot;:&quot;0&quot;,&quot;title&quot;:&quot;&quot;,&quot;orientation&quot;:&quot;0&quot;}\" data-image-title=\"SALUD MENTAL.- Son unas 400 personas las que mensualmente reciben el conocimiento de don Robinson, y tambi\u00e9n los beneficios de una saludable vida.\" data-image-description=\"&lt;p&gt;SALUD MENTAL.- Son unas 400 personas las que mensualmente reciben el conocimiento de don Robinson, y tambi\u00e9n los beneficios de una saludable vida.&lt;\/p&gt; \" data-medium-file=\"https:\/\/i0.wp.com\/eltrabajo.cl\/portal\/wp-content\/uploads\/2016\/03\/ChiKunk2.jpg?fit=300%2C198&#038;ssl=1\" data-large-file=\"https:\/\/i0.wp.com\/eltrabajo.cl\/portal\/wp-content\/uploads\/2016\/03\/ChiKunk2.jpg?fit=530%2C350&#038;ssl=1\" src=\"https:\/\/i0.wp.com\/eltrabajo.cl\/portal\/wp-content\/uploads\/2016\/03\/ChiKunk2.jpg?w=208&#038;h=138&#038;ssl=1\" srcset=\"https:\/\/i0.wp.com\/eltrabajo.cl\/portal\/wp-content\/uploads\/2016\/03\/ChiKunk2.jpg?w=530&amp;ssl=1 530w, https:\/\/i0.wp.com\/eltrabajo.cl\/portal\/wp-content\/uploads\/2016\/03\/ChiKunk2.jpg?resize=200%2C132&amp;ssl=1 200w, https:\/\/i0.wp.com\/eltrabajo.cl\/portal\/wp-content\/uploads\/2016\/03\/ChiKunk2.jpg?resize=300%2C198&amp;ssl=1 300w, https:\/\/i0.wp.com\/eltrabajo.cl\/portal\/wp-content\/uploads\/2016\/03\/ChiKunk2.jpg?resize=227%2C150&amp;ssl=1 227w, https:\/\/i0.wp.com\/eltrabajo.cl\/portal\/wp-content\/uploads\/2016\/03\/ChiKunk2.jpg?resize=400%2C264&amp;ssl=1 400w\" width=\"208\" height=\"138\" loading=\"lazy\" data-original-width=\"208\" data-original-height=\"138\" itemprop=\"http:\/\/schema.org\/image\" title=\"SALUD MENTAL.- Son unas 400 personas las que mensualmente reciben el conocimiento de don Robinson, y tambi\u00e9n los beneficios de una saludable vida.\" alt=\"SALUD MENTAL.- Son unas 400 personas las que mensualmente reciben el conocimiento de don Robinson, y tambi\u00e9n los beneficios de una saludable vida.\" style=\"width: 208px; height: 138px;\" \/> <\/a> <div class=\"tiled-gallery-caption\" itemprop=\"caption description\"> SALUD MENTAL.- Son unas 400 personas las que mensualmente reciben el conocimiento de don Robinson, y tambi\u00e9n los beneficios de una saludable vida. <\/div> <\/div> <\/div> <!-- close group --> <\/div> <!-- close row --> <div class=\"gallery-row\" style=\"width: 640px; height: 212px;\" data-original-width=\"640\" data-original-height=\"212\" > <div class=\"gallery-group images-1\" style=\"width: 320px; height: 212px;\" data-original-width=\"320\" data-original-height=\"212\" > <div class=\"tiled-gallery-item tiled-gallery-item-large\" itemprop=\"associatedMedia\" itemscope itemtype=\"http:\/\/schema.org\/ImageObject\"> <a href=\"https:\/\/eltrabajo.cl\/portal\/amantes-del-chi-kung-y-del-yoga-iniciaron-marzo-con-mucha-energia\/georgina-fuentes\/\" border=\"0\" itemprop=\"url\"> <meta itemprop=\"width\" content=\"316\"> <meta itemprop=\"height\" content=\"208\"> <img decoding=\"async\" class=\"\" data-attachment-id=\"67350\" data-orig-file=\"https:\/\/eltrabajo.cl\/portal\/wp-content\/uploads\/2016\/03\/Georgina-Fuentes.jpg\" data-orig-size=\"530,349\" data-comments-opened=\"1\" data-image-meta=\"{&quot;aperture&quot;:&quot;0&quot;,&quot;credit&quot;:&quot;&quot;,&quot;camera&quot;:&quot;&quot;,&quot;caption&quot;:&quot;&quot;,&quot;created_timestamp&quot;:&quot;0&quot;,&quot;copyright&quot;:&quot;&quot;,&quot;focal_length&quot;:&quot;0&quot;,&quot;iso&quot;:&quot;0&quot;,&quot;shutter_speed&quot;:&quot;0&quot;,&quot;title&quot;:&quot;&quot;,&quot;orientation&quot;:&quot;0&quot;}\" data-image-title=\"Georgina Fuentes, asegura sentirse mejor con estos talleres de yoga.\" data-image-description=\"&lt;p&gt;Georgina Fuentes, asegura sentirse mejor con estos talleres de yoga.&lt;\/p&gt; \" data-medium-file=\"https:\/\/i0.wp.com\/eltrabajo.cl\/portal\/wp-content\/uploads\/2016\/03\/Georgina-Fuentes.jpg?fit=300%2C198&#038;ssl=1\" data-large-file=\"https:\/\/i0.wp.com\/eltrabajo.cl\/portal\/wp-content\/uploads\/2016\/03\/Georgina-Fuentes.jpg?fit=530%2C349&#038;ssl=1\" src=\"https:\/\/i0.wp.com\/eltrabajo.cl\/portal\/wp-content\/uploads\/2016\/03\/Georgina-Fuentes.jpg?w=316&#038;h=208&#038;ssl=1\" srcset=\"https:\/\/i0.wp.com\/eltrabajo.cl\/portal\/wp-content\/uploads\/2016\/03\/Georgina-Fuentes.jpg?w=530&amp;ssl=1 530w, https:\/\/i0.wp.com\/eltrabajo.cl\/portal\/wp-content\/uploads\/2016\/03\/Georgina-Fuentes.jpg?resize=200%2C132&amp;ssl=1 200w, https:\/\/i0.wp.com\/eltrabajo.cl\/portal\/wp-content\/uploads\/2016\/03\/Georgina-Fuentes.jpg?resize=300%2C198&amp;ssl=1 300w, https:\/\/i0.wp.com\/eltrabajo.cl\/portal\/wp-content\/uploads\/2016\/03\/Georgina-Fuentes.jpg?resize=228%2C150&amp;ssl=1 228w, https:\/\/i0.wp.com\/eltrabajo.cl\/portal\/wp-content\/uploads\/2016\/03\/Georgina-Fuentes.jpg?resize=400%2C263&amp;ssl=1 400w\" width=\"316\" height=\"208\" loading=\"lazy\" data-original-width=\"316\" data-original-height=\"208\" itemprop=\"http:\/\/schema.org\/image\" title=\"Georgina Fuentes, asegura sentirse mejor con estos talleres de yoga.\" alt=\"Georgina Fuentes, asegura sentirse mejor con estos talleres de yoga.\" style=\"width: 316px; height: 208px;\" \/> <\/a> <div class=\"tiled-gallery-caption\" itemprop=\"caption description\"> Georgina Fuentes, asegura sentirse mejor con estos talleres de yoga. <\/div> <\/div> <\/div> <!-- close group --> <div class=\"gallery-group images-1\" style=\"width: 320px; height: 212px;\" data-original-width=\"320\" data-original-height=\"212\" > <div class=\"tiled-gallery-item tiled-gallery-item-large\" itemprop=\"associatedMedia\" itemscope itemtype=\"http:\/\/schema.org\/ImageObject\"> <a href=\"https:\/\/eltrabajo.cl\/portal\/amantes-del-chi-kung-y-del-yoga-iniciaron-marzo-con-mucha-energia\/jose-ibaceta\/\" border=\"0\" itemprop=\"url\"> <meta itemprop=\"width\" content=\"316\"> <meta itemprop=\"height\" content=\"208\"> <img decoding=\"async\" class=\"\" data-attachment-id=\"67351\" data-orig-file=\"https:\/\/eltrabajo.cl\/portal\/wp-content\/uploads\/2016\/03\/Jose-Ibaceta.jpg\" data-orig-size=\"530,349\" data-comments-opened=\"1\" data-image-meta=\"{&quot;aperture&quot;:&quot;0&quot;,&quot;credit&quot;:&quot;&quot;,&quot;camera&quot;:&quot;&quot;,&quot;caption&quot;:&quot;&quot;,&quot;created_timestamp&quot;:&quot;0&quot;,&quot;copyright&quot;:&quot;&quot;,&quot;focal_length&quot;:&quot;0&quot;,&quot;iso&quot;:&quot;0&quot;,&quot;shutter_speed&quot;:&quot;0&quot;,&quot;title&quot;:&quot;&quot;,&quot;orientation&quot;:&quot;0&quot;}\" data-image-title=\"Jos\u00e9 Ibaceta, usuario del Cesfam Segismundo Iturra.\" data-image-description=\"&lt;p&gt;Jos\u00e9 Ibaceta, usuario del Cesfam Segismundo Iturra.&lt;\/p&gt; \" data-medium-file=\"https:\/\/i0.wp.com\/eltrabajo.cl\/portal\/wp-content\/uploads\/2016\/03\/Jose-Ibaceta.jpg?fit=300%2C198&#038;ssl=1\" data-large-file=\"https:\/\/i0.wp.com\/eltrabajo.cl\/portal\/wp-content\/uploads\/2016\/03\/Jose-Ibaceta.jpg?fit=530%2C349&#038;ssl=1\" src=\"https:\/\/i0.wp.com\/eltrabajo.cl\/portal\/wp-content\/uploads\/2016\/03\/Jose-Ibaceta.jpg?w=316&#038;h=208&#038;ssl=1\" srcset=\"https:\/\/i0.wp.com\/eltrabajo.cl\/portal\/wp-content\/uploads\/2016\/03\/Jose-Ibaceta.jpg?w=530&amp;ssl=1 530w, https:\/\/i0.wp.com\/eltrabajo.cl\/portal\/wp-content\/uploads\/2016\/03\/Jose-Ibaceta.jpg?resize=200%2C132&amp;ssl=1 200w, https:\/\/i0.wp.com\/eltrabajo.cl\/portal\/wp-content\/uploads\/2016\/03\/Jose-Ibaceta.jpg?resize=300%2C198&amp;ssl=1 300w, https:\/\/i0.wp.com\/eltrabajo.cl\/portal\/wp-content\/uploads\/2016\/03\/Jose-Ibaceta.jpg?resize=228%2C150&amp;ssl=1 228w, https:\/\/i0.wp.com\/eltrabajo.cl\/portal\/wp-content\/uploads\/2016\/03\/Jose-Ibaceta.jpg?resize=400%2C263&amp;ssl=1 400w\" width=\"316\" height=\"208\" loading=\"lazy\" data-original-width=\"316\" data-original-height=\"208\" itemprop=\"http:\/\/schema.org\/image\" title=\"Jos\u00e9 Ibaceta, usuario del Cesfam Segismundo Iturra.\" alt=\"Jos\u00e9 Ibaceta, usuario del Cesfam Segismundo Iturra.\" style=\"width: 316px; height: 208px;\" \/> <\/a> <div class=\"tiled-gallery-caption\" itemprop=\"caption description\"> Jos\u00e9 Ibaceta, usuario del Cesfam Segismundo Iturra. <\/div> <\/div> <\/div> <!-- close group --> <\/div> <!-- close row --> <\/div>\n","protected":false},"excerpt":{"rendered":"<p>Este mes de marzo es el reinicio anual para muchas tareas de crecimiento personal y masivo a nivel nacional en los distintos \u00e1mbitos de nuestra sociedad, inician las clases en todos los&#8230;<\/p>\n","protected":false},"author":1,"featured_media":67347,"comment_status":"open","ping_status":"open","sticky":false,"template":"","format":"standard","meta":{"advanced_seo_description":"","jetpack_seo_html_title":"","jetpack_seo_noindex":false,"_jetpack_memberships_contains_paid_content":false,"footnotes":""},"categories":[15],"tags":[],"class_list":["post-67346","post","type-post","status-publish","format-standard","has-post-thumbnail","hentry","category-comunidad"],"jetpack_featured_media_url":"https:\/\/i0.wp.com\/eltrabajo.cl\/portal\/wp-content\/uploads\/2016\/03\/ChiKung1.jpg?fit=530%2C349&ssl=1","jetpack_sharing_enabled":true,"jetpack_likes_enabled":true,"jetpack-related-posts":[],"_links":{"self":[{"href":"https:\/\/eltrabajo.cl\/portal\/wp-json\/wp\/v2\/posts\/67346","targetHints":{"allow":["GET"]}}],"collection":[{"href":"https:\/\/eltrabajo.cl\/portal\/wp-json\/wp\/v2\/posts"}],"about":[{"href":"https:\/\/eltrabajo.cl\/portal\/wp-json\/wp\/v2\/types\/post"}],"author":[{"embeddable":true,"href":"https:\/\/eltrabajo.cl\/portal\/wp-json\/wp\/v2\/users\/1"}],"replies":[{"embeddable":true,"href":"https:\/\/eltrabajo.cl\/portal\/wp-json\/wp\/v2\/comments?post=67346"}],"version-history":[{"count":0,"href":"https:\/\/eltrabajo.cl\/portal\/wp-json\/wp\/v2\/posts\/67346\/revisions"}],"wp:featuredmedia":[{"embeddable":true,"href":"https:\/\/eltrabajo.cl\/portal\/wp-json\/wp\/v2\/media\/67347"}],"wp:attachment":[{"href":"https:\/\/eltrabajo.cl\/portal\/wp-json\/wp\/v2\/media?parent=67346"}],"wp:term":[{"taxonomy":"category","embeddable":true,"href":"https:\/\/eltrabajo.cl\/portal\/wp-json\/wp\/v2\/categories?post=67346"},{"taxonomy":"post_tag","embeddable":true,"href":"https:\/\/eltrabajo.cl\/portal\/wp-json\/wp\/v2\/tags?post=67346"}],"curies":[{"name":"wp","href":"https:\/\/api.w.org\/{rel}","templated":true}]}}