{"id":67364,"date":"2016-03-02T08:58:26","date_gmt":"2016-03-02T11:58:26","guid":{"rendered":"http:\/\/www.eltrabajo.cl\/portal\/?p=67364"},"modified":"2016-03-02T08:58:26","modified_gmt":"2016-03-02T11:58:26","slug":"antisociales-roban-vehiculo-y-se-estrellan-contra-patrulla-de-carabineros","status":"publish","type":"post","link":"https:\/\/eltrabajo.cl\/portal\/antisociales-roban-vehiculo-y-se-estrellan-contra-patrulla-de-carabineros\/","title":{"rendered":"Antisociales roban veh\u00edculo y se estrellan contra patrulla de Carabineros"},"content":{"rendered":"<figure id=\"attachment_67365\" aria-describedby=\"caption-attachment-67365\" style=\"width: 530px\" class=\"wp-caption alignleft\"><a href=\"http:\/\/www.eltrabajo.cl\/portal\/antisociales-roban-vehiculo-y-se-estrellan-contra-patrulla-de-carabineros\/auto-1-3\/\" rel=\"attachment wp-att-67365\"><img data-recalc-dims=\"1\" loading=\"lazy\" decoding=\"async\" class=\"size-full wp-image-67365\" src=\"https:\/\/i0.wp.com\/www.eltrabajo.cl\/portal\/wp-content\/uploads\/2016\/03\/AUTO-1.jpg?resize=530%2C350\" alt=\"El lugar exacto en las cercan\u00edas de la Villa 250 A\u00f1os donde los sujetos abandonaron el veh\u00edculo robado desde el sector de Curim\u00f3n durante la madrugada de ayer martes.\" width=\"530\" height=\"350\" srcset=\"https:\/\/i0.wp.com\/eltrabajo.cl\/portal\/wp-content\/uploads\/2016\/03\/AUTO-1.jpg?w=530&amp;ssl=1 530w, https:\/\/i0.wp.com\/eltrabajo.cl\/portal\/wp-content\/uploads\/2016\/03\/AUTO-1.jpg?resize=200%2C132&amp;ssl=1 200w, https:\/\/i0.wp.com\/eltrabajo.cl\/portal\/wp-content\/uploads\/2016\/03\/AUTO-1.jpg?resize=300%2C198&amp;ssl=1 300w, https:\/\/i0.wp.com\/eltrabajo.cl\/portal\/wp-content\/uploads\/2016\/03\/AUTO-1.jpg?resize=227%2C150&amp;ssl=1 227w, https:\/\/i0.wp.com\/eltrabajo.cl\/portal\/wp-content\/uploads\/2016\/03\/AUTO-1.jpg?resize=400%2C264&amp;ssl=1 400w\" sizes=\"auto, (max-width: 530px) 100vw, 530px\" \/><\/a><figcaption id=\"caption-attachment-67365\" class=\"wp-caption-text\">El lugar exacto en las cercan\u00edas de la Villa 250 A\u00f1os donde los sujetos abandonaron el veh\u00edculo robado desde el sector de Curim\u00f3n durante la madrugada de ayer martes.<\/figcaption><\/figure>\n<p>Con la recuperaci\u00f3n de un veh\u00edculo robado y accesorios de otros dos m\u00f3viles, adem\u00e1s de la detenci\u00f3n de un adolescente de 15 a\u00f1os de edad, concluyeron las intensas diligencias concretadas por Carabineros durante de la madrugada de ayer martes. Los operativos finalizaron en la villa 250 A\u00f1os con un carro policial chocado tras la huida de tres sujetos que fueron protagonistas de estos delitos.<br \/>\nLos sucesos habr\u00edan ocurrido a eso de las 04:20 horas, en circunstancias que tres individuos robaron un veh\u00edculo marca Toyota, de color naranjo, placa patente ZC 61 04, desde las afueras del domicilio de su propietario en el sector de Curim\u00f3n. Seg\u00fan fuentes de Carabineros, los antisociales abordaron el m\u00f3vil para dirigirse hasta el sector La Pirca de Panquehue para continuar cometiendo otros il\u00edcitos.<br \/>\nEn dicho lugar los delincuentes abordaron dos veh\u00edculos estacionados en la v\u00eda p\u00fablica, violentando las chapas de seguridad para robar diversas especies desde el interior, consistentes en su mayor\u00eda de herramientas. Los delitos fueron advertidos por vecinos que denunciaron estos hechos a carabineros del Ret\u00e9n de Panquehue, proporcionando el n\u00famero de patente del m\u00f3vil robado minutos antes desde Curim\u00f3n.<br \/>\nInmediatamente Carabineros inici\u00f3 un plan candado para interceptar el veh\u00edculo donde se movilizaba el tr\u00edo delictual en direcci\u00f3n hacia San Felipe por la ruta 60 CH. Asimismo las patrullas policiales en seguimiento de los delincuentes desde el Puente El Rey, establecieron su ubicaci\u00f3n por calle Bueras esquina Dardignac, lugar en que el conductor del m\u00f3vil realiz\u00f3 una maniobra de viraje para luego retroceder e impactar con la parte posterior a una patrulla policial, instancia que permiti\u00f3 a que los tres sujetos descendieran del m\u00f3vil y escaparan en distintas direcciones.<br \/>\nSin embargo, Carabineros logr\u00f3 reducir a uno de los sujetos que fue identificado con las iniciales K.B.A.M. de 15 a\u00f1os de edad, domiciliado en la villa Industrial de San Felipe. Tras este procedimiento, culminado pasadas las 05:00 de la madrugada de ayer mi\u00e9rcoles, la polic\u00eda adem\u00e1s logr\u00f3 recuperar el m\u00f3vil robado desde Curim\u00f3n, como tambi\u00e9n las herramientas y accesorios de los propietarios de los autom\u00f3viles de Panquehue.<br \/>\nAl mismo tiempo Carabineros debi\u00f3 requerir de las pericias de la Secci\u00f3n Investigadora de Accidentes de Tr\u00e1nsito (Siat) para la elaboraci\u00f3n de los peritajes respectivos tras este procedimiento, donde result\u00f3 un veh\u00edculo policial con da\u00f1os, sin que se registraran funcionarios lesionados.<br \/>\nEn tanto el menor de edad fue sometido a control de detenci\u00f3n en el Juzgado de Garant\u00eda de San Felipe para ser formalizado por los delitos de robo de veh\u00edculo, robo de accesorios y da\u00f1os a un carro policial de Carabineros. Sin embargo por tratarse de un menor de edad, el Tribunal orden\u00f3 que el imputado quedara sujeto a programas de reinserci\u00f3n social del Servicio Nacional de Menores (Sename) y la prohibici\u00f3n de acercarse a las v\u00edctimas de estos hechos.<br \/>\nPablo Salinas Sald\u00edas<\/p>\n","protected":false},"excerpt":{"rendered":"<p>Con la recuperaci\u00f3n de un veh\u00edculo robado y accesorios de otros dos m\u00f3viles, adem\u00e1s de la detenci\u00f3n de un adolescente de 15 a\u00f1os de edad, concluyeron las intensas diligencias concretadas por Carabineros&#8230;<\/p>\n","protected":false},"author":1,"featured_media":67365,"comment_status":"open","ping_status":"open","sticky":false,"template":"","format":"standard","meta":{"advanced_seo_description":"","jetpack_seo_html_title":"","jetpack_seo_noindex":false,"_jetpack_memberships_contains_paid_content":false,"footnotes":""},"categories":[21],"tags":[],"class_list":["post-67364","post","type-post","status-publish","format-standard","has-post-thumbnail","hentry","category-policial"],"jetpack_featured_media_url":"https:\/\/i0.wp.com\/eltrabajo.cl\/portal\/wp-content\/uploads\/2016\/03\/AUTO-1.jpg?fit=530%2C350&ssl=1","jetpack_sharing_enabled":true,"jetpack_likes_enabled":true,"jetpack-related-posts":[],"_links":{"self":[{"href":"https:\/\/eltrabajo.cl\/portal\/wp-json\/wp\/v2\/posts\/67364","targetHints":{"allow":["GET"]}}],"collection":[{"href":"https:\/\/eltrabajo.cl\/portal\/wp-json\/wp\/v2\/posts"}],"about":[{"href":"https:\/\/eltrabajo.cl\/portal\/wp-json\/wp\/v2\/types\/post"}],"author":[{"embeddable":true,"href":"https:\/\/eltrabajo.cl\/portal\/wp-json\/wp\/v2\/users\/1"}],"replies":[{"embeddable":true,"href":"https:\/\/eltrabajo.cl\/portal\/wp-json\/wp\/v2\/comments?post=67364"}],"version-history":[{"count":0,"href":"https:\/\/eltrabajo.cl\/portal\/wp-json\/wp\/v2\/posts\/67364\/revisions"}],"wp:featuredmedia":[{"embeddable":true,"href":"https:\/\/eltrabajo.cl\/portal\/wp-json\/wp\/v2\/media\/67365"}],"wp:attachment":[{"href":"https:\/\/eltrabajo.cl\/portal\/wp-json\/wp\/v2\/media?parent=67364"}],"wp:term":[{"taxonomy":"category","embeddable":true,"href":"https:\/\/eltrabajo.cl\/portal\/wp-json\/wp\/v2\/categories?post=67364"},{"taxonomy":"post_tag","embeddable":true,"href":"https:\/\/eltrabajo.cl\/portal\/wp-json\/wp\/v2\/tags?post=67364"}],"curies":[{"name":"wp","href":"https:\/\/api.w.org\/{rel}","templated":true}]}}