{"id":67368,"date":"2016-03-02T09:00:03","date_gmt":"2016-03-02T12:00:03","guid":{"rendered":"http:\/\/www.eltrabajo.cl\/portal\/?p=67368"},"modified":"2016-03-02T09:00:03","modified_gmt":"2016-03-02T12:00:03","slug":"incautan-36-plantas-de-cannabis-y-casi-un-kilo-de-marihuana-elaborada","status":"publish","type":"post","link":"https:\/\/eltrabajo.cl\/portal\/incautan-36-plantas-de-cannabis-y-casi-un-kilo-de-marihuana-elaborada\/","title":{"rendered":"Incautan 36 plantas de cannabis y casi un kilo de marihuana elaborada"},"content":{"rendered":"<figure id=\"attachment_67369\" aria-describedby=\"caption-attachment-67369\" style=\"width: 530px\" class=\"wp-caption alignleft\"><a href=\"http:\/\/www.eltrabajo.cl\/portal\/incautan-36-plantas-de-cannabis-y-casi-un-kilo-de-marihuana-elaborada\/plantas-cannabis-2\/\" rel=\"attachment wp-att-67369\"><img data-recalc-dims=\"1\" loading=\"lazy\" decoding=\"async\" class=\"size-full wp-image-67369\" src=\"https:\/\/i0.wp.com\/www.eltrabajo.cl\/portal\/wp-content\/uploads\/2016\/03\/PLANTAS-CANNABIS.jpg?resize=530%2C349\" alt=\"Un total de 36 plantas de cannabis sativa en proceso de cultivo y 938 gramos de marihuana elaborada, fueron incautados por personal de OS7 de Carabineros desde una vivienda en la comuna de Panquehue.\" width=\"530\" height=\"349\" srcset=\"https:\/\/i0.wp.com\/eltrabajo.cl\/portal\/wp-content\/uploads\/2016\/03\/PLANTAS-CANNABIS.jpg?w=530&amp;ssl=1 530w, https:\/\/i0.wp.com\/eltrabajo.cl\/portal\/wp-content\/uploads\/2016\/03\/PLANTAS-CANNABIS.jpg?resize=200%2C132&amp;ssl=1 200w, https:\/\/i0.wp.com\/eltrabajo.cl\/portal\/wp-content\/uploads\/2016\/03\/PLANTAS-CANNABIS.jpg?resize=300%2C198&amp;ssl=1 300w, https:\/\/i0.wp.com\/eltrabajo.cl\/portal\/wp-content\/uploads\/2016\/03\/PLANTAS-CANNABIS.jpg?resize=228%2C150&amp;ssl=1 228w, https:\/\/i0.wp.com\/eltrabajo.cl\/portal\/wp-content\/uploads\/2016\/03\/PLANTAS-CANNABIS.jpg?resize=400%2C263&amp;ssl=1 400w\" sizes=\"auto, (max-width: 530px) 100vw, 530px\" \/><\/a><figcaption id=\"caption-attachment-67369\" class=\"wp-caption-text\">Un total de 36 plantas de cannabis sativa en proceso de cultivo y 938 gramos de marihuana elaborada, fueron incautados por personal de OS7 de Carabineros desde una vivienda en la comuna de Panquehue.<\/figcaption><\/figure>\n<p><strong>Imputado formalizado deber\u00e1 permanecer recluido en su domicilio:<\/strong><\/p>\n<p>Por el cultivo ilegal de 36 plantas de cannabis sativa y tr\u00e1fico de drogas, fue formalizado en tribunales un sujeto de 26 a\u00f1os de edad, tras un allanamiento efectuado por efectivos policiales de OS7 de Carabineros de San Felipe, a una vivienda ubicada en villa Los Libertadores de Panquehue.<br \/>\nSeg\u00fan inform\u00f3 Carabineros, las investigaciones se iniciaron a ra\u00edz de denuncias an\u00f3nimas realizadas al Fono Drogas 135, que daban cuenta de un cultivo ilegal al interior de una vivienda en dicha localidad. A partir de esta informaci\u00f3n, los efectivos policiales se trasladaron al lugar comprobando que en el patio posterior de la vivienda, el imputado manten\u00eda el cultivo de 36 plantas del g\u00e9nero cannabis sativa.<br \/>\nLas diligencias policiales continuaron con la incautaci\u00f3n de un total de 938 gramos de marihuana elaborada al interior de una bolsa de nylon, pruebas suficientes para acusar al imputado por el delito de tr\u00e1fico de drogas e infracci\u00f3n a la Ley 20.000, por lo cual fue detenido y trasladado hasta el cuartel de Carabineros.<br \/>\nPor disposici\u00f3n de la Fiscal\u00eda de San Felipe, el acusado individualizado como Douglas A.O.S. de 26 a\u00f1os de edad fue derivado hasta el Juzgado de Garant\u00eda de San Felipe para ser formalizado por estos il\u00edcitos en audiencia de control de detenci\u00f3n.<br \/>\nEl Ministerio P\u00fablico requiri\u00f3 ante el tribunal la cautelar de arresto domicilio total, es decir recluido las 24 horas al interior de su domicilio, hasta el t\u00e9rmino de las investigaciones sobre esta causa hasta llevar a cabo un juicio.<br \/>\nPablo Salinas Sald\u00edas<\/p>\n","protected":false},"excerpt":{"rendered":"<p>Imputado formalizado deber\u00e1 permanecer recluido en su domicilio: Por el cultivo ilegal de 36 plantas de cannabis sativa y tr\u00e1fico de drogas, fue formalizado en tribunales un sujeto de 26 a\u00f1os de&#8230;<\/p>\n","protected":false},"author":1,"featured_media":67369,"comment_status":"open","ping_status":"open","sticky":false,"template":"","format":"standard","meta":{"advanced_seo_description":"","jetpack_seo_html_title":"","jetpack_seo_noindex":false,"_jetpack_memberships_contains_paid_content":false,"footnotes":""},"categories":[21],"tags":[],"class_list":["post-67368","post","type-post","status-publish","format-standard","has-post-thumbnail","hentry","category-policial"],"jetpack_featured_media_url":"https:\/\/i0.wp.com\/eltrabajo.cl\/portal\/wp-content\/uploads\/2016\/03\/PLANTAS-CANNABIS.jpg?fit=530%2C349&ssl=1","jetpack_sharing_enabled":true,"jetpack_likes_enabled":true,"jetpack-related-posts":[],"_links":{"self":[{"href":"https:\/\/eltrabajo.cl\/portal\/wp-json\/wp\/v2\/posts\/67368","targetHints":{"allow":["GET"]}}],"collection":[{"href":"https:\/\/eltrabajo.cl\/portal\/wp-json\/wp\/v2\/posts"}],"about":[{"href":"https:\/\/eltrabajo.cl\/portal\/wp-json\/wp\/v2\/types\/post"}],"author":[{"embeddable":true,"href":"https:\/\/eltrabajo.cl\/portal\/wp-json\/wp\/v2\/users\/1"}],"replies":[{"embeddable":true,"href":"https:\/\/eltrabajo.cl\/portal\/wp-json\/wp\/v2\/comments?post=67368"}],"version-history":[{"count":0,"href":"https:\/\/eltrabajo.cl\/portal\/wp-json\/wp\/v2\/posts\/67368\/revisions"}],"wp:featuredmedia":[{"embeddable":true,"href":"https:\/\/eltrabajo.cl\/portal\/wp-json\/wp\/v2\/media\/67369"}],"wp:attachment":[{"href":"https:\/\/eltrabajo.cl\/portal\/wp-json\/wp\/v2\/media?parent=67368"}],"wp:term":[{"taxonomy":"category","embeddable":true,"href":"https:\/\/eltrabajo.cl\/portal\/wp-json\/wp\/v2\/categories?post=67368"},{"taxonomy":"post_tag","embeddable":true,"href":"https:\/\/eltrabajo.cl\/portal\/wp-json\/wp\/v2\/tags?post=67368"}],"curies":[{"name":"wp","href":"https:\/\/api.w.org\/{rel}","templated":true}]}}