{"id":67372,"date":"2016-03-02T09:07:00","date_gmt":"2016-03-02T12:07:00","guid":{"rendered":"http:\/\/www.eltrabajo.cl\/portal\/?p=67372"},"modified":"2016-03-02T09:07:00","modified_gmt":"2016-03-02T12:07:00","slug":"hombre-de-78-anos-muere-atropellado-por-microbus-en-traslavina","status":"publish","type":"post","link":"https:\/\/eltrabajo.cl\/portal\/hombre-de-78-anos-muere-atropellado-por-microbus-en-traslavina\/","title":{"rendered":"Hombre de 78 a\u00f1os muere atropellado por microb\u00fas en Traslavi\u00f1a"},"content":{"rendered":"<figure id=\"attachment_67374\" aria-describedby=\"caption-attachment-67374\" style=\"width: 530px\" class=\"wp-caption alignleft\"><a href=\"http:\/\/www.eltrabajo.cl\/portal\/hombre-de-78-anos-muere-atropellado-por-microbus-en-traslavina\/anciano-atropellado-elaconcagua\/\" rel=\"attachment wp-att-67374\"><img data-recalc-dims=\"1\" loading=\"lazy\" decoding=\"async\" class=\"size-full wp-image-67374\" src=\"https:\/\/i0.wp.com\/www.eltrabajo.cl\/portal\/wp-content\/uploads\/2016\/03\/anciano-atropellado-%40elaconcagua.jpg?resize=530%2C350\" alt=\"La tragedia se desat\u00f3 alrededor de las 21,30 horas en el paradero de micros ubicado en calle Traslavi\u00f1a frente al Mercado Municipal de San Felipe\" width=\"530\" height=\"350\" srcset=\"https:\/\/i0.wp.com\/eltrabajo.cl\/portal\/wp-content\/uploads\/2016\/03\/anciano-atropellado-%40elaconcagua.jpg?w=530&amp;ssl=1 530w, https:\/\/i0.wp.com\/eltrabajo.cl\/portal\/wp-content\/uploads\/2016\/03\/anciano-atropellado-%40elaconcagua.jpg?resize=200%2C132&amp;ssl=1 200w, https:\/\/i0.wp.com\/eltrabajo.cl\/portal\/wp-content\/uploads\/2016\/03\/anciano-atropellado-%40elaconcagua.jpg?resize=300%2C198&amp;ssl=1 300w, https:\/\/i0.wp.com\/eltrabajo.cl\/portal\/wp-content\/uploads\/2016\/03\/anciano-atropellado-%40elaconcagua.jpg?resize=227%2C150&amp;ssl=1 227w, https:\/\/i0.wp.com\/eltrabajo.cl\/portal\/wp-content\/uploads\/2016\/03\/anciano-atropellado-%40elaconcagua.jpg?resize=400%2C264&amp;ssl=1 400w\" sizes=\"auto, (max-width: 530px) 100vw, 530px\" \/><\/a><figcaption id=\"caption-attachment-67374\" class=\"wp-caption-text\">La tragedia se desat\u00f3 alrededor de las 21,30 horas en el paradero de micros ubicado en calle Traslavi\u00f1a frente al Mercado Municipal de San Felipe<\/figcaption><\/figure>\n<p>Una lamentable tragedia se desat\u00f3 anoche en el paradero de micros ubicado en calle Traslavi\u00f1a casi frente al Mercado Municipal de San Felipe, donde un adulto mayor falleci\u00f3 luego de ser atropellado por un microb\u00fas de la empresa Vera Arcos.<br \/>\nEl hecho se registr\u00f3 a eso de las 21,30 horas de ayer, cuando la v\u00edctima, identificada como Juan Domingo Araya Mu\u00f1oz, de 78 a\u00f1os de edad, por razones que deber\u00e1n investigarse habr\u00eda ca\u00eddo al suelo, siendo atropellado por el microb\u00fas de recorrido local, placa ZU 55-00, cuando reiniciaba su marcha para alejarse del citado paradero.<br \/>\nHasta el sitio del suceso lleg\u00f3 Carabineros para adoptar el procedimiento de rigor, constituy\u00e9ndose adem\u00e1s el Fiscal Julio Palacios, quien al cierre de la presente edici\u00f3n se excus\u00f3 de referirse a lo sucedido, pues se encontraba a la espera de personal de la SIAT de Carabineros para que efectuaran las pericias correspondientes y tener una causa basal de los hechos.<br \/>\nNo obstante, en el mismo lugar, personas que se identificaron como testigos de lo ocurrido, adem\u00e1s de una mujer que identific\u00f3 a la v\u00edctima como su t\u00edo, se refirieron a los hechos criticando al conductor del microb\u00fas, quien aseguraron no habr\u00eda querido llevar al adulto mayor por encontrarse en estado de ebriedad, circunstancia en la cual se habr\u00eda desatado la tragedia.<br \/>\nM\u00e1s a\u00fan, una de las mujeres que asegur\u00f3 haber presenciado los hechos, sostuvo que el adulto mayor se encontraba efectivamente en estado de ebriedad, raz\u00f3n por la cual, cuando intent\u00f3 abordar la micro, el conductor le habr\u00eda cerrado la puerta, circunstancia en la cual habr\u00eda perdido el equilibrio, cayendo al suelo, pasando una de las ruedas del microb\u00fas por sobre su fr\u00e1gil cuerpo.<br \/>\nLuego de ocurrido el atropello, agreg\u00f3 la mujer, el conductor habr\u00eda seguido su camino, debiendo ser advertido por los dem\u00e1s pasajeros y testigos del hecho, para que detuviera su marcha.<br \/>\nAl cierre de la presente edici\u00f3n no fue posible obtener mayores antecedentes, solo que la v\u00edctima efectivamente era consumidor habitual de alcohol.<\/p>\n<figure id=\"attachment_67373\" aria-describedby=\"caption-attachment-67373\" style=\"width: 530px\" class=\"wp-caption alignleft\"><a href=\"http:\/\/www.eltrabajo.cl\/portal\/hombre-de-78-anos-muere-atropellado-por-microbus-en-traslavina\/adulto-atropellado-aconcaguaradio\/\" rel=\"attachment wp-att-67373\"><img data-recalc-dims=\"1\" loading=\"lazy\" decoding=\"async\" class=\"size-full wp-image-67373\" src=\"https:\/\/i0.wp.com\/www.eltrabajo.cl\/portal\/wp-content\/uploads\/2016\/03\/adulto-atropellado-%40aconcaguaradio.jpg?resize=530%2C350\" alt=\"Carabineros adopt\u00f3 procedimiento en medio de conmoci\u00f3n de testigos (Foto @aconcaguaradio).\" width=\"530\" height=\"350\" srcset=\"https:\/\/i0.wp.com\/eltrabajo.cl\/portal\/wp-content\/uploads\/2016\/03\/adulto-atropellado-%40aconcaguaradio.jpg?w=530&amp;ssl=1 530w, https:\/\/i0.wp.com\/eltrabajo.cl\/portal\/wp-content\/uploads\/2016\/03\/adulto-atropellado-%40aconcaguaradio.jpg?resize=200%2C132&amp;ssl=1 200w, https:\/\/i0.wp.com\/eltrabajo.cl\/portal\/wp-content\/uploads\/2016\/03\/adulto-atropellado-%40aconcaguaradio.jpg?resize=300%2C198&amp;ssl=1 300w, https:\/\/i0.wp.com\/eltrabajo.cl\/portal\/wp-content\/uploads\/2016\/03\/adulto-atropellado-%40aconcaguaradio.jpg?resize=227%2C150&amp;ssl=1 227w, https:\/\/i0.wp.com\/eltrabajo.cl\/portal\/wp-content\/uploads\/2016\/03\/adulto-atropellado-%40aconcaguaradio.jpg?resize=400%2C264&amp;ssl=1 400w\" sizes=\"auto, (max-width: 530px) 100vw, 530px\" \/><\/a><figcaption id=\"caption-attachment-67373\" class=\"wp-caption-text\">Carabineros adopt\u00f3 procedimiento en medio de conmoci\u00f3n de testigos (Foto @aconcaguaradio).<\/figcaption><\/figure>\n","protected":false},"excerpt":{"rendered":"<p>Una lamentable tragedia se desat\u00f3 anoche en el paradero de micros ubicado en calle Traslavi\u00f1a casi frente al Mercado Municipal de San Felipe, donde un adulto mayor falleci\u00f3 luego de ser atropellado&#8230;<\/p>\n","protected":false},"author":1,"featured_media":67374,"comment_status":"open","ping_status":"open","sticky":false,"template":"","format":"standard","meta":{"advanced_seo_description":"","jetpack_seo_html_title":"","jetpack_seo_noindex":false,"_jetpack_memberships_contains_paid_content":false,"footnotes":""},"categories":[21],"tags":[],"class_list":["post-67372","post","type-post","status-publish","format-standard","has-post-thumbnail","hentry","category-policial"],"jetpack_featured_media_url":"https:\/\/i0.wp.com\/eltrabajo.cl\/portal\/wp-content\/uploads\/2016\/03\/anciano-atropellado-%40elaconcagua.jpg?fit=530%2C350&ssl=1","jetpack_sharing_enabled":true,"jetpack_likes_enabled":true,"jetpack-related-posts":[],"_links":{"self":[{"href":"https:\/\/eltrabajo.cl\/portal\/wp-json\/wp\/v2\/posts\/67372","targetHints":{"allow":["GET"]}}],"collection":[{"href":"https:\/\/eltrabajo.cl\/portal\/wp-json\/wp\/v2\/posts"}],"about":[{"href":"https:\/\/eltrabajo.cl\/portal\/wp-json\/wp\/v2\/types\/post"}],"author":[{"embeddable":true,"href":"https:\/\/eltrabajo.cl\/portal\/wp-json\/wp\/v2\/users\/1"}],"replies":[{"embeddable":true,"href":"https:\/\/eltrabajo.cl\/portal\/wp-json\/wp\/v2\/comments?post=67372"}],"version-history":[{"count":0,"href":"https:\/\/eltrabajo.cl\/portal\/wp-json\/wp\/v2\/posts\/67372\/revisions"}],"wp:featuredmedia":[{"embeddable":true,"href":"https:\/\/eltrabajo.cl\/portal\/wp-json\/wp\/v2\/media\/67374"}],"wp:attachment":[{"href":"https:\/\/eltrabajo.cl\/portal\/wp-json\/wp\/v2\/media?parent=67372"}],"wp:term":[{"taxonomy":"category","embeddable":true,"href":"https:\/\/eltrabajo.cl\/portal\/wp-json\/wp\/v2\/categories?post=67372"},{"taxonomy":"post_tag","embeddable":true,"href":"https:\/\/eltrabajo.cl\/portal\/wp-json\/wp\/v2\/tags?post=67372"}],"curies":[{"name":"wp","href":"https:\/\/api.w.org\/{rel}","templated":true}]}}