{"id":67378,"date":"2016-03-03T10:05:57","date_gmt":"2016-03-03T13:05:57","guid":{"rendered":"http:\/\/www.eltrabajo.cl\/portal\/?p=67378"},"modified":"2016-03-03T10:05:57","modified_gmt":"2016-03-03T13:05:57","slug":"justicia-impuso-8-anos-de-carcel-a-sujeto-que-embarazo-a-su-hermana","status":"publish","type":"post","link":"https:\/\/eltrabajo.cl\/portal\/justicia-impuso-8-anos-de-carcel-a-sujeto-que-embarazo-a-su-hermana\/","title":{"rendered":"Justicia impuso 8 a\u00f1os de c\u00e1rcel a sujeto que embaraz\u00f3 a su hermana"},"content":{"rendered":"<figure id=\"attachment_67379\" aria-describedby=\"caption-attachment-67379\" style=\"width: 300px\" class=\"wp-caption alignleft\"><a href=\"http:\/\/www.eltrabajo.cl\/portal\/justicia-impuso-8-anos-de-carcel-a-sujeto-que-embarazo-a-su-hermana\/fiscal-alejandro-bustos\/\" rel=\"attachment wp-att-67379\"><img data-recalc-dims=\"1\" loading=\"lazy\" decoding=\"async\" class=\"size-medium wp-image-67379\" src=\"https:\/\/i0.wp.com\/www.eltrabajo.cl\/portal\/wp-content\/uploads\/2016\/03\/Fiscal-Alejandro-Bustos-300x198.jpg?resize=300%2C198\" alt=\"Fiscal de Delitos Sexuales del Ministerio P\u00fablico de San Felipe, Alejandro Bustos.\" width=\"300\" height=\"198\" srcset=\"https:\/\/i0.wp.com\/eltrabajo.cl\/portal\/wp-content\/uploads\/2016\/03\/Fiscal-Alejandro-Bustos.jpg?resize=300%2C198&amp;ssl=1 300w, https:\/\/i0.wp.com\/eltrabajo.cl\/portal\/wp-content\/uploads\/2016\/03\/Fiscal-Alejandro-Bustos.jpg?resize=200%2C132&amp;ssl=1 200w, https:\/\/i0.wp.com\/eltrabajo.cl\/portal\/wp-content\/uploads\/2016\/03\/Fiscal-Alejandro-Bustos.jpg?resize=228%2C150&amp;ssl=1 228w, https:\/\/i0.wp.com\/eltrabajo.cl\/portal\/wp-content\/uploads\/2016\/03\/Fiscal-Alejandro-Bustos.jpg?resize=400%2C263&amp;ssl=1 400w, https:\/\/i0.wp.com\/eltrabajo.cl\/portal\/wp-content\/uploads\/2016\/03\/Fiscal-Alejandro-Bustos.jpg?w=530&amp;ssl=1 530w\" sizes=\"auto, (max-width: 300px) 100vw, 300px\" \/><\/a><figcaption id=\"caption-attachment-67379\" class=\"wp-caption-text\">Fiscal de Delitos Sexuales del Ministerio P\u00fablico de San Felipe, Alejandro Bustos.<\/figcaption><\/figure>\n<p><strong>Condenado es padre de una menor de actuales 5 a\u00f1os:<\/strong><\/p>\n<p>Fiscal\u00eda demostr\u00f3 en juicio oral la aberraci\u00f3n ocurrida en un domicilio en el sector Almendral Alto de la comuna de San Felipe, siendo v\u00edctima de violaci\u00f3n una mujer que sufre enajenaci\u00f3n mental moderada.<br \/>\nA ocho a\u00f1os de c\u00e1rcel efectiva fue condenado por el Tribunal Oral en Lo Penal de San Felipe, Manuel Humberto Celed\u00f3n Pe\u00f1a, por el delito de violaci\u00f3n a su propia hermana que result\u00f3 embarazada. El hecho qued\u00f3 confirmado a trav\u00e9s de una pericia de ADN que sostiene que el condenado es el padre de la ni\u00f1a que actualmente tiene cinco a\u00f1os de edad.<br \/>\nLa terna de jueces gener\u00f3 convicci\u00f3n tras las pruebas rendidas en juicio que se enmarcaron respecto a un solo episodio, pese a que la Fiscal\u00eda acusaba este mismo delito de manera reiterada. Durante el juicio se revel\u00f3 que la v\u00edctima, quien sufre de una enajenaci\u00f3n mental moderada, en el a\u00f1o 2010 cuando ten\u00eda de 21 a\u00f1os de edad, denunci\u00f3 a Carabineros un episodio de violencia intrafamiliar con su hermano mayor.<br \/>\nEl d\u00eda 29 de julio del a\u00f1o 2010 se descubri\u00f3 que la mujer manten\u00eda 5 meses de embarazo, revelando a los m\u00e9dicos que hab\u00eda sido v\u00edctima de violaci\u00f3n por parte de su hermano en su vivienda ubicada en el sector Almendral Alto de San Felipe, lugar donde ambos resid\u00edan juntos. La mujer sosten\u00eda que las vejaciones se realizaban de manera reiterada y el Ministerio P\u00fablico persegu\u00eda una condena de 20 a\u00f1os de c\u00e1rcel, argumentando el abuso que exist\u00eda por la enajenaci\u00f3n mental de la v\u00edctima y el grado de parentesco entre ambos.<br \/>\nSin embargo, el Tribunal Oral consider\u00f3 culpable al actual condenado por un episodio de violaci\u00f3n, decretando una pena privativa de libertad que alcanza los ocho a\u00f1os tras las rejas, as\u00ed lo confirm\u00f3 el Fiscal de Delitos Sexuales, Alejandro Bustos quien adem\u00e1s demostr\u00f3 su conformidad tras la decisi\u00f3n de los jueces.<br \/>\n\u201cEs una pena que por su extensi\u00f3n es efectiva, nosotros cuando acusamos al comienzo fue por violaci\u00f3n reiterada por lo tanto la pena original que persegu\u00edamos es de 20 a\u00f1os, sin embargo de acuerdo a la prueba rendida en juicio sobre un hecho, los antecedentes eran bastante claros y en otros no. Por lo tanto el tribunal conden\u00f3 por un hecho de violaci\u00f3n, entonces requer\u00ed siete a\u00f1os considerando que el imputado ten\u00eda una irreprochable conducta anterior, no ten\u00eda condenas anteriores, pero ten\u00eda una agravante del parentesco y en definitiva el tribunal lo condena a ocho a\u00f1os\u201d, precis\u00f3 el persecutor.<br \/>\n<strong>Pablo Salinas Sald\u00edas<\/strong><\/p>\n","protected":false},"excerpt":{"rendered":"<p>Condenado es padre de una menor de actuales 5 a\u00f1os: Fiscal\u00eda demostr\u00f3 en juicio oral la aberraci\u00f3n ocurrida en un domicilio en el sector Almendral Alto de la comuna de San Felipe,&#8230;<\/p>\n","protected":false},"author":1,"featured_media":67379,"comment_status":"open","ping_status":"open","sticky":false,"template":"","format":"standard","meta":{"advanced_seo_description":"","jetpack_seo_html_title":"","jetpack_seo_noindex":false,"_jetpack_memberships_contains_paid_content":false,"footnotes":""},"categories":[21],"tags":[],"class_list":["post-67378","post","type-post","status-publish","format-standard","has-post-thumbnail","hentry","category-policial"],"jetpack_featured_media_url":"https:\/\/i0.wp.com\/eltrabajo.cl\/portal\/wp-content\/uploads\/2016\/03\/Fiscal-Alejandro-Bustos.jpg?fit=530%2C349&ssl=1","jetpack_sharing_enabled":true,"jetpack_likes_enabled":true,"jetpack-related-posts":[],"_links":{"self":[{"href":"https:\/\/eltrabajo.cl\/portal\/wp-json\/wp\/v2\/posts\/67378","targetHints":{"allow":["GET"]}}],"collection":[{"href":"https:\/\/eltrabajo.cl\/portal\/wp-json\/wp\/v2\/posts"}],"about":[{"href":"https:\/\/eltrabajo.cl\/portal\/wp-json\/wp\/v2\/types\/post"}],"author":[{"embeddable":true,"href":"https:\/\/eltrabajo.cl\/portal\/wp-json\/wp\/v2\/users\/1"}],"replies":[{"embeddable":true,"href":"https:\/\/eltrabajo.cl\/portal\/wp-json\/wp\/v2\/comments?post=67378"}],"version-history":[{"count":0,"href":"https:\/\/eltrabajo.cl\/portal\/wp-json\/wp\/v2\/posts\/67378\/revisions"}],"wp:featuredmedia":[{"embeddable":true,"href":"https:\/\/eltrabajo.cl\/portal\/wp-json\/wp\/v2\/media\/67379"}],"wp:attachment":[{"href":"https:\/\/eltrabajo.cl\/portal\/wp-json\/wp\/v2\/media?parent=67378"}],"wp:term":[{"taxonomy":"category","embeddable":true,"href":"https:\/\/eltrabajo.cl\/portal\/wp-json\/wp\/v2\/categories?post=67378"},{"taxonomy":"post_tag","embeddable":true,"href":"https:\/\/eltrabajo.cl\/portal\/wp-json\/wp\/v2\/tags?post=67378"}],"curies":[{"name":"wp","href":"https:\/\/api.w.org\/{rel}","templated":true}]}}