{"id":67382,"date":"2016-03-03T10:08:16","date_gmt":"2016-03-03T13:08:16","guid":{"rendered":"http:\/\/www.eltrabajo.cl\/portal\/?p=67382"},"modified":"2016-03-03T10:08:17","modified_gmt":"2016-03-03T13:08:17","slug":"confirmado-ruta-que-unira-putaendo-panquehue-pasara-por-borde-rio","status":"publish","type":"post","link":"https:\/\/eltrabajo.cl\/portal\/confirmado-ruta-que-unira-putaendo-panquehue-pasara-por-borde-rio\/","title":{"rendered":"Confirmado: ruta que unir\u00e1 Putaendo-Panquehue pasar\u00e1 por Borde R\u00edo"},"content":{"rendered":"<figure id=\"attachment_67383\" aria-describedby=\"caption-attachment-67383\" style=\"width: 300px\" class=\"wp-caption alignleft\"><a href=\"http:\/\/www.eltrabajo.cl\/portal\/confirmado-ruta-que-unira-putaendo-panquehue-pasara-por-borde-rio\/seremi-de-obras-publicas\/\" rel=\"attachment wp-att-67383\"><img data-recalc-dims=\"1\" loading=\"lazy\" decoding=\"async\" class=\"size-medium wp-image-67383\" src=\"https:\/\/i0.wp.com\/www.eltrabajo.cl\/portal\/wp-content\/uploads\/2016\/03\/Seremi-de-Obras-Publicas-300x198.jpg?resize=300%2C198\" alt=\"Miguel Saavedra, Seremi de Obras P\u00fablicas.\" width=\"300\" height=\"198\" srcset=\"https:\/\/i0.wp.com\/eltrabajo.cl\/portal\/wp-content\/uploads\/2016\/03\/Seremi-de-Obras-Publicas.jpg?resize=300%2C198&amp;ssl=1 300w, https:\/\/i0.wp.com\/eltrabajo.cl\/portal\/wp-content\/uploads\/2016\/03\/Seremi-de-Obras-Publicas.jpg?resize=200%2C132&amp;ssl=1 200w, https:\/\/i0.wp.com\/eltrabajo.cl\/portal\/wp-content\/uploads\/2016\/03\/Seremi-de-Obras-Publicas.jpg?resize=227%2C150&amp;ssl=1 227w, https:\/\/i0.wp.com\/eltrabajo.cl\/portal\/wp-content\/uploads\/2016\/03\/Seremi-de-Obras-Publicas.jpg?resize=400%2C264&amp;ssl=1 400w, https:\/\/i0.wp.com\/eltrabajo.cl\/portal\/wp-content\/uploads\/2016\/03\/Seremi-de-Obras-Publicas.jpg?w=530&amp;ssl=1 530w\" sizes=\"auto, (max-width: 300px) 100vw, 300px\" \/><\/a><figcaption id=\"caption-attachment-67383\" class=\"wp-caption-text\">Miguel Saavedra, Seremi de Obras P\u00fablicas.<\/figcaption><\/figure>\n<p><strong>PUTAENDO.-<\/strong> Miguel Saavedra, Seremi de Obras P\u00fablicas confirm\u00f3 en entrevista concedida a nuestro medio, que como repartici\u00f3n cumplir\u00e1n con los compromisos adquiridos durante el 2015 y que la ruta Putaendo \u2013 Panquehue se construir\u00e1 en Borde R\u00edo.<br \/>\nSaliendo al paso de la informaci\u00f3n que daba cuenta que para el presente a\u00f1o comenzar\u00edan las expropiaciones de terrenos agr\u00edcolas en los sectores de Granallas, Quebrada Herrera y 21 de Mayo, para as\u00ed dar paso a la construcci\u00f3n del tramo Putaendo \u2013 Panquehue de la carretera E-411, el Seremi de Obras P\u00fablicas Miguel Saavedra asegur\u00f3 que el trazado vial se construir\u00e1 en Borde R\u00edo, y sostuvo que s\u00f3lo se efectuar\u00e1n expropiaciones menores.<br \/>\nLa autoridad regional declar\u00f3 que ya est\u00e1 definido que la carretera ir\u00e1 por Borde R\u00edo, adelantando que se realizar\u00e1 un completo trabajo de ingenier\u00eda que permitir\u00e1 construir enrocados y defensas fluviales para resguardar la ruta, hecho que tambi\u00e9n facultar\u00e1 la protecci\u00f3n de terrenos inundables y la recuperaci\u00f3n de terrenos agr\u00edcolas que fueron da\u00f1ados por las crecidas hist\u00f3ricas del R\u00edo Putaendo.<br \/>\nSaavedra agreg\u00f3 que no hay procesos aprobados de expropiaciones y que este a\u00f1o se trabajar\u00e1 en los aspectos medioambientales que se requieren para los trabajos en el Borde R\u00edo, y as\u00ed dar paso al proceso de participaci\u00f3n ciudadana, que contemplan el m\u00ednimo de expropiaciones s\u00f3lo en algunos sectores, para lo cual tomar\u00e1n muy en cuenta no tan s\u00f3lo la opini\u00f3n de los propietarios de sitios agr\u00edcolas, sino que considerar\u00e1n de manera especial los terrenos que se encuentran en producci\u00f3n agr\u00edcola.<br \/>\nFinalmente, el Seremi de Obras P\u00fablicas hizo un llamado a los agricultores a estar tranquilos, porque se considerar\u00e1 mucho su opini\u00f3n y cumplir\u00e1 con la palabra empe\u00f1ada de que exista una real participaci\u00f3n en los correspondientes procesos definitivos para la construcci\u00f3n de la ruta Putaendo \u2013 Panquehue.<\/p>\n<p><strong>MAYOR SEGURIDAD\u00a0<\/strong><strong>CARRETERA PUTAENDO \u2013 CABILDO<\/strong><br \/>\nEn el transcurso de dos a\u00f1os, cuatro motoristas han fallecido entre los kil\u00f3metros 54 y 55 de la carretera que une Putaendo con Cabildo, en plena curva, en su mayor\u00eda debido a velocidades que incluso han alcanzado los 200 km\/h, sin embargo, a la luz de estos hechos, han sido varios los usuarios de esta ruta que han solicitado una mayor se\u00f1alizaci\u00f3n vial para advertir la existencia de esta curva.<br \/>\nEn este sentido, el Seremi de Obras P\u00fablicas dijo que est\u00e1 consciente de los \u00faltimos hechos registrados en la carretera y lament\u00f3 el fallecimiento de cuatro personas en ese sector, motivo por el cual ha solicitado a la Comisi\u00f3n Nacional de Seguridad del Tr\u00e1nsito (Conaset) realizar un estudio de todos los puntos riesgosos de la ruta E-41, y en base a aquello implementar\u00e1n todas las medidas necesarias sugeridas por el organismo, con el objetivo de dotar a la carretera Putaendo \u2013 Cabildo de mayor seguridad y evitar m\u00e1s muertes de personas en la ruta, aunque tambi\u00e9n hizo un llamado a la responsabilidad al conducir y evitar los excesos de velocidad.<br \/>\n<strong>Patricio Gallardo M.<\/strong><\/p>\n","protected":false},"excerpt":{"rendered":"<p>PUTAENDO.- Miguel Saavedra, Seremi de Obras P\u00fablicas confirm\u00f3 en entrevista concedida a nuestro medio, que como repartici\u00f3n cumplir\u00e1n con los compromisos adquiridos durante el 2015 y que la ruta Putaendo \u2013 Panquehue&#8230;<\/p>\n","protected":false},"author":1,"featured_media":67383,"comment_status":"open","ping_status":"open","sticky":false,"template":"","format":"standard","meta":{"advanced_seo_description":"","jetpack_seo_html_title":"","jetpack_seo_noindex":false,"_jetpack_memberships_contains_paid_content":false,"footnotes":""},"categories":[1],"tags":[],"class_list":["post-67382","post","type-post","status-publish","format-standard","has-post-thumbnail","hentry","category-cronica"],"jetpack_featured_media_url":"https:\/\/i0.wp.com\/eltrabajo.cl\/portal\/wp-content\/uploads\/2016\/03\/Seremi-de-Obras-Publicas.jpg?fit=530%2C350&ssl=1","jetpack_sharing_enabled":true,"jetpack_likes_enabled":true,"jetpack-related-posts":[],"_links":{"self":[{"href":"https:\/\/eltrabajo.cl\/portal\/wp-json\/wp\/v2\/posts\/67382","targetHints":{"allow":["GET"]}}],"collection":[{"href":"https:\/\/eltrabajo.cl\/portal\/wp-json\/wp\/v2\/posts"}],"about":[{"href":"https:\/\/eltrabajo.cl\/portal\/wp-json\/wp\/v2\/types\/post"}],"author":[{"embeddable":true,"href":"https:\/\/eltrabajo.cl\/portal\/wp-json\/wp\/v2\/users\/1"}],"replies":[{"embeddable":true,"href":"https:\/\/eltrabajo.cl\/portal\/wp-json\/wp\/v2\/comments?post=67382"}],"version-history":[{"count":0,"href":"https:\/\/eltrabajo.cl\/portal\/wp-json\/wp\/v2\/posts\/67382\/revisions"}],"wp:featuredmedia":[{"embeddable":true,"href":"https:\/\/eltrabajo.cl\/portal\/wp-json\/wp\/v2\/media\/67383"}],"wp:attachment":[{"href":"https:\/\/eltrabajo.cl\/portal\/wp-json\/wp\/v2\/media?parent=67382"}],"wp:term":[{"taxonomy":"category","embeddable":true,"href":"https:\/\/eltrabajo.cl\/portal\/wp-json\/wp\/v2\/categories?post=67382"},{"taxonomy":"post_tag","embeddable":true,"href":"https:\/\/eltrabajo.cl\/portal\/wp-json\/wp\/v2\/tags?post=67382"}],"curies":[{"name":"wp","href":"https:\/\/api.w.org\/{rel}","templated":true}]}}