{"id":67386,"date":"2016-03-03T10:10:33","date_gmt":"2016-03-03T13:10:33","guid":{"rendered":"http:\/\/www.eltrabajo.cl\/portal\/?p=67386"},"modified":"2016-03-03T10:10:33","modified_gmt":"2016-03-03T13:10:33","slug":"escuela-rio-blanco-no-tendra-clases-si-existen-metales-pesados-en-instalaciones","status":"publish","type":"post","link":"https:\/\/eltrabajo.cl\/portal\/escuela-rio-blanco-no-tendra-clases-si-existen-metales-pesados-en-instalaciones\/","title":{"rendered":"Escuela R\u00edo Blanco no tendr\u00e1 clases\u00a0si\u00a0existen metales pesados en instalaciones"},"content":{"rendered":"<figure id=\"attachment_67387\" aria-describedby=\"caption-attachment-67387\" style=\"width: 300px\" class=\"wp-caption alignleft\"><a href=\"http:\/\/www.eltrabajo.cl\/portal\/escuela-rio-blanco-no-tendra-clases-si-existen-metales-pesados-en-instalaciones\/foto-1-mario-mendez-allendes-jefe-de-la-oficina-aconcagua-de-la-seremi-de-salud\/\" rel=\"attachment wp-att-67387\"><img data-recalc-dims=\"1\" loading=\"lazy\" decoding=\"async\" class=\"size-medium wp-image-67387\" src=\"https:\/\/i0.wp.com\/www.eltrabajo.cl\/portal\/wp-content\/uploads\/2016\/03\/FOTO-1-MARIO-MENDEZ-ALLENDES-JEFE-DE-LA-OFICINA-ACONCAGUA-DE-LA-SEREMI-DE-SALUD-300x198.jpg?resize=300%2C198\" alt=\"Mario M\u00e9ndez, jefe oficina provincial de la Seremi de Salud Aconcagua.\" width=\"300\" height=\"198\" srcset=\"https:\/\/i0.wp.com\/eltrabajo.cl\/portal\/wp-content\/uploads\/2016\/03\/FOTO-1-MARIO-MENDEZ-ALLENDES-JEFE-DE-LA-OFICINA-ACONCAGUA-DE-LA-SEREMI-DE-SALUD.jpg?resize=300%2C198&amp;ssl=1 300w, https:\/\/i0.wp.com\/eltrabajo.cl\/portal\/wp-content\/uploads\/2016\/03\/FOTO-1-MARIO-MENDEZ-ALLENDES-JEFE-DE-LA-OFICINA-ACONCAGUA-DE-LA-SEREMI-DE-SALUD.jpg?resize=200%2C132&amp;ssl=1 200w, https:\/\/i0.wp.com\/eltrabajo.cl\/portal\/wp-content\/uploads\/2016\/03\/FOTO-1-MARIO-MENDEZ-ALLENDES-JEFE-DE-LA-OFICINA-ACONCAGUA-DE-LA-SEREMI-DE-SALUD.jpg?resize=228%2C150&amp;ssl=1 228w, https:\/\/i0.wp.com\/eltrabajo.cl\/portal\/wp-content\/uploads\/2016\/03\/FOTO-1-MARIO-MENDEZ-ALLENDES-JEFE-DE-LA-OFICINA-ACONCAGUA-DE-LA-SEREMI-DE-SALUD.jpg?resize=400%2C263&amp;ssl=1 400w, https:\/\/i0.wp.com\/eltrabajo.cl\/portal\/wp-content\/uploads\/2016\/03\/FOTO-1-MARIO-MENDEZ-ALLENDES-JEFE-DE-LA-OFICINA-ACONCAGUA-DE-LA-SEREMI-DE-SALUD.jpg?w=530&amp;ssl=1 530w\" sizes=\"auto, (max-width: 300px) 100vw, 300px\" \/><\/a><figcaption id=\"caption-attachment-67387\" class=\"wp-caption-text\">Mario M\u00e9ndez, jefe oficina provincial de la Seremi de Salud Aconcagua.<\/figcaption><\/figure>\n<p><strong>Producto del derrame de cobre:<\/strong><\/p>\n<p>Autoridad Sanitaria afirma que debe acreditarse en un 100 % que el ambiente del establecimiento no est\u00e1 contaminado con minerales que puedan afectar la salud de ni\u00f1os.<br \/>\nAunque est\u00e1 determinado que hoy comiencen las clases en todo el Valle de Aconcagua, hay un establecimiento educacional que a\u00fan no tiene certeza de cu\u00e1ndo podr\u00e1 comenzar su a\u00f1o escolar. Se trata de la Escuela R\u00edo Blanco, la cual, se vio afectada por el derrame de concentrado de cobre de Minera Andina, la semana reci\u00e9n pasada.<br \/>\nSeg\u00fan el Dr. Mario M\u00e9ndez, Jefe de la Oficina Provincial de la Seremi de Salud Aconcagua, el recinto tiene prohibici\u00f3n de funcionamiento mientras no se acredite certificadamente que se ha realizado la sanitizaci\u00f3n y limpieza respectiva del establecimiento y que \u201cal mismo tiempo se nos deben entregar los resultados de un an\u00e1lisis de suelo de la presencia de metales pesados y mientras estos no est\u00e9n dentro de los par\u00e1metros normales nosotros no vamos a levantar esta prohibici\u00f3n\u201d, asever\u00f3.<br \/>\nLos an\u00e1lisis mencionados por M\u00e9ndez estaban a cargo del laboratorio de la Universidad de Chile y junto con sus resultados se esperaba para horas de la tarde de ayer una reuni\u00f3n para acreditar el funcionamiento seguro del recinto educacional.<br \/>\n\u201cEsto se hace en virtud de poder entregar garant\u00edas a la comunidad educativa y a los padres y apoderados de que sus ni\u00f1os van a estar en un ambiente que no tenga riesgo para su salud\u201d, determin\u00f3 el facultativo.<br \/>\nDe acuerdo a lo expresado por M\u00e9ndez, en caso de que los resultados de los an\u00e1lisis arrojen la presencia de metales pesados en las inmediaciones del establecimiento, se mantendr\u00e1 la prohibici\u00f3n de comenzar las clases y se tendr\u00e1 que evaluar cu\u00e1les son las medidas que se pudieran tomar. \u201cLo esencial, lo principal es que se den todas las certificaciones y garant\u00edas de que el ambiente de la escuela no est\u00e1 contaminado con metales pesados que pongan en riesgo la salud de los ni\u00f1os\u201d, sentenci\u00f3.<\/p>\n","protected":false},"excerpt":{"rendered":"<p>Producto del derrame de cobre: Autoridad Sanitaria afirma que debe acreditarse en un 100 % que el ambiente del establecimiento no est\u00e1 contaminado con minerales que puedan afectar la salud de ni\u00f1os&#8230;.<\/p>\n","protected":false},"author":1,"featured_media":67387,"comment_status":"open","ping_status":"open","sticky":false,"template":"","format":"standard","meta":{"advanced_seo_description":"","jetpack_seo_html_title":"","jetpack_seo_noindex":false,"_jetpack_memberships_contains_paid_content":false,"footnotes":""},"categories":[1],"tags":[],"class_list":["post-67386","post","type-post","status-publish","format-standard","has-post-thumbnail","hentry","category-cronica"],"jetpack_featured_media_url":"https:\/\/i0.wp.com\/eltrabajo.cl\/portal\/wp-content\/uploads\/2016\/03\/FOTO-1-MARIO-MENDEZ-ALLENDES-JEFE-DE-LA-OFICINA-ACONCAGUA-DE-LA-SEREMI-DE-SALUD.jpg?fit=530%2C349&ssl=1","jetpack_sharing_enabled":true,"jetpack_likes_enabled":true,"jetpack-related-posts":[],"_links":{"self":[{"href":"https:\/\/eltrabajo.cl\/portal\/wp-json\/wp\/v2\/posts\/67386","targetHints":{"allow":["GET"]}}],"collection":[{"href":"https:\/\/eltrabajo.cl\/portal\/wp-json\/wp\/v2\/posts"}],"about":[{"href":"https:\/\/eltrabajo.cl\/portal\/wp-json\/wp\/v2\/types\/post"}],"author":[{"embeddable":true,"href":"https:\/\/eltrabajo.cl\/portal\/wp-json\/wp\/v2\/users\/1"}],"replies":[{"embeddable":true,"href":"https:\/\/eltrabajo.cl\/portal\/wp-json\/wp\/v2\/comments?post=67386"}],"version-history":[{"count":0,"href":"https:\/\/eltrabajo.cl\/portal\/wp-json\/wp\/v2\/posts\/67386\/revisions"}],"wp:featuredmedia":[{"embeddable":true,"href":"https:\/\/eltrabajo.cl\/portal\/wp-json\/wp\/v2\/media\/67387"}],"wp:attachment":[{"href":"https:\/\/eltrabajo.cl\/portal\/wp-json\/wp\/v2\/media?parent=67386"}],"wp:term":[{"taxonomy":"category","embeddable":true,"href":"https:\/\/eltrabajo.cl\/portal\/wp-json\/wp\/v2\/categories?post=67386"},{"taxonomy":"post_tag","embeddable":true,"href":"https:\/\/eltrabajo.cl\/portal\/wp-json\/wp\/v2\/tags?post=67386"}],"curies":[{"name":"wp","href":"https:\/\/api.w.org\/{rel}","templated":true}]}}