{"id":67390,"date":"2016-03-03T10:12:33","date_gmt":"2016-03-03T13:12:33","guid":{"rendered":"http:\/\/www.eltrabajo.cl\/portal\/?p=67390"},"modified":"2016-03-03T10:12:33","modified_gmt":"2016-03-03T13:12:33","slug":"suelos-de-escuela-rio-blanco-no-estarian-contaminados-asegura-codelco","status":"publish","type":"post","link":"https:\/\/eltrabajo.cl\/portal\/suelos-de-escuela-rio-blanco-no-estarian-contaminados-asegura-codelco\/","title":{"rendered":"Suelos de Escuela R\u00edo Blanco no estar\u00edan contaminados asegura Codelco"},"content":{"rendered":"<figure id=\"attachment_67391\" aria-describedby=\"caption-attachment-67391\" style=\"width: 530px\" class=\"wp-caption alignleft\"><a href=\"http:\/\/www.eltrabajo.cl\/portal\/suelos-de-escuela-rio-blanco-no-estarian-contaminados-asegura-codelco\/foto-4-escuela-basica-rio-blanco\/\" rel=\"attachment wp-att-67391\"><img data-recalc-dims=\"1\" loading=\"lazy\" decoding=\"async\" class=\"size-full wp-image-67391\" src=\"https:\/\/i0.wp.com\/www.eltrabajo.cl\/portal\/wp-content\/uploads\/2016\/03\/FOTO-4-ESCUELA-BASICA-RIO-BLANCO.jpg?resize=530%2C349\" alt=\"Escuela B\u00e1sica R\u00edo Blanco, v\u00edctima indirecta del derrame de concentrado de cobre de Minera Andina.\" width=\"530\" height=\"349\" srcset=\"https:\/\/i0.wp.com\/eltrabajo.cl\/portal\/wp-content\/uploads\/2016\/03\/FOTO-4-ESCUELA-BASICA-RIO-BLANCO.jpg?w=530&amp;ssl=1 530w, https:\/\/i0.wp.com\/eltrabajo.cl\/portal\/wp-content\/uploads\/2016\/03\/FOTO-4-ESCUELA-BASICA-RIO-BLANCO.jpg?resize=200%2C132&amp;ssl=1 200w, https:\/\/i0.wp.com\/eltrabajo.cl\/portal\/wp-content\/uploads\/2016\/03\/FOTO-4-ESCUELA-BASICA-RIO-BLANCO.jpg?resize=300%2C198&amp;ssl=1 300w, https:\/\/i0.wp.com\/eltrabajo.cl\/portal\/wp-content\/uploads\/2016\/03\/FOTO-4-ESCUELA-BASICA-RIO-BLANCO.jpg?resize=228%2C150&amp;ssl=1 228w, https:\/\/i0.wp.com\/eltrabajo.cl\/portal\/wp-content\/uploads\/2016\/03\/FOTO-4-ESCUELA-BASICA-RIO-BLANCO.jpg?resize=400%2C263&amp;ssl=1 400w\" sizes=\"auto, (max-width: 530px) 100vw, 530px\" \/><\/a><figcaption id=\"caption-attachment-67391\" class=\"wp-caption-text\">Escuela B\u00e1sica R\u00edo Blanco, v\u00edctima indirecta del derrame de concentrado de cobre de Minera Andina.<\/figcaption><\/figure>\n<p>La Direcci\u00f3n de Comunicaciones de Divisi\u00f3n Andina asegur\u00f3 que la labor de monitoreo que se est\u00e1 realizando a las aguas del R\u00edo Aconcagua tras el incidente ambiental ocurrido el pasado jueves 25 de febrero, est\u00e1 siendo desarrollada por un laboratorio externo y certificado por la Universidad de Chile, el cual ha se\u00f1alado que el suelo de la Escuela B\u00e1sica R\u00edo Blanco no se encuentra contaminado.<br \/>\nAs\u00ed lo se\u00f1ala la cupr\u00edfera, agregando que \u00aben relaci\u00f3n a la calidad del agua del R\u00edo Aconcagua, los par\u00e1metros se mantienen dentro de los rangos hist\u00f3ricos, cumpliendo plenamente la normativa vigente. La labor de monitoreo se realiza por un laboratorio externo y certificado por la Universidad de Chile.<br \/>\n\u00abEn cuanto a los resultados de los estudios realizados al suelo de la Escuela B\u00e1sica R\u00edo Blanco, se informa que estos no se encuentran contaminados.<br \/>\n\u00abEl an\u00e1lisis fue realizado por el Laboratorio de Qu\u00edmica de Suelos y Aguas de la Facultad de Ciencias Agron\u00f3micas de la Universidad de Chile, que tom\u00f3 muestras de suelo a solicitud de la Seremi de Salud para permitir el comienzo del a\u00f1o escolar. El informe se\u00f1ala que \u2018se diagnostica que los valores de pH, conductividad el\u00e9ctrica y niveles de metales se encuentran dentro de los rangos t\u00edpicos o normales de suelos no contaminados\u2019.<br \/>\n\u00abDurante este mi\u00e9rcoles, el presidente Ejecutivo de Codelco, Nelson Pizarro, concurri\u00f3 a la Divisi\u00f3n Andina y verific\u00f3 el funcionamiento de las operaciones y las labores post incidente.<br \/>\n\u00abCodelco reitera su compromiso con seguir trabajando por desarrollar una miner\u00eda sustentable con el medioambiente y con las comunidades locales\u00bb, concluy\u00e9 el comunicado.<\/p>\n","protected":false},"excerpt":{"rendered":"<p>La Direcci\u00f3n de Comunicaciones de Divisi\u00f3n Andina asegur\u00f3 que la labor de monitoreo que se est\u00e1 realizando a las aguas del R\u00edo Aconcagua tras el incidente ambiental ocurrido el pasado jueves 25&#8230;<\/p>\n","protected":false},"author":1,"featured_media":67391,"comment_status":"open","ping_status":"open","sticky":false,"template":"","format":"standard","meta":{"advanced_seo_description":"","jetpack_seo_html_title":"","jetpack_seo_noindex":false,"_jetpack_memberships_contains_paid_content":false,"footnotes":""},"categories":[1],"tags":[],"class_list":["post-67390","post","type-post","status-publish","format-standard","has-post-thumbnail","hentry","category-cronica"],"jetpack_featured_media_url":"https:\/\/i0.wp.com\/eltrabajo.cl\/portal\/wp-content\/uploads\/2016\/03\/FOTO-4-ESCUELA-BASICA-RIO-BLANCO.jpg?fit=530%2C349&ssl=1","jetpack_sharing_enabled":true,"jetpack_likes_enabled":true,"jetpack-related-posts":[],"_links":{"self":[{"href":"https:\/\/eltrabajo.cl\/portal\/wp-json\/wp\/v2\/posts\/67390","targetHints":{"allow":["GET"]}}],"collection":[{"href":"https:\/\/eltrabajo.cl\/portal\/wp-json\/wp\/v2\/posts"}],"about":[{"href":"https:\/\/eltrabajo.cl\/portal\/wp-json\/wp\/v2\/types\/post"}],"author":[{"embeddable":true,"href":"https:\/\/eltrabajo.cl\/portal\/wp-json\/wp\/v2\/users\/1"}],"replies":[{"embeddable":true,"href":"https:\/\/eltrabajo.cl\/portal\/wp-json\/wp\/v2\/comments?post=67390"}],"version-history":[{"count":0,"href":"https:\/\/eltrabajo.cl\/portal\/wp-json\/wp\/v2\/posts\/67390\/revisions"}],"wp:featuredmedia":[{"embeddable":true,"href":"https:\/\/eltrabajo.cl\/portal\/wp-json\/wp\/v2\/media\/67391"}],"wp:attachment":[{"href":"https:\/\/eltrabajo.cl\/portal\/wp-json\/wp\/v2\/media?parent=67390"}],"wp:term":[{"taxonomy":"category","embeddable":true,"href":"https:\/\/eltrabajo.cl\/portal\/wp-json\/wp\/v2\/categories?post=67390"},{"taxonomy":"post_tag","embeddable":true,"href":"https:\/\/eltrabajo.cl\/portal\/wp-json\/wp\/v2\/tags?post=67390"}],"curies":[{"name":"wp","href":"https:\/\/api.w.org\/{rel}","templated":true}]}}