{"id":67394,"date":"2016-03-03T10:14:40","date_gmt":"2016-03-03T13:14:40","guid":{"rendered":"http:\/\/www.eltrabajo.cl\/portal\/?p=67394"},"modified":"2016-03-03T10:14:40","modified_gmt":"2016-03-03T13:14:40","slug":"sociedad-de-artesanos-la-union-celebro-en-grande-su-aniversario-124","status":"publish","type":"post","link":"https:\/\/eltrabajo.cl\/portal\/sociedad-de-artesanos-la-union-celebro-en-grande-su-aniversario-124\/","title":{"rendered":"Sociedad de Artesanos \u2018La Uni\u00f3n\u2019 celebr\u00f3 en grande su aniversario 124"},"content":{"rendered":"<figure id=\"attachment_67395\" aria-describedby=\"caption-attachment-67395\" style=\"width: 530px\" class=\"wp-caption alignleft\"><a href=\"http:\/\/www.eltrabajo.cl\/portal\/sociedad-de-artesanos-la-union-celebro-en-grande-su-aniversario-124\/aniversario-sociedad-de-artesanos-la-union-3\/\" rel=\"attachment wp-att-67395\"><img data-recalc-dims=\"1\" loading=\"lazy\" decoding=\"async\" class=\"size-full wp-image-67395\" src=\"https:\/\/i0.wp.com\/www.eltrabajo.cl\/portal\/wp-content\/uploads\/2016\/03\/Aniversario-Sociedad-de-Artesanos-La-Union-3.jpg?resize=530%2C349\" alt=\"Actual directiva celebr\u00f3 junto a las autoridades y socios este nuevo aniversario con una cena de honor.\" width=\"530\" height=\"349\" srcset=\"https:\/\/i0.wp.com\/eltrabajo.cl\/portal\/wp-content\/uploads\/2016\/03\/Aniversario-Sociedad-de-Artesanos-La-Union-3.jpg?w=530&amp;ssl=1 530w, https:\/\/i0.wp.com\/eltrabajo.cl\/portal\/wp-content\/uploads\/2016\/03\/Aniversario-Sociedad-de-Artesanos-La-Union-3.jpg?resize=200%2C132&amp;ssl=1 200w, https:\/\/i0.wp.com\/eltrabajo.cl\/portal\/wp-content\/uploads\/2016\/03\/Aniversario-Sociedad-de-Artesanos-La-Union-3.jpg?resize=300%2C198&amp;ssl=1 300w, https:\/\/i0.wp.com\/eltrabajo.cl\/portal\/wp-content\/uploads\/2016\/03\/Aniversario-Sociedad-de-Artesanos-La-Union-3.jpg?resize=228%2C150&amp;ssl=1 228w, https:\/\/i0.wp.com\/eltrabajo.cl\/portal\/wp-content\/uploads\/2016\/03\/Aniversario-Sociedad-de-Artesanos-La-Union-3.jpg?resize=400%2C263&amp;ssl=1 400w\" sizes=\"auto, (max-width: 530px) 100vw, 530px\" \/><\/a><figcaption id=\"caption-attachment-67395\" class=\"wp-caption-text\">Actual directiva celebr\u00f3 junto a las autoridades y socios este nuevo aniversario con una cena de honor.<\/figcaption><\/figure>\n<p><strong>Forjada en la pr\u00e1ctica de los valores de fraternidad, solidaridad y el gremialismo, esta centenaria instituci\u00f3n sanfelipe\u00f1a celebr\u00f3 un nuevo aniversario.<\/strong><\/p>\n<p>Con una emotiva ceremonia que cont\u00f3 con la presencia de autoridades locales, representantes de diversas organizaciones, socios e invitados especiales festejaron el nuevo cumplea\u00f1os de la Sociedad de Artesanos \u2018La Uni\u00f3n\u2019 de San Felipe, entidad que celebr\u00f3 su aniversario n\u00famero 124, la que fue fundada el 28 de febrero de 1892, con el objetivo principal de prestar ayuda a sus socios y a la comunidad.<br \/>\nLa trascendencia de esta importante instituci\u00f3n en la comuna de San Felipe, radica en el aporte permanente que realiza a la comunidad, desde sus inicios, y que a\u00fan sigue realizando. Entre ellos se destaca su labor educativa con la implementaci\u00f3n de la primera escuela nocturna de la ciudad, la formaci\u00f3n permanente de artesanos y obreros, pero por sobre todo transformarse en un lugar de encuentro para poner practica los valores de la solidaridad y el gremialismo.<br \/>\nEl actual presidente Rafael Carvallo, en parte de su discurso expres\u00f3 que \u201ces muy significativo para la comuna contar con esta sociedad de socorros mutuos, porque ha tenido un rol preponderante en el quehacer social, educativo y cultural de la ciudad de San Felipe. Hoy al entrar en estas dependencias, se puede sentir casi como si se viajara al pasado cuando los valores del mutualismo ten\u00edan una especial relevancia en la vida de los ciudadanos, adem\u00e1s en estas paredes encontramos fotograf\u00edas de importantes personajes de la historia de San Felipe\u201d, manifest\u00f3 su actual presidente.<br \/>\nUna de las actividades m\u00e1s significativas para los socios es la tradicional romer\u00eda al cementerio municipal, para recordar la memoria de connotados socios y sanfelipe\u00f1os que fueron parte importante de esta instituci\u00f3n de socorros mutuos.<\/p>\n","protected":false},"excerpt":{"rendered":"<p>Forjada en la pr\u00e1ctica de los valores de fraternidad, solidaridad y el gremialismo, esta centenaria instituci\u00f3n sanfelipe\u00f1a celebr\u00f3 un nuevo aniversario. Con una emotiva ceremonia que cont\u00f3 con la presencia de autoridades&#8230;<\/p>\n","protected":false},"author":1,"featured_media":67395,"comment_status":"open","ping_status":"open","sticky":false,"template":"","format":"standard","meta":{"advanced_seo_description":"","jetpack_seo_html_title":"","jetpack_seo_noindex":false,"_jetpack_memberships_contains_paid_content":false,"footnotes":""},"categories":[15],"tags":[],"class_list":["post-67394","post","type-post","status-publish","format-standard","has-post-thumbnail","hentry","category-comunidad"],"jetpack_featured_media_url":"https:\/\/i0.wp.com\/eltrabajo.cl\/portal\/wp-content\/uploads\/2016\/03\/Aniversario-Sociedad-de-Artesanos-La-Union-3.jpg?fit=530%2C349&ssl=1","jetpack_sharing_enabled":true,"jetpack_likes_enabled":true,"jetpack-related-posts":[],"_links":{"self":[{"href":"https:\/\/eltrabajo.cl\/portal\/wp-json\/wp\/v2\/posts\/67394","targetHints":{"allow":["GET"]}}],"collection":[{"href":"https:\/\/eltrabajo.cl\/portal\/wp-json\/wp\/v2\/posts"}],"about":[{"href":"https:\/\/eltrabajo.cl\/portal\/wp-json\/wp\/v2\/types\/post"}],"author":[{"embeddable":true,"href":"https:\/\/eltrabajo.cl\/portal\/wp-json\/wp\/v2\/users\/1"}],"replies":[{"embeddable":true,"href":"https:\/\/eltrabajo.cl\/portal\/wp-json\/wp\/v2\/comments?post=67394"}],"version-history":[{"count":0,"href":"https:\/\/eltrabajo.cl\/portal\/wp-json\/wp\/v2\/posts\/67394\/revisions"}],"wp:featuredmedia":[{"embeddable":true,"href":"https:\/\/eltrabajo.cl\/portal\/wp-json\/wp\/v2\/media\/67395"}],"wp:attachment":[{"href":"https:\/\/eltrabajo.cl\/portal\/wp-json\/wp\/v2\/media?parent=67394"}],"wp:term":[{"taxonomy":"category","embeddable":true,"href":"https:\/\/eltrabajo.cl\/portal\/wp-json\/wp\/v2\/categories?post=67394"},{"taxonomy":"post_tag","embeddable":true,"href":"https:\/\/eltrabajo.cl\/portal\/wp-json\/wp\/v2\/tags?post=67394"}],"curies":[{"name":"wp","href":"https:\/\/api.w.org\/{rel}","templated":true}]}}