{"id":67398,"date":"2016-03-03T10:16:48","date_gmt":"2016-03-03T13:16:48","guid":{"rendered":"http:\/\/www.eltrabajo.cl\/portal\/?p=67398"},"modified":"2016-03-03T10:47:31","modified_gmt":"2016-03-03T13:47:31","slug":"senadora-perez-molesta-con-jueces-flojos-para-instalar-corte-en-aconcagua","status":"publish","type":"post","link":"https:\/\/eltrabajo.cl\/portal\/senadora-perez-molesta-con-jueces-flojos-para-instalar-corte-en-aconcagua\/","title":{"rendered":"Senadora P\u00e9rez molesta con jueces \u2018flojos\u2019 para instalar Corte en Aconcagua"},"content":{"rendered":"<figure id=\"attachment_67399\" aria-describedby=\"caption-attachment-67399\" style=\"width: 530px\" class=\"wp-caption alignleft\"><a href=\"http:\/\/www.eltrabajo.cl\/portal\/senadora-perez-molesta-con-jueces-flojos-para-instalar-corte-en-aconcagua\/senadora-lily-perez-sala-itinerante\/\" rel=\"attachment wp-att-67399\"><img data-recalc-dims=\"1\" loading=\"lazy\" decoding=\"async\" class=\"size-full wp-image-67399\" src=\"https:\/\/i0.wp.com\/www.eltrabajo.cl\/portal\/wp-content\/uploads\/2016\/03\/Senadora-LIly-Perez-sala-itinerante.jpg?resize=530%2C349\" alt=\"Senadora Lily P\u00e9rez.\" width=\"530\" height=\"349\" srcset=\"https:\/\/i0.wp.com\/eltrabajo.cl\/portal\/wp-content\/uploads\/2016\/03\/Senadora-LIly-Perez-sala-itinerante.jpg?w=530&amp;ssl=1 530w, https:\/\/i0.wp.com\/eltrabajo.cl\/portal\/wp-content\/uploads\/2016\/03\/Senadora-LIly-Perez-sala-itinerante.jpg?resize=200%2C132&amp;ssl=1 200w, https:\/\/i0.wp.com\/eltrabajo.cl\/portal\/wp-content\/uploads\/2016\/03\/Senadora-LIly-Perez-sala-itinerante.jpg?resize=300%2C198&amp;ssl=1 300w, https:\/\/i0.wp.com\/eltrabajo.cl\/portal\/wp-content\/uploads\/2016\/03\/Senadora-LIly-Perez-sala-itinerante.jpg?resize=228%2C150&amp;ssl=1 228w, https:\/\/i0.wp.com\/eltrabajo.cl\/portal\/wp-content\/uploads\/2016\/03\/Senadora-LIly-Perez-sala-itinerante.jpg?resize=400%2C263&amp;ssl=1 400w\" sizes=\"auto, (max-width: 530px) 100vw, 530px\" \/><\/a><figcaption id=\"caption-attachment-67399\" class=\"wp-caption-text\">Senadora Lily P\u00e9rez.<\/figcaption><\/figure>\n<p>\u201cEs una gran decepci\u00f3n ver que la negativa para formar una sala del poder judicial en el Aconcagua diga relaci\u00f3n con una recarga de trabajo de la Corte, es decir, \u2018flojera\u2019 de algunos de los jueces que integran la Corte de Apelaciones de Valpara\u00edso\u201d, se\u00f1al\u00f3 ayer en la sala del Senado la Senadora Lily P\u00e9rez.<br \/>\nLa Senadora, tras realizar diversas gestiones y presentaci\u00f3n de antecedentes que argumentaban la necesidad de que existiera una sala itinerante en el Aconcagua, por m\u00e1s de un a\u00f1o en el poder Judicial, desde la Ministra de Justicia, Javiera Blanco, el ex Presidente de la Corte Suprema, Sergio Mu\u00f1oz, la Presidenta de la Corte de Apelaciones de Valpara\u00edso, Mar\u00eda Ang\u00e9lica Repetto.<br \/>\nLleg\u00f3 la resoluci\u00f3n de la Corte de Apelaciones de Valpara\u00edso, donde se indica que es imposible instalar una sala itinerante en el Aconcagua porque significar\u00eda una sobrecarga laboral.<br \/>\n\u00abLa Ministra de justicia est\u00e1 de acuerdo. El ex Presidente de la Corte Suprema tambi\u00e9n se encontraba de acuerdo e incluso hizo gestiones personales con la Presidenta de la Corte de Apelaciones de Valpara\u00edso con el fin que el pleno de la Corte tomar\u00e1 la decisi\u00f3n de asistir y apoyar la importancia de impartir justicia en el Aconcagua\u00bb, dijo la Senadora Lily P\u00e9rez.<\/p>\n<p><strong>ANTECEDENTES<\/strong><br \/>\nExiste el precedente en regiones como el Biob\u00edo, la Corte de Apelaciones de Concepci\u00f3n accedi\u00f3 a desplazarse f\u00edsicamente hacia el \u00d1uble para impartir justicia a diferencia de lo que ha sucedido con la Corte de nuestra regi\u00f3n.<\/p>\n","protected":false},"excerpt":{"rendered":"<p>\u201cEs una gran decepci\u00f3n ver que la negativa para formar una sala del poder judicial en el Aconcagua diga relaci\u00f3n con una recarga de trabajo de la Corte, es decir, \u2018flojera\u2019 de&#8230;<\/p>\n","protected":false},"author":1,"featured_media":67399,"comment_status":"open","ping_status":"open","sticky":false,"template":"","format":"standard","meta":{"advanced_seo_description":"","jetpack_seo_html_title":"","jetpack_seo_noindex":false,"_jetpack_memberships_contains_paid_content":false,"footnotes":""},"categories":[1],"tags":[],"class_list":["post-67398","post","type-post","status-publish","format-standard","has-post-thumbnail","hentry","category-cronica"],"jetpack_featured_media_url":"https:\/\/i0.wp.com\/eltrabajo.cl\/portal\/wp-content\/uploads\/2016\/03\/Senadora-LIly-Perez-sala-itinerante.jpg?fit=530%2C349&ssl=1","jetpack_sharing_enabled":true,"jetpack_likes_enabled":true,"jetpack-related-posts":[],"_links":{"self":[{"href":"https:\/\/eltrabajo.cl\/portal\/wp-json\/wp\/v2\/posts\/67398","targetHints":{"allow":["GET"]}}],"collection":[{"href":"https:\/\/eltrabajo.cl\/portal\/wp-json\/wp\/v2\/posts"}],"about":[{"href":"https:\/\/eltrabajo.cl\/portal\/wp-json\/wp\/v2\/types\/post"}],"author":[{"embeddable":true,"href":"https:\/\/eltrabajo.cl\/portal\/wp-json\/wp\/v2\/users\/1"}],"replies":[{"embeddable":true,"href":"https:\/\/eltrabajo.cl\/portal\/wp-json\/wp\/v2\/comments?post=67398"}],"version-history":[{"count":0,"href":"https:\/\/eltrabajo.cl\/portal\/wp-json\/wp\/v2\/posts\/67398\/revisions"}],"wp:featuredmedia":[{"embeddable":true,"href":"https:\/\/eltrabajo.cl\/portal\/wp-json\/wp\/v2\/media\/67399"}],"wp:attachment":[{"href":"https:\/\/eltrabajo.cl\/portal\/wp-json\/wp\/v2\/media?parent=67398"}],"wp:term":[{"taxonomy":"category","embeddable":true,"href":"https:\/\/eltrabajo.cl\/portal\/wp-json\/wp\/v2\/categories?post=67398"},{"taxonomy":"post_tag","embeddable":true,"href":"https:\/\/eltrabajo.cl\/portal\/wp-json\/wp\/v2\/tags?post=67398"}],"curies":[{"name":"wp","href":"https:\/\/api.w.org\/{rel}","templated":true}]}}