{"id":67402,"date":"2016-03-03T10:19:06","date_gmt":"2016-03-03T13:19:06","guid":{"rendered":"http:\/\/www.eltrabajo.cl\/portal\/?p=67402"},"modified":"2016-03-03T10:19:06","modified_gmt":"2016-03-03T13:19:06","slug":"alrededor-de-50-furgones-escolares-asistieron-a-fiscalizacion-preventiva","status":"publish","type":"post","link":"https:\/\/eltrabajo.cl\/portal\/alrededor-de-50-furgones-escolares-asistieron-a-fiscalizacion-preventiva\/","title":{"rendered":"Alrededor de 50 furgones escolares asistieron a fiscalizaci\u00f3n preventiva\u00a0"},"content":{"rendered":"<figure id=\"attachment_67403\" aria-describedby=\"caption-attachment-67403\" style=\"width: 530px\" class=\"wp-caption alignleft\"><a href=\"http:\/\/www.eltrabajo.cl\/portal\/alrededor-de-50-furgones-escolares-asistieron-a-fiscalizacion-preventiva\/foto-4-gran-cantidad-de-furgones-con-sus-respectivos-propietarios-y-conductores-acudieron-al-llamado-de-carabineros-para-hacer-una-ultima-revision-previo-al-inicio-del-ano-escolar\/\" rel=\"attachment wp-att-67403\"><img data-recalc-dims=\"1\" loading=\"lazy\" decoding=\"async\" class=\"size-full wp-image-67403\" src=\"https:\/\/i0.wp.com\/www.eltrabajo.cl\/portal\/wp-content\/uploads\/2016\/03\/FOTO-4-GRAN-CANTIDAD-DE-FURGONES-CON-SUS-RESPECTIVOS-PROPIETARIOS-Y-CONDUCTORES-ACUDIERON-AL-LLAMADO-DE-CARABINEROS-PARA-HACER-UNA-ULTIMA-REVISION-PREVIO-AL-INICIO-DEL-ANO-ESCOLAR.jpg?resize=530%2C350\" alt=\"Gran cantidad de furgones con sus respectivos propietarios y conductores, acudieron al llamado de Carabineros para hacer una \u00faltima revisi\u00f3n previo al inicio del a\u00f1o escolar.\" width=\"530\" height=\"350\" srcset=\"https:\/\/i0.wp.com\/eltrabajo.cl\/portal\/wp-content\/uploads\/2016\/03\/FOTO-4-GRAN-CANTIDAD-DE-FURGONES-CON-SUS-RESPECTIVOS-PROPIETARIOS-Y-CONDUCTORES-ACUDIERON-AL-LLAMADO-DE-CARABINEROS-PARA-HACER-UNA-ULTIMA-REVISION-PREVIO-AL-INICIO-DEL-ANO-ESCOLAR.jpg?w=530&amp;ssl=1 530w, https:\/\/i0.wp.com\/eltrabajo.cl\/portal\/wp-content\/uploads\/2016\/03\/FOTO-4-GRAN-CANTIDAD-DE-FURGONES-CON-SUS-RESPECTIVOS-PROPIETARIOS-Y-CONDUCTORES-ACUDIERON-AL-LLAMADO-DE-CARABINEROS-PARA-HACER-UNA-ULTIMA-REVISION-PREVIO-AL-INICIO-DEL-ANO-ESCOLAR.jpg?resize=200%2C132&amp;ssl=1 200w, https:\/\/i0.wp.com\/eltrabajo.cl\/portal\/wp-content\/uploads\/2016\/03\/FOTO-4-GRAN-CANTIDAD-DE-FURGONES-CON-SUS-RESPECTIVOS-PROPIETARIOS-Y-CONDUCTORES-ACUDIERON-AL-LLAMADO-DE-CARABINEROS-PARA-HACER-UNA-ULTIMA-REVISION-PREVIO-AL-INICIO-DEL-ANO-ESCOLAR.jpg?resize=300%2C198&amp;ssl=1 300w, https:\/\/i0.wp.com\/eltrabajo.cl\/portal\/wp-content\/uploads\/2016\/03\/FOTO-4-GRAN-CANTIDAD-DE-FURGONES-CON-SUS-RESPECTIVOS-PROPIETARIOS-Y-CONDUCTORES-ACUDIERON-AL-LLAMADO-DE-CARABINEROS-PARA-HACER-UNA-ULTIMA-REVISION-PREVIO-AL-INICIO-DEL-ANO-ESCOLAR.jpg?resize=227%2C150&amp;ssl=1 227w, https:\/\/i0.wp.com\/eltrabajo.cl\/portal\/wp-content\/uploads\/2016\/03\/FOTO-4-GRAN-CANTIDAD-DE-FURGONES-CON-SUS-RESPECTIVOS-PROPIETARIOS-Y-CONDUCTORES-ACUDIERON-AL-LLAMADO-DE-CARABINEROS-PARA-HACER-UNA-ULTIMA-REVISION-PREVIO-AL-INICIO-DEL-ANO-ESCOLAR.jpg?resize=400%2C264&amp;ssl=1 400w\" sizes=\"auto, (max-width: 530px) 100vw, 530px\" \/><\/a><figcaption id=\"caption-attachment-67403\" class=\"wp-caption-text\">Gran cantidad de furgones con sus respectivos propietarios y conductores, acudieron al llamado de Carabineros para hacer una \u00faltima revisi\u00f3n previo al inicio del a\u00f1o escolar.<\/figcaption><\/figure>\n<p>Carabineros y Ateac llaman a contratar transporte certificado, solicitar documentos de veh\u00edculos y conductores y denunciar a los transportes piratas.<br \/>\nSin lugar a dudas que una de las decisiones dif\u00edciles que deben tomar algunas familias aconcag\u00fcinas previo al inicio del a\u00f1o escolar, es definir la forma en que se trasladar\u00e1n sus hijos e hijas hacia y desde los establecimientos educacionales. Una de las alternativas que surge es contratar un furg\u00f3n escolar, servicio que para otorgar plena seguridad debe cumplir con una serie de condiciones -tanto el veh\u00edculo propiamente tal como su conductor-, las cuales, son fiscalizadas de forma rigurosa por Carabineros de Chile durante el transcurso de todo el a\u00f1o escolar.<br \/>\nSin embargo, previo a comenzar su funcionamiento, los transportistas tienen la posibilidad de cumplir con esta instancia de fiscalizaci\u00f3n de forma voluntaria, la cual se llev\u00f3 a efecto durante la ma\u00f1ana de ayer en el patio de la Prefectura de Carabineros Aconcagua, hasta donde llegaron alrededor de 50 transportistas a someterse a la verificaci\u00f3n que otorgar\u00e1 la luz verde a la \u00f3ptima puesta en marcha del servicio que entregan.<br \/>\nAs\u00ed lo ratific\u00f3 el Comandante Marcelo Arancibia, Prefecto subrogante de la Prefectura Aconcagua, quien describi\u00f3 que \u201cefectivamente las pol\u00edticas institucionales dan a conocer que en el d\u00eda de hoy (ayer) en todas las unidades del pa\u00eds se est\u00e1n haciendo estas fiscalizaciones preventivas al gremio de transportes escolares\u201d.<br \/>\nSeg\u00fan Arancibia la finalidad de este procedimiento que se efect\u00faa en toda las comunas del Valle de Aconcagua, es que los ni\u00f1os puedan transportarse en estos furgones en forma ideal y preventiva, aludiendo que \u201cCarabineros de Chile a trav\u00e9s de esta campa\u00f1a estamos dispuestos a observar y descubrir cualquier situaci\u00f3n compleja que tenga el transporte y l\u00f3gicamente informarlo para que pueda ser reparado de forma inmediata\u201d, detall\u00f3.<br \/>\nRespecto de las fiscalizaciones que se llevar\u00e1n a efecto para evitar la circulaci\u00f3n de transporte escolar \u2018pirata\u2019, Arancibia detall\u00f3 que \u201ctenemos un plan de contingencia para esta situaci\u00f3n, pero afortunadamente estamos tranquilos porque tenemos una gran convocatoria el d\u00eda de hoy y eso demuestra que gran parte de este gremio est\u00e1 interesado en cumplir y el llamado es para que los veh\u00edculos que faltan puedan acercarse durante los pr\u00f3ximos d\u00edas, vamos a tener a disposici\u00f3n en cualquier horario personal de la Secci\u00f3n Investigadora de Accidentes de Tr\u00e1nsito, Siat, para revisar los transportes escolares\u201d, apunt\u00f3.<br \/>\nA su vez, Mar\u00eda Castro Fredes, presidenta de la Asociaci\u00f3n de Transporte Escolar Aconcagua, Ateac, valor\u00f3 el hecho de que de forma voluntaria sus colegas hayan llegado en masa a cumplir con este instrumento de validaci\u00f3n ya que \u201ctodos los a\u00f1os nosotros nos sometemos a esta revisi\u00f3n donde demostramos que tenemos todos nuestros documentos al d\u00eda, nuestros veh\u00edculos tambi\u00e9n, con todo lo que la ley nos exige para comenzar con el a\u00f1o escolar\u201d, expres\u00f3.<br \/>\nAs\u00ed mismo, \u2018La T\u00eda Maggie\u2019-como es conocida por las familias a las que presta servicio- asegur\u00f3 que el cumplimiento de este tipo de procedimientos les otorga un valor agregado sobre otros medios de transporte, argumentando que \u201cnosotros estamos capacit\u00e1ndonos constantemente, en cursos de primeros auxilios, conducci\u00f3n a la defensiva y varios temas en los que siempre estamos actualiz\u00e1ndonos\u201d.<br \/>\nCastro aprovech\u00f3 de aconsejar a los aconcag\u00fcinos en torno a preferir el transporte certificado y no correr riesgos con veh\u00edculos piratas, pues seg\u00fan dijo \u201cla verdad es que las familias deben fiscalizar este tema, ojal\u00e1 cuando contraten un transporte pidan los documentos de los conductores y no elijan el transporte pirata porque tenemos el caso de colectivos que andan con 10 o 12 ni\u00f1os a bordo y eso no representa ninguna seguridad\u201d, enfatiz\u00f3.<br \/>\nCabe destacar, que dentro de la revisi\u00f3n que efect\u00faa Carabineros, se solicita la Cartola que otorga la Seremi de Transportes a los transportistas, documento que se obtiene luego de la presentar la documentaci\u00f3n de inscripci\u00f3n en donde se solicitan los documentos del conductor: papel de antecedentes, hoja de vida, revisi\u00f3n t\u00e9cnica y la respectiva licencia de conducir. Adem\u00e1s, los efectivos de la Siat, realizan una especie de revisi\u00f3n t\u00e9cnica a los furgones, en la cual se fiscalizan los elementos de seguridad, luces y todo lo relacionado con el buen funcionamiento de cada veh\u00edculo.<br \/>\nPara terminar, la dirigente hizo un llamado a la comunidad a respetar los estacionamientos destinados para el transporte escolar y de esta forma otorgar mayor seguridad a los ni\u00f1os que llegan a sus respectivos colegios, destacando que \u201cdebemos tener un poquito de empat\u00eda y respeto con el transporte, nosotros tenemos nuestros estacionamientos reservados en los colegios y la verdad es que nos ocasiona muchos problemas cuando la mayor\u00eda de la veces est\u00e1n ocupados por particulares y eso conlleva a que tengamos que estacionarnos en segunda fila o dejar los veh\u00edculos muy lejos de los colegios con el riesgo que se corre de dejar a los ni\u00f1os solos o tener alg\u00fan accidente con los que llevamos hacia el veh\u00edculo\u201d, recomend\u00f3.<br \/>\nEn relaci\u00f3n con la contingencia vehicular y los inevitables atochamientos que se producen a las afueras de los establecimientos educacionales, el Comandante Arancibia, dijo que se ha tratado de minimizar esta situaci\u00f3n y que a partir de lo que ocurra hoy en las distintas arterias del valle, se har\u00e1 una evaluaci\u00f3n respecto de cu\u00e1les son los focos conflictivos en los que hay que poner mayor atenci\u00f3n.<br \/>\n\u201cSabemos que en el Valle de Aconcagua hay una gran cantidad de veh\u00edculos, no obstante nosotros estamos preparados con una contingencia de los servicios de tr\u00e1nsito que van a estar a primera hora instalados l\u00f3gicamente en las inmediaciones de los establecimientos educacionales de Aconcagua\u201d, determin\u00f3 el Prefecto (s).<\/p>\n","protected":false},"excerpt":{"rendered":"<p>Carabineros y Ateac llaman a contratar transporte certificado, solicitar documentos de veh\u00edculos y conductores y denunciar a los transportes piratas. Sin lugar a dudas que una de las decisiones dif\u00edciles que deben&#8230;<\/p>\n","protected":false},"author":1,"featured_media":67403,"comment_status":"open","ping_status":"open","sticky":false,"template":"","format":"standard","meta":{"advanced_seo_description":"","jetpack_seo_html_title":"","jetpack_seo_noindex":false,"_jetpack_memberships_contains_paid_content":false,"footnotes":""},"categories":[1],"tags":[],"class_list":["post-67402","post","type-post","status-publish","format-standard","has-post-thumbnail","hentry","category-cronica"],"jetpack_featured_media_url":"https:\/\/i0.wp.com\/eltrabajo.cl\/portal\/wp-content\/uploads\/2016\/03\/FOTO-4-GRAN-CANTIDAD-DE-FURGONES-CON-SUS-RESPECTIVOS-PROPIETARIOS-Y-CONDUCTORES-ACUDIERON-AL-LLAMADO-DE-CARABINEROS-PARA-HACER-UNA-ULTIMA-REVISION-PREVIO-AL-INICIO-DEL-ANO-ESCOLAR.jpg?fit=530%2C350&ssl=1","jetpack_sharing_enabled":true,"jetpack_likes_enabled":true,"jetpack-related-posts":[],"_links":{"self":[{"href":"https:\/\/eltrabajo.cl\/portal\/wp-json\/wp\/v2\/posts\/67402","targetHints":{"allow":["GET"]}}],"collection":[{"href":"https:\/\/eltrabajo.cl\/portal\/wp-json\/wp\/v2\/posts"}],"about":[{"href":"https:\/\/eltrabajo.cl\/portal\/wp-json\/wp\/v2\/types\/post"}],"author":[{"embeddable":true,"href":"https:\/\/eltrabajo.cl\/portal\/wp-json\/wp\/v2\/users\/1"}],"replies":[{"embeddable":true,"href":"https:\/\/eltrabajo.cl\/portal\/wp-json\/wp\/v2\/comments?post=67402"}],"version-history":[{"count":0,"href":"https:\/\/eltrabajo.cl\/portal\/wp-json\/wp\/v2\/posts\/67402\/revisions"}],"wp:featuredmedia":[{"embeddable":true,"href":"https:\/\/eltrabajo.cl\/portal\/wp-json\/wp\/v2\/media\/67403"}],"wp:attachment":[{"href":"https:\/\/eltrabajo.cl\/portal\/wp-json\/wp\/v2\/media?parent=67402"}],"wp:term":[{"taxonomy":"category","embeddable":true,"href":"https:\/\/eltrabajo.cl\/portal\/wp-json\/wp\/v2\/categories?post=67402"},{"taxonomy":"post_tag","embeddable":true,"href":"https:\/\/eltrabajo.cl\/portal\/wp-json\/wp\/v2\/tags?post=67402"}],"curies":[{"name":"wp","href":"https:\/\/api.w.org\/{rel}","templated":true}]}}