{"id":67406,"date":"2016-03-03T10:27:32","date_gmt":"2016-03-03T13:27:32","guid":{"rendered":"http:\/\/www.eltrabajo.cl\/portal\/?p=67406"},"modified":"2016-03-03T10:27:32","modified_gmt":"2016-03-03T13:27:32","slug":"mas-de-6-500-alumnos-se-reintegraron-hoy-a-clases-en-san-felipe","status":"publish","type":"post","link":"https:\/\/eltrabajo.cl\/portal\/mas-de-6-500-alumnos-se-reintegraron-hoy-a-clases-en-san-felipe\/","title":{"rendered":"M\u00e1s de 6.500 alumnos se reintegraron hoy a clases en San Felipe"},"content":{"rendered":"<figure id=\"attachment_67407\" aria-describedby=\"caption-attachment-67407\" style=\"width: 300px\" class=\"wp-caption alignleft\"><a href=\"http:\/\/www.eltrabajo.cl\/portal\/mas-de-6-500-alumnos-se-reintegraron-hoy-a-clases-en-san-felipe\/ivan-silva-6\/\" rel=\"attachment wp-att-67407\"><img data-recalc-dims=\"1\" loading=\"lazy\" decoding=\"async\" class=\"size-medium wp-image-67407\" src=\"https:\/\/i0.wp.com\/www.eltrabajo.cl\/portal\/wp-content\/uploads\/2016\/03\/Ivan-Silva-300x198.jpg?resize=300%2C198\" alt=\"Iv\u00e1n Silva, director de la Daem San Felipe.\" width=\"300\" height=\"198\" srcset=\"https:\/\/i0.wp.com\/eltrabajo.cl\/portal\/wp-content\/uploads\/2016\/03\/Ivan-Silva.jpg?resize=300%2C198&amp;ssl=1 300w, https:\/\/i0.wp.com\/eltrabajo.cl\/portal\/wp-content\/uploads\/2016\/03\/Ivan-Silva.jpg?resize=200%2C132&amp;ssl=1 200w, https:\/\/i0.wp.com\/eltrabajo.cl\/portal\/wp-content\/uploads\/2016\/03\/Ivan-Silva.jpg?resize=228%2C150&amp;ssl=1 228w, https:\/\/i0.wp.com\/eltrabajo.cl\/portal\/wp-content\/uploads\/2016\/03\/Ivan-Silva.jpg?resize=400%2C263&amp;ssl=1 400w, https:\/\/i0.wp.com\/eltrabajo.cl\/portal\/wp-content\/uploads\/2016\/03\/Ivan-Silva.jpg?w=530&amp;ssl=1 530w\" sizes=\"auto, (max-width: 300px) 100vw, 300px\" \/><\/a><figcaption id=\"caption-attachment-67407\" class=\"wp-caption-text\">Iv\u00e1n Silva, director de la Daem San Felipe.<\/figcaption><\/figure>\n<p><strong>Sobre 600 educadores sostienen la educaci\u00f3n municipalizada:<\/strong><\/p>\n<p>Pareciera uno de esos reencuentros familiares, de esos que a veces vemos en televisi\u00f3n, en donde los protagonistas tiemblan de ansiedad por las ganas de abrazarse con quien pasar\u00e1 las puertas de su casa; bueno, aunque no sea este el caso, lo cierto es que as\u00ed parecieran estar los m\u00e1s de 600 profesores y funcionarios de la Direcci\u00f3n de Administraci\u00f3n de la Educaci\u00f3n Municipalizada (Daem) de San Felipe, ya que se respira desde hace varios d\u00edas un gran entusiasmo por iniciar este a\u00f1o lectivo, y conocer a los nuevos estudiantes que llegar\u00e1n a Preb\u00e1sica, B\u00e1sica y Media.<\/p>\n<p><strong>LOCOS POR EDUCAR<\/strong><br \/>\nHoy entran a clases al menos unos 6.500 ni\u00f1os y j\u00f3venes a los 24 centros educativos de la Daem, lo que de seguro marcar\u00e1 un positivo inicio de a\u00f1o escolar que posiblemente superar\u00e1 las expectativas de 2015. Diario El Trabajo realiz\u00f3 un recorrido especial por muchas escuelas de nuestra provincia, para conocer de cerca c\u00f3mo est\u00e1 el \u00e1nimo de los profesores y funcionarios de la Daem.<br \/>\nEn estas visitas nos encontramos con profesoras que ya no estaban en la misma escuela, se hab\u00edan trasladado para otra; en algunas como la Escuela Heriberto Berm\u00fadez de El Algarrobal, hoy sus estudiantes estar\u00e1n estrenando todo nuevo, uniformes e implementos escolares que llegan gracias a los Fondos SEP; as\u00ed tambi\u00e9n otras escuelas de la comuna como la Escuela Art\u00edstica Rep\u00fablica Argentina, en donde subi\u00f3 tanto la matr\u00edcula, que casi no hay espacio para m\u00e1s peque\u00f1itos.<\/p>\n<p><strong>AJUSTES FINALES<\/strong><br \/>\nEn todas las escuelas visitadas hubo ayer reuniones finales para ajustar los roles de trabajo, ya que los chicos llegan y deber\u00e1n ser orientados a fin de que el lunes ya est\u00e9n tambi\u00e9n informados de sus correspondientes salas y profesores. Tambi\u00e9n nos encontramos con escuelas pintadas; proyectos nuevos y muchas cosas nuevas que beneficiar\u00e1n al estudiantado, adem\u00e1s de todas las ganas de trabajar hombro a hombro porque nuestros peque\u00f1itos lleguen a sacar el mejor de los provechos a las clases para ellos preparadas.<br \/>\n\u00abEste jueves (hoy) visitar\u00e9 las escuelas que me sea posible, hay mucha euforia en todo el personal docentes de nuestras 24 escuelas, se respiran ganas de trabajar y yo lo que puedo decir, es que el martes 8 en la Escuela El Almendral estaremos iniciando oficialmente nuestro a\u00f1o lectivo 2016, tambi\u00e9n estamos programando la fecha para inaugurar de igual manera el a\u00f1o lectivo pero de nuestros ocho jardines infantiles v\u00eda VTF, que son como 500 ni\u00f1os, ojala que logremos superar nuestro puntaje Simce en muchas escuelas\u00bb, inform\u00f3 a Diario El Trabajo el director de la Daem, Iv\u00e1n Silva.<br \/>\nAs\u00ed las cosas, podemos indicar que \u2018la mesa est\u00e1 servida\u2019, los miles de alumnos s\u00f3lo tienen que rendir su mejor esfuerzo; superar los retos que llegar\u00e1n, y aprovechar de manera positiva el tiempo en clases.<br \/>\n<strong>Roberto Gonz\u00e1lez Short<\/strong><br \/>\n<strong>rgonzalez@eltrabajo.cl<\/strong><\/p>\n<div class=\"tiled-gallery type-rectangular tiled-gallery-unresized\" data-original-width=\"640\" data-carousel-extra='null' itemscope itemtype=\"http:\/\/schema.org\/ImageGallery\" > <div class=\"gallery-row\" style=\"width: 640px; height: 283px;\" data-original-width=\"640\" data-original-height=\"283\" > <div class=\"gallery-group images-1\" style=\"width: 427px; height: 283px;\" data-original-width=\"427\" data-original-height=\"283\" > <div class=\"tiled-gallery-item tiled-gallery-item-large\" itemprop=\"associatedMedia\" itemscope itemtype=\"http:\/\/schema.org\/ImageObject\"> <a href=\"https:\/\/eltrabajo.cl\/portal\/mas-de-6-500-alumnos-se-reintegraron-hoy-a-clases-en-san-felipe\/algarrobal1-2\/\" border=\"0\" itemprop=\"url\"> <meta itemprop=\"width\" content=\"423\"> <meta itemprop=\"height\" content=\"279\"> <img decoding=\"async\" class=\"\" data-attachment-id=\"67408\" data-orig-file=\"https:\/\/eltrabajo.cl\/portal\/wp-content\/uploads\/2016\/03\/Algarrobal1.jpg\" data-orig-size=\"530,350\" data-comments-opened=\"1\" data-image-meta=\"{&quot;aperture&quot;:&quot;0&quot;,&quot;credit&quot;:&quot;&quot;,&quot;camera&quot;:&quot;&quot;,&quot;caption&quot;:&quot;&quot;,&quot;created_timestamp&quot;:&quot;0&quot;,&quot;copyright&quot;:&quot;&quot;,&quot;focal_length&quot;:&quot;0&quot;,&quot;iso&quot;:&quot;0&quot;,&quot;shutter_speed&quot;:&quot;0&quot;,&quot;title&quot;:&quot;&quot;,&quot;orientation&quot;:&quot;0&quot;}\" data-image-title=\"PROFES MOTIVADOS.- Como lo muestra esta gr\u00e1fica, en la Escuela Heriberto Berm\u00fadez de El Algarrobal, el entusiasmo est\u00e1 al tope.\" data-image-description=\"&lt;p&gt;PROFES MOTIVADOS.- Como lo muestra esta gr\u00e1fica, en la Escuela Heriberto Berm\u00fadez de El Algarrobal, el entusiasmo est\u00e1 al tope.&lt;\/p&gt; \" data-medium-file=\"https:\/\/i0.wp.com\/eltrabajo.cl\/portal\/wp-content\/uploads\/2016\/03\/Algarrobal1.jpg?fit=300%2C198&#038;ssl=1\" data-large-file=\"https:\/\/i0.wp.com\/eltrabajo.cl\/portal\/wp-content\/uploads\/2016\/03\/Algarrobal1.jpg?fit=530%2C350&#038;ssl=1\" src=\"https:\/\/i0.wp.com\/eltrabajo.cl\/portal\/wp-content\/uploads\/2016\/03\/Algarrobal1.jpg?w=423&#038;h=279&#038;ssl=1\" srcset=\"https:\/\/i0.wp.com\/eltrabajo.cl\/portal\/wp-content\/uploads\/2016\/03\/Algarrobal1.jpg?w=530&amp;ssl=1 530w, https:\/\/i0.wp.com\/eltrabajo.cl\/portal\/wp-content\/uploads\/2016\/03\/Algarrobal1.jpg?resize=200%2C132&amp;ssl=1 200w, https:\/\/i0.wp.com\/eltrabajo.cl\/portal\/wp-content\/uploads\/2016\/03\/Algarrobal1.jpg?resize=300%2C198&amp;ssl=1 300w, https:\/\/i0.wp.com\/eltrabajo.cl\/portal\/wp-content\/uploads\/2016\/03\/Algarrobal1.jpg?resize=227%2C150&amp;ssl=1 227w, https:\/\/i0.wp.com\/eltrabajo.cl\/portal\/wp-content\/uploads\/2016\/03\/Algarrobal1.jpg?resize=400%2C264&amp;ssl=1 400w\" width=\"423\" height=\"279\" loading=\"lazy\" data-original-width=\"423\" data-original-height=\"279\" itemprop=\"http:\/\/schema.org\/image\" title=\"PROFES MOTIVADOS.- Como lo muestra esta gr\u00e1fica, en la Escuela Heriberto Berm\u00fadez de El Algarrobal, el entusiasmo est\u00e1 al tope.\" alt=\"PROFES MOTIVADOS.- Como lo muestra esta gr\u00e1fica, en la Escuela Heriberto Berm\u00fadez de El Algarrobal, el entusiasmo est\u00e1 al tope.\" style=\"width: 423px; height: 279px;\" \/> <\/a> <div class=\"tiled-gallery-caption\" itemprop=\"caption description\"> PROFES MOTIVADOS.- Como lo muestra esta gr\u00e1fica, en la Escuela Heriberto Berm\u00fadez de El Algarrobal, el entusiasmo est\u00e1 al tope. <\/div> <\/div> <\/div> <!-- close group --> <div class=\"gallery-group images-2\" style=\"width: 213px; height: 283px;\" data-original-width=\"213\" data-original-height=\"283\" > <div class=\"tiled-gallery-item tiled-gallery-item-small\" itemprop=\"associatedMedia\" itemscope itemtype=\"http:\/\/schema.org\/ImageObject\"> <a href=\"https:\/\/eltrabajo.cl\/portal\/mas-de-6-500-alumnos-se-reintegraron-hoy-a-clases-en-san-felipe\/argentina1-2\/\" border=\"0\" itemprop=\"url\"> <meta itemprop=\"width\" content=\"209\"> <meta itemprop=\"height\" content=\"138\"> <img decoding=\"async\" class=\"\" data-attachment-id=\"67409\" data-orig-file=\"https:\/\/eltrabajo.cl\/portal\/wp-content\/uploads\/2016\/03\/Argentina1.jpg\" data-orig-size=\"530,350\" data-comments-opened=\"1\" data-image-meta=\"{&quot;aperture&quot;:&quot;0&quot;,&quot;credit&quot;:&quot;&quot;,&quot;camera&quot;:&quot;&quot;,&quot;caption&quot;:&quot;&quot;,&quot;created_timestamp&quot;:&quot;0&quot;,&quot;copyright&quot;:&quot;&quot;,&quot;focal_length&quot;:&quot;0&quot;,&quot;iso&quot;:&quot;0&quot;,&quot;shutter_speed&quot;:&quot;0&quot;,&quot;title&quot;:&quot;&quot;,&quot;orientation&quot;:&quot;0&quot;}\" data-image-title=\"MUCHAS SORPRESAS.- La Escuela Rep\u00fablica Argentina, de El Tambo, tiene muchas sorpresas preparadas para sus alumnos este a\u00f1o.\" data-image-description=\"&lt;p&gt;MUCHAS SORPRESAS.- La Escuela Rep\u00fablica Argentina, de El Tambo, tiene muchas sorpresas preparadas para sus alumnos este a\u00f1o.&lt;\/p&gt; \" data-medium-file=\"https:\/\/i0.wp.com\/eltrabajo.cl\/portal\/wp-content\/uploads\/2016\/03\/Argentina1.jpg?fit=300%2C198&#038;ssl=1\" data-large-file=\"https:\/\/i0.wp.com\/eltrabajo.cl\/portal\/wp-content\/uploads\/2016\/03\/Argentina1.jpg?fit=530%2C350&#038;ssl=1\" src=\"https:\/\/i0.wp.com\/eltrabajo.cl\/portal\/wp-content\/uploads\/2016\/03\/Argentina1.jpg?w=209&#038;h=138&#038;ssl=1\" srcset=\"https:\/\/i0.wp.com\/eltrabajo.cl\/portal\/wp-content\/uploads\/2016\/03\/Argentina1.jpg?w=530&amp;ssl=1 530w, https:\/\/i0.wp.com\/eltrabajo.cl\/portal\/wp-content\/uploads\/2016\/03\/Argentina1.jpg?resize=200%2C132&amp;ssl=1 200w, https:\/\/i0.wp.com\/eltrabajo.cl\/portal\/wp-content\/uploads\/2016\/03\/Argentina1.jpg?resize=300%2C198&amp;ssl=1 300w, https:\/\/i0.wp.com\/eltrabajo.cl\/portal\/wp-content\/uploads\/2016\/03\/Argentina1.jpg?resize=227%2C150&amp;ssl=1 227w, https:\/\/i0.wp.com\/eltrabajo.cl\/portal\/wp-content\/uploads\/2016\/03\/Argentina1.jpg?resize=400%2C264&amp;ssl=1 400w\" width=\"209\" height=\"138\" loading=\"lazy\" data-original-width=\"209\" data-original-height=\"138\" itemprop=\"http:\/\/schema.org\/image\" title=\"MUCHAS SORPRESAS.- La Escuela Rep\u00fablica Argentina, de El Tambo, tiene muchas sorpresas preparadas para sus alumnos este a\u00f1o.\" alt=\"MUCHAS SORPRESAS.- La Escuela Rep\u00fablica Argentina, de El Tambo, tiene muchas sorpresas preparadas para sus alumnos este a\u00f1o.\" style=\"width: 209px; height: 138px;\" \/> <\/a> <div class=\"tiled-gallery-caption\" itemprop=\"caption description\"> MUCHAS SORPRESAS.- La Escuela Rep\u00fablica Argentina, de El Tambo, tiene muchas sorpresas preparadas para sus alumnos este a\u00f1o. <\/div> <\/div> <div class=\"tiled-gallery-item tiled-gallery-item-small\" itemprop=\"associatedMedia\" itemscope itemtype=\"http:\/\/schema.org\/ImageObject\"> <a href=\"https:\/\/eltrabajo.cl\/portal\/mas-de-6-500-alumnos-se-reintegraron-hoy-a-clases-en-san-felipe\/asiento1-11\/\" border=\"0\" itemprop=\"url\"> <meta itemprop=\"width\" content=\"209\"> <meta itemprop=\"height\" content=\"137\"> <img decoding=\"async\" class=\"\" data-attachment-id=\"67410\" data-orig-file=\"https:\/\/eltrabajo.cl\/portal\/wp-content\/uploads\/2016\/03\/Asiento1.jpg\" data-orig-size=\"530,349\" data-comments-opened=\"1\" data-image-meta=\"{&quot;aperture&quot;:&quot;0&quot;,&quot;credit&quot;:&quot;&quot;,&quot;camera&quot;:&quot;&quot;,&quot;caption&quot;:&quot;&quot;,&quot;created_timestamp&quot;:&quot;0&quot;,&quot;copyright&quot;:&quot;&quot;,&quot;focal_length&quot;:&quot;0&quot;,&quot;iso&quot;:&quot;0&quot;,&quot;shutter_speed&quot;:&quot;0&quot;,&quot;title&quot;:&quot;&quot;,&quot;orientation&quot;:&quot;0&quot;}\" data-image-title=\"HOY ES EL D\u00cdA.- Tambi\u00e9n en la Escuela Jos\u00e9 Bernardo Su\u00e1rez de El Asiento, las ganas de los profesores por recibir a sus estudiantes se refleja en esta foto.\" data-image-description=\"&lt;p&gt;HOY ES EL D\u00cdA.- Tambi\u00e9n en la Escuela Jos\u00e9 Bernardo Su\u00e1rez de El Asiento, las ganas de los profesores por recibir a sus estudiantes se refleja en esta foto.&lt;\/p&gt; \" data-medium-file=\"https:\/\/i0.wp.com\/eltrabajo.cl\/portal\/wp-content\/uploads\/2016\/03\/Asiento1.jpg?fit=300%2C198&#038;ssl=1\" data-large-file=\"https:\/\/i0.wp.com\/eltrabajo.cl\/portal\/wp-content\/uploads\/2016\/03\/Asiento1.jpg?fit=530%2C349&#038;ssl=1\" src=\"https:\/\/i0.wp.com\/eltrabajo.cl\/portal\/wp-content\/uploads\/2016\/03\/Asiento1.jpg?w=209&#038;h=137&#038;ssl=1\" srcset=\"https:\/\/i0.wp.com\/eltrabajo.cl\/portal\/wp-content\/uploads\/2016\/03\/Asiento1.jpg?w=530&amp;ssl=1 530w, https:\/\/i0.wp.com\/eltrabajo.cl\/portal\/wp-content\/uploads\/2016\/03\/Asiento1.jpg?resize=200%2C132&amp;ssl=1 200w, https:\/\/i0.wp.com\/eltrabajo.cl\/portal\/wp-content\/uploads\/2016\/03\/Asiento1.jpg?resize=300%2C198&amp;ssl=1 300w, https:\/\/i0.wp.com\/eltrabajo.cl\/portal\/wp-content\/uploads\/2016\/03\/Asiento1.jpg?resize=228%2C150&amp;ssl=1 228w, https:\/\/i0.wp.com\/eltrabajo.cl\/portal\/wp-content\/uploads\/2016\/03\/Asiento1.jpg?resize=400%2C263&amp;ssl=1 400w\" width=\"209\" height=\"137\" loading=\"lazy\" data-original-width=\"209\" data-original-height=\"137\" itemprop=\"http:\/\/schema.org\/image\" title=\"HOY ES EL D\u00cdA.- Tambi\u00e9n en la Escuela Jos\u00e9 Bernardo Su\u00e1rez de El Asiento, las ganas de los profesores por recibir a sus estudiantes se refleja en esta foto.\" alt=\"HOY ES EL D\u00cdA.- Tambi\u00e9n en la Escuela Jos\u00e9 Bernardo Su\u00e1rez de El Asiento, las ganas de los profesores por recibir a sus estudiantes se refleja en esta foto.\" style=\"width: 209px; height: 137px;\" \/> <\/a> <div class=\"tiled-gallery-caption\" itemprop=\"caption description\"> HOY ES EL D\u00cdA.- Tambi\u00e9n en la Escuela Jos\u00e9 Bernardo Su\u00e1rez de El Asiento, las ganas de los profesores por recibir a sus estudiantes se refleja en esta foto. <\/div> <\/div> <\/div> <!-- close group --> <\/div> <!-- close row --> <div class=\"gallery-row\" style=\"width: 640px; height: 142px;\" data-original-width=\"640\" data-original-height=\"142\" > <div class=\"gallery-group images-1\" style=\"width: 214px; height: 142px;\" data-original-width=\"214\" data-original-height=\"142\" > <div class=\"tiled-gallery-item tiled-gallery-item-small\" itemprop=\"associatedMedia\" itemscope itemtype=\"http:\/\/schema.org\/ImageObject\"> <a href=\"https:\/\/eltrabajo.cl\/portal\/mas-de-6-500-alumnos-se-reintegraron-hoy-a-clases-en-san-felipe\/bellavista1-2\/\" border=\"0\" itemprop=\"url\"> <meta itemprop=\"width\" content=\"210\"> <meta itemprop=\"height\" content=\"138\"> <img decoding=\"async\" class=\"\" data-attachment-id=\"67411\" data-orig-file=\"https:\/\/eltrabajo.cl\/portal\/wp-content\/uploads\/2016\/03\/Bellavista1.jpg\" data-orig-size=\"530,349\" data-comments-opened=\"1\" data-image-meta=\"{&quot;aperture&quot;:&quot;0&quot;,&quot;credit&quot;:&quot;&quot;,&quot;camera&quot;:&quot;&quot;,&quot;caption&quot;:&quot;&quot;,&quot;created_timestamp&quot;:&quot;0&quot;,&quot;copyright&quot;:&quot;&quot;,&quot;focal_length&quot;:&quot;0&quot;,&quot;iso&quot;:&quot;0&quot;,&quot;shutter_speed&quot;:&quot;0&quot;,&quot;title&quot;:&quot;&quot;,&quot;orientation&quot;:&quot;0&quot;}\" data-image-title=\"PROFES DE BELLAVISTA.- Los profesores de la Escuela Carolina Ocampo de Bellavista, posaron ayer para las c\u00e1maras de Diario El Trabajo.\" data-image-description=\"&lt;p&gt;PROFES DE BELLAVISTA.- Los profesores de la Escuela Carolina Ocampo de Bellavista, posaron ayer para las c\u00e1maras de Diario El Trabajo.&lt;\/p&gt; \" data-medium-file=\"https:\/\/i0.wp.com\/eltrabajo.cl\/portal\/wp-content\/uploads\/2016\/03\/Bellavista1.jpg?fit=300%2C198&#038;ssl=1\" data-large-file=\"https:\/\/i0.wp.com\/eltrabajo.cl\/portal\/wp-content\/uploads\/2016\/03\/Bellavista1.jpg?fit=530%2C349&#038;ssl=1\" src=\"https:\/\/i0.wp.com\/eltrabajo.cl\/portal\/wp-content\/uploads\/2016\/03\/Bellavista1.jpg?w=210&#038;h=138&#038;ssl=1\" srcset=\"https:\/\/i0.wp.com\/eltrabajo.cl\/portal\/wp-content\/uploads\/2016\/03\/Bellavista1.jpg?w=530&amp;ssl=1 530w, https:\/\/i0.wp.com\/eltrabajo.cl\/portal\/wp-content\/uploads\/2016\/03\/Bellavista1.jpg?resize=200%2C132&amp;ssl=1 200w, https:\/\/i0.wp.com\/eltrabajo.cl\/portal\/wp-content\/uploads\/2016\/03\/Bellavista1.jpg?resize=300%2C198&amp;ssl=1 300w, https:\/\/i0.wp.com\/eltrabajo.cl\/portal\/wp-content\/uploads\/2016\/03\/Bellavista1.jpg?resize=228%2C150&amp;ssl=1 228w, https:\/\/i0.wp.com\/eltrabajo.cl\/portal\/wp-content\/uploads\/2016\/03\/Bellavista1.jpg?resize=400%2C263&amp;ssl=1 400w\" width=\"210\" height=\"138\" loading=\"lazy\" data-original-width=\"210\" data-original-height=\"138\" itemprop=\"http:\/\/schema.org\/image\" title=\"PROFES DE BELLAVISTA.- Los profesores de la Escuela Carolina Ocampo de Bellavista, posaron ayer para las c\u00e1maras de Diario El Trabajo.\" alt=\"PROFES DE BELLAVISTA.- Los profesores de la Escuela Carolina Ocampo de Bellavista, posaron ayer para las c\u00e1maras de Diario El Trabajo.\" style=\"width: 210px; height: 138px;\" \/> <\/a> <div class=\"tiled-gallery-caption\" itemprop=\"caption description\"> PROFES DE BELLAVISTA.- Los profesores de la Escuela Carolina Ocampo de Bellavista, posaron ayer para las c\u00e1maras de Diario El Trabajo. <\/div> <\/div> <\/div> <!-- close group --> <div class=\"gallery-group images-1\" style=\"width: 213px; height: 142px;\" data-original-width=\"213\" data-original-height=\"142\" > <div class=\"tiled-gallery-item tiled-gallery-item-small\" itemprop=\"associatedMedia\" itemscope itemtype=\"http:\/\/schema.org\/ImageObject\"> <a href=\"https:\/\/eltrabajo.cl\/portal\/mas-de-6-500-alumnos-se-reintegraron-hoy-a-clases-en-san-felipe\/daem33\/\" border=\"0\" itemprop=\"url\"> <meta itemprop=\"width\" content=\"209\"> <meta itemprop=\"height\" content=\"138\"> <img decoding=\"async\" class=\"\" data-attachment-id=\"67412\" data-orig-file=\"https:\/\/eltrabajo.cl\/portal\/wp-content\/uploads\/2016\/03\/Daem33.jpg\" data-orig-size=\"530,350\" data-comments-opened=\"1\" data-image-meta=\"{&quot;aperture&quot;:&quot;0&quot;,&quot;credit&quot;:&quot;&quot;,&quot;camera&quot;:&quot;&quot;,&quot;caption&quot;:&quot;&quot;,&quot;created_timestamp&quot;:&quot;0&quot;,&quot;copyright&quot;:&quot;&quot;,&quot;focal_length&quot;:&quot;0&quot;,&quot;iso&quot;:&quot;0&quot;,&quot;shutter_speed&quot;:&quot;0&quot;,&quot;title&quot;:&quot;&quot;,&quot;orientation&quot;:&quot;0&quot;}\" data-image-title=\"TRABAJO DE EQUIPO.- En las oficinas de la Daem tambi\u00e9n reina el deseo de trabajar con muchas ganas a favor de la educaci\u00f3n de nuestra ni\u00f1ez y juventud sanfelipe\u00f1a.\" data-image-description=\"&lt;p&gt;TRABAJO DE EQUIPO.- En las oficinas de la Daem tambi\u00e9n reina el deseo de trabajar con muchas ganas a favor de la educaci\u00f3n de nuestra ni\u00f1ez y juventud sanfelipe\u00f1a.&lt;\/p&gt; \" data-medium-file=\"https:\/\/i0.wp.com\/eltrabajo.cl\/portal\/wp-content\/uploads\/2016\/03\/Daem33.jpg?fit=300%2C198&#038;ssl=1\" data-large-file=\"https:\/\/i0.wp.com\/eltrabajo.cl\/portal\/wp-content\/uploads\/2016\/03\/Daem33.jpg?fit=530%2C350&#038;ssl=1\" src=\"https:\/\/i0.wp.com\/eltrabajo.cl\/portal\/wp-content\/uploads\/2016\/03\/Daem33.jpg?w=209&#038;h=138&#038;ssl=1\" srcset=\"https:\/\/i0.wp.com\/eltrabajo.cl\/portal\/wp-content\/uploads\/2016\/03\/Daem33.jpg?w=530&amp;ssl=1 530w, https:\/\/i0.wp.com\/eltrabajo.cl\/portal\/wp-content\/uploads\/2016\/03\/Daem33.jpg?resize=200%2C132&amp;ssl=1 200w, https:\/\/i0.wp.com\/eltrabajo.cl\/portal\/wp-content\/uploads\/2016\/03\/Daem33.jpg?resize=300%2C198&amp;ssl=1 300w, https:\/\/i0.wp.com\/eltrabajo.cl\/portal\/wp-content\/uploads\/2016\/03\/Daem33.jpg?resize=227%2C150&amp;ssl=1 227w, https:\/\/i0.wp.com\/eltrabajo.cl\/portal\/wp-content\/uploads\/2016\/03\/Daem33.jpg?resize=400%2C264&amp;ssl=1 400w\" width=\"209\" height=\"138\" loading=\"lazy\" data-original-width=\"209\" data-original-height=\"138\" itemprop=\"http:\/\/schema.org\/image\" title=\"TRABAJO DE EQUIPO.- En las oficinas de la Daem tambi\u00e9n reina el deseo de trabajar con muchas ganas a favor de la educaci\u00f3n de nuestra ni\u00f1ez y juventud sanfelipe\u00f1a.\" alt=\"TRABAJO DE EQUIPO.- En las oficinas de la Daem tambi\u00e9n reina el deseo de trabajar con muchas ganas a favor de la educaci\u00f3n de nuestra ni\u00f1ez y juventud sanfelipe\u00f1a.\" style=\"width: 209px; height: 138px;\" \/> <\/a> <div class=\"tiled-gallery-caption\" itemprop=\"caption description\"> TRABAJO DE EQUIPO.- En las oficinas de la Daem tambi\u00e9n reina el deseo de trabajar con muchas ganas a favor de la educaci\u00f3n de nuestra ni\u00f1ez y juventud sanfelipe\u00f1a. <\/div> <\/div> <\/div> <!-- close group --> <div class=\"gallery-group images-1\" style=\"width: 213px; height: 142px;\" data-original-width=\"213\" data-original-height=\"142\" > <div class=\"tiled-gallery-item tiled-gallery-item-small\" itemprop=\"associatedMedia\" itemscope itemtype=\"http:\/\/schema.org\/ImageObject\"> <a href=\"https:\/\/eltrabajo.cl\/portal\/mas-de-6-500-alumnos-se-reintegraron-hoy-a-clases-en-san-felipe\/jfk33\/\" border=\"0\" itemprop=\"url\"> <meta itemprop=\"width\" content=\"209\"> <meta itemprop=\"height\" content=\"138\"> <img decoding=\"async\" class=\"\" data-attachment-id=\"67413\" data-orig-file=\"https:\/\/eltrabajo.cl\/portal\/wp-content\/uploads\/2016\/03\/JFK33.jpg\" data-orig-size=\"530,349\" data-comments-opened=\"1\" data-image-meta=\"{&quot;aperture&quot;:&quot;0&quot;,&quot;credit&quot;:&quot;&quot;,&quot;camera&quot;:&quot;&quot;,&quot;caption&quot;:&quot;&quot;,&quot;created_timestamp&quot;:&quot;0&quot;,&quot;copyright&quot;:&quot;&quot;,&quot;focal_length&quot;:&quot;0&quot;,&quot;iso&quot;:&quot;0&quot;,&quot;shutter_speed&quot;:&quot;0&quot;,&quot;title&quot;:&quot;&quot;,&quot;orientation&quot;:&quot;0&quot;}\" data-image-title=\"ALEGR\u00cdA TOTAL.- As\u00ed de contentos est\u00e1n estos profesores, pues saben que a partir de hoy jueves cientos de alumnos llegar\u00e1n para aprender de ellos.\" data-image-description=\"&lt;p&gt;ALEGR\u00cdA TOTAL.- As\u00ed de contentos est\u00e1n estos profesores, pues saben que a partir de hoy jueves cientos de alumnos llegar\u00e1n para aprender de ellos.&lt;\/p&gt; \" data-medium-file=\"https:\/\/i0.wp.com\/eltrabajo.cl\/portal\/wp-content\/uploads\/2016\/03\/JFK33.jpg?fit=300%2C198&#038;ssl=1\" data-large-file=\"https:\/\/i0.wp.com\/eltrabajo.cl\/portal\/wp-content\/uploads\/2016\/03\/JFK33.jpg?fit=530%2C349&#038;ssl=1\" src=\"https:\/\/i0.wp.com\/eltrabajo.cl\/portal\/wp-content\/uploads\/2016\/03\/JFK33.jpg?w=209&#038;h=138&#038;ssl=1\" srcset=\"https:\/\/i0.wp.com\/eltrabajo.cl\/portal\/wp-content\/uploads\/2016\/03\/JFK33.jpg?w=530&amp;ssl=1 530w, https:\/\/i0.wp.com\/eltrabajo.cl\/portal\/wp-content\/uploads\/2016\/03\/JFK33.jpg?resize=200%2C132&amp;ssl=1 200w, https:\/\/i0.wp.com\/eltrabajo.cl\/portal\/wp-content\/uploads\/2016\/03\/JFK33.jpg?resize=300%2C198&amp;ssl=1 300w, https:\/\/i0.wp.com\/eltrabajo.cl\/portal\/wp-content\/uploads\/2016\/03\/JFK33.jpg?resize=228%2C150&amp;ssl=1 228w, https:\/\/i0.wp.com\/eltrabajo.cl\/portal\/wp-content\/uploads\/2016\/03\/JFK33.jpg?resize=400%2C263&amp;ssl=1 400w\" width=\"209\" height=\"138\" loading=\"lazy\" data-original-width=\"209\" data-original-height=\"138\" itemprop=\"http:\/\/schema.org\/image\" title=\"ALEGR\u00cdA TOTAL.- As\u00ed de contentos est\u00e1n estos profesores, pues saben que a partir de hoy jueves cientos de alumnos llegar\u00e1n para aprender de ellos.\" alt=\"ALEGR\u00cdA TOTAL.- As\u00ed de contentos est\u00e1n estos profesores, pues saben que a partir de hoy jueves cientos de alumnos llegar\u00e1n para aprender de ellos.\" style=\"width: 209px; height: 138px;\" \/> <\/a> <div class=\"tiled-gallery-caption\" itemprop=\"caption description\"> ALEGR\u00cdA TOTAL.- As\u00ed de contentos est\u00e1n estos profesores, pues saben que a partir de hoy jueves cientos de alumnos llegar\u00e1n para aprender de ellos. <\/div> <\/div> <\/div> <!-- close group --> <\/div> <!-- close row --> <div class=\"gallery-row\" style=\"width: 640px; height: 212px;\" data-original-width=\"640\" data-original-height=\"212\" > <div class=\"gallery-group images-1\" style=\"width: 320px; height: 212px;\" data-original-width=\"320\" data-original-height=\"212\" > <div class=\"tiled-gallery-item tiled-gallery-item-large\" itemprop=\"associatedMedia\" itemscope itemtype=\"http:\/\/schema.org\/ImageObject\"> <a href=\"https:\/\/eltrabajo.cl\/portal\/mas-de-6-500-alumnos-se-reintegraron-hoy-a-clases-en-san-felipe\/mayo21\/\" border=\"0\" itemprop=\"url\"> <meta itemprop=\"width\" content=\"316\"> <meta itemprop=\"height\" content=\"208\"> <img decoding=\"async\" class=\"\" data-attachment-id=\"67414\" data-orig-file=\"https:\/\/eltrabajo.cl\/portal\/wp-content\/uploads\/2016\/03\/Mayo21.jpg\" data-orig-size=\"530,349\" data-comments-opened=\"1\" data-image-meta=\"{&quot;aperture&quot;:&quot;0&quot;,&quot;credit&quot;:&quot;&quot;,&quot;camera&quot;:&quot;&quot;,&quot;caption&quot;:&quot;&quot;,&quot;created_timestamp&quot;:&quot;0&quot;,&quot;copyright&quot;:&quot;&quot;,&quot;focal_length&quot;:&quot;0&quot;,&quot;iso&quot;:&quot;0&quot;,&quot;shutter_speed&quot;:&quot;0&quot;,&quot;title&quot;:&quot;&quot;,&quot;orientation&quot;:&quot;0&quot;}\" data-image-title=\"LA 21 DE MAYO.- Diario El Trabajo tambi\u00e9n visit\u00f3 la Escuela 21 de Mayo, en donde hoy arranca tambi\u00e9n con muchas ganas, esta nueva aventura escolar 2016.\" data-image-description=\"&lt;p&gt;LA 21 DE MAYO.- Diario El Trabajo tambi\u00e9n visit\u00f3 la Escuela 21 de Mayo, en donde hoy arranca tambi\u00e9n con muchas ganas, esta nueva aventura escolar 2016.&lt;\/p&gt; \" data-medium-file=\"https:\/\/i0.wp.com\/eltrabajo.cl\/portal\/wp-content\/uploads\/2016\/03\/Mayo21.jpg?fit=300%2C198&#038;ssl=1\" data-large-file=\"https:\/\/i0.wp.com\/eltrabajo.cl\/portal\/wp-content\/uploads\/2016\/03\/Mayo21.jpg?fit=530%2C349&#038;ssl=1\" src=\"https:\/\/i0.wp.com\/eltrabajo.cl\/portal\/wp-content\/uploads\/2016\/03\/Mayo21.jpg?w=316&#038;h=208&#038;ssl=1\" srcset=\"https:\/\/i0.wp.com\/eltrabajo.cl\/portal\/wp-content\/uploads\/2016\/03\/Mayo21.jpg?w=530&amp;ssl=1 530w, https:\/\/i0.wp.com\/eltrabajo.cl\/portal\/wp-content\/uploads\/2016\/03\/Mayo21.jpg?resize=200%2C132&amp;ssl=1 200w, https:\/\/i0.wp.com\/eltrabajo.cl\/portal\/wp-content\/uploads\/2016\/03\/Mayo21.jpg?resize=300%2C198&amp;ssl=1 300w, https:\/\/i0.wp.com\/eltrabajo.cl\/portal\/wp-content\/uploads\/2016\/03\/Mayo21.jpg?resize=228%2C150&amp;ssl=1 228w, https:\/\/i0.wp.com\/eltrabajo.cl\/portal\/wp-content\/uploads\/2016\/03\/Mayo21.jpg?resize=400%2C263&amp;ssl=1 400w\" width=\"316\" height=\"208\" loading=\"lazy\" data-original-width=\"316\" data-original-height=\"208\" itemprop=\"http:\/\/schema.org\/image\" title=\"LA 21 DE MAYO.- Diario El Trabajo tambi\u00e9n visit\u00f3 la Escuela 21 de Mayo, en donde hoy arranca tambi\u00e9n con muchas ganas, esta nueva aventura escolar 2016.\" alt=\"LA 21 DE MAYO.- Diario El Trabajo tambi\u00e9n visit\u00f3 la Escuela 21 de Mayo, en donde hoy arranca tambi\u00e9n con muchas ganas, esta nueva aventura escolar 2016.\" style=\"width: 316px; height: 208px;\" \/> <\/a> <div class=\"tiled-gallery-caption\" itemprop=\"caption description\"> LA 21 DE MAYO.- Diario El Trabajo tambi\u00e9n visit\u00f3 la Escuela 21 de Mayo, en donde hoy arranca tambi\u00e9n con muchas ganas, esta nueva aventura escolar 2016. <\/div> <\/div> <\/div> <!-- close group --> <div class=\"gallery-group images-1\" style=\"width: 320px; height: 212px;\" data-original-width=\"320\" data-original-height=\"212\" > <div class=\"tiled-gallery-item tiled-gallery-item-large\" itemprop=\"associatedMedia\" itemscope itemtype=\"http:\/\/schema.org\/ImageObject\"> <a href=\"https:\/\/eltrabajo.cl\/portal\/mas-de-6-500-alumnos-se-reintegraron-hoy-a-clases-en-san-felipe\/sanmartin1\/\" border=\"0\" itemprop=\"url\"> <meta itemprop=\"width\" content=\"316\"> <meta itemprop=\"height\" content=\"208\"> <img decoding=\"async\" class=\"\" data-attachment-id=\"67415\" data-orig-file=\"https:\/\/eltrabajo.cl\/portal\/wp-content\/uploads\/2016\/03\/SanMartin1.jpg\" data-orig-size=\"530,350\" data-comments-opened=\"1\" data-image-meta=\"{&quot;aperture&quot;:&quot;0&quot;,&quot;credit&quot;:&quot;&quot;,&quot;camera&quot;:&quot;&quot;,&quot;caption&quot;:&quot;&quot;,&quot;created_timestamp&quot;:&quot;0&quot;,&quot;copyright&quot;:&quot;&quot;,&quot;focal_length&quot;:&quot;0&quot;,&quot;iso&quot;:&quot;0&quot;,&quot;shutter_speed&quot;:&quot;0&quot;,&quot;title&quot;:&quot;&quot;,&quot;orientation&quot;:&quot;0&quot;}\" data-image-title=\"Y FALTAN M\u00c1S.- La Escuela Jos\u00e9 de San Mart\u00edn, en el centro de nuestra ciudad, parece un hormiguero de profesores, todos ellos con gran vocaci\u00f3n para la ense\u00f1anza.\" data-image-description=\"\" data-medium-file=\"https:\/\/i0.wp.com\/eltrabajo.cl\/portal\/wp-content\/uploads\/2016\/03\/SanMartin1.jpg?fit=300%2C198&#038;ssl=1\" data-large-file=\"https:\/\/i0.wp.com\/eltrabajo.cl\/portal\/wp-content\/uploads\/2016\/03\/SanMartin1.jpg?fit=530%2C350&#038;ssl=1\" src=\"https:\/\/i0.wp.com\/eltrabajo.cl\/portal\/wp-content\/uploads\/2016\/03\/SanMartin1.jpg?w=316&#038;h=208&#038;ssl=1\" srcset=\"https:\/\/i0.wp.com\/eltrabajo.cl\/portal\/wp-content\/uploads\/2016\/03\/SanMartin1.jpg?w=530&amp;ssl=1 530w, https:\/\/i0.wp.com\/eltrabajo.cl\/portal\/wp-content\/uploads\/2016\/03\/SanMartin1.jpg?resize=200%2C132&amp;ssl=1 200w, https:\/\/i0.wp.com\/eltrabajo.cl\/portal\/wp-content\/uploads\/2016\/03\/SanMartin1.jpg?resize=300%2C198&amp;ssl=1 300w, https:\/\/i0.wp.com\/eltrabajo.cl\/portal\/wp-content\/uploads\/2016\/03\/SanMartin1.jpg?resize=227%2C150&amp;ssl=1 227w, https:\/\/i0.wp.com\/eltrabajo.cl\/portal\/wp-content\/uploads\/2016\/03\/SanMartin1.jpg?resize=400%2C264&amp;ssl=1 400w\" width=\"316\" height=\"208\" loading=\"lazy\" data-original-width=\"316\" data-original-height=\"208\" itemprop=\"http:\/\/schema.org\/image\" title=\"Y FALTAN M\u00c1S.- La Escuela Jos\u00e9 de San Mart\u00edn, en el centro de nuestra ciudad, parece un hormiguero de profesores, todos ellos con gran vocaci\u00f3n para la ense\u00f1anza.\" alt=\"Y FALTAN M\u00c1S.- La Escuela Jos\u00e9 de San Mart\u00edn, en el centro de nuestra ciudad, parece un hormiguero de profesores, todos ellos con gran vocaci\u00f3n para la ense\u00f1anza.\" style=\"width: 316px; height: 208px;\" \/> <\/a> <div class=\"tiled-gallery-caption\" itemprop=\"caption description\"> Y FALTAN M\u00c1S.- La Escuela Jos\u00e9 de San Mart\u00edn, en el centro de nuestra ciudad, parece un hormiguero de profesores, todos ellos con gran vocaci\u00f3n para la ense\u00f1anza. <\/div> <\/div> <\/div> <!-- close group --> <\/div> <!-- close row --> <\/div>\n","protected":false},"excerpt":{"rendered":"<p>Sobre 600 educadores sostienen la educaci\u00f3n municipalizada: Pareciera uno de esos reencuentros familiares, de esos que a veces vemos en televisi\u00f3n, en donde los protagonistas tiemblan de ansiedad por las ganas de&#8230;<\/p>\n","protected":false},"author":1,"featured_media":67408,"comment_status":"open","ping_status":"open","sticky":false,"template":"","format":"standard","meta":{"advanced_seo_description":"","jetpack_seo_html_title":"","jetpack_seo_noindex":false,"_jetpack_memberships_contains_paid_content":false,"footnotes":""},"categories":[15],"tags":[],"class_list":["post-67406","post","type-post","status-publish","format-standard","has-post-thumbnail","hentry","category-comunidad"],"jetpack_featured_media_url":"https:\/\/i0.wp.com\/eltrabajo.cl\/portal\/wp-content\/uploads\/2016\/03\/Algarrobal1.jpg?fit=530%2C350&ssl=1","jetpack_sharing_enabled":true,"jetpack_likes_enabled":true,"jetpack-related-posts":[],"_links":{"self":[{"href":"https:\/\/eltrabajo.cl\/portal\/wp-json\/wp\/v2\/posts\/67406","targetHints":{"allow":["GET"]}}],"collection":[{"href":"https:\/\/eltrabajo.cl\/portal\/wp-json\/wp\/v2\/posts"}],"about":[{"href":"https:\/\/eltrabajo.cl\/portal\/wp-json\/wp\/v2\/types\/post"}],"author":[{"embeddable":true,"href":"https:\/\/eltrabajo.cl\/portal\/wp-json\/wp\/v2\/users\/1"}],"replies":[{"embeddable":true,"href":"https:\/\/eltrabajo.cl\/portal\/wp-json\/wp\/v2\/comments?post=67406"}],"version-history":[{"count":0,"href":"https:\/\/eltrabajo.cl\/portal\/wp-json\/wp\/v2\/posts\/67406\/revisions"}],"wp:featuredmedia":[{"embeddable":true,"href":"https:\/\/eltrabajo.cl\/portal\/wp-json\/wp\/v2\/media\/67408"}],"wp:attachment":[{"href":"https:\/\/eltrabajo.cl\/portal\/wp-json\/wp\/v2\/media?parent=67406"}],"wp:term":[{"taxonomy":"category","embeddable":true,"href":"https:\/\/eltrabajo.cl\/portal\/wp-json\/wp\/v2\/categories?post=67406"},{"taxonomy":"post_tag","embeddable":true,"href":"https:\/\/eltrabajo.cl\/portal\/wp-json\/wp\/v2\/tags?post=67406"}],"curies":[{"name":"wp","href":"https:\/\/api.w.org\/{rel}","templated":true}]}}