{"id":67418,"date":"2016-03-03T10:37:29","date_gmt":"2016-03-03T13:37:29","guid":{"rendered":"http:\/\/www.eltrabajo.cl\/portal\/?p=67418"},"modified":"2016-03-03T10:37:29","modified_gmt":"2016-03-03T13:37:29","slug":"eximen-de-responsabilidad-a-chofer-que-atropello-a-anciano-en-traslavina","status":"publish","type":"post","link":"https:\/\/eltrabajo.cl\/portal\/eximen-de-responsabilidad-a-chofer-que-atropello-a-anciano-en-traslavina\/","title":{"rendered":"Eximen de responsabilidad a chofer que atropell\u00f3 a anciano en Traslavi\u00f1a"},"content":{"rendered":"<figure id=\"attachment_67421\" aria-describedby=\"caption-attachment-67421\" style=\"width: 530px\" class=\"wp-caption alignleft\"><a href=\"http:\/\/www.eltrabajo.cl\/portal\/eximen-de-responsabilidad-a-chofer-que-atropello-a-anciano-en-traslavina\/anciano-atropellado-elaconcagua-2\/\" rel=\"attachment wp-att-67421\"><img data-recalc-dims=\"1\" loading=\"lazy\" decoding=\"async\" class=\"size-full wp-image-67421\" src=\"https:\/\/i0.wp.com\/www.eltrabajo.cl\/portal\/wp-content\/uploads\/2016\/03\/anciano-atropellado-%40elaconcagua-1.jpg?resize=530%2C350\" alt=\"El adulto mayor de 78 a\u00f1os de edad falleci\u00f3 de manera instant\u00e1nea en calle Traslavi\u00f1a a eso de las 21 horas del pasado martes.\" width=\"530\" height=\"350\" srcset=\"https:\/\/i0.wp.com\/eltrabajo.cl\/portal\/wp-content\/uploads\/2016\/03\/anciano-atropellado-%40elaconcagua-1.jpg?w=530&amp;ssl=1 530w, https:\/\/i0.wp.com\/eltrabajo.cl\/portal\/wp-content\/uploads\/2016\/03\/anciano-atropellado-%40elaconcagua-1.jpg?resize=200%2C132&amp;ssl=1 200w, https:\/\/i0.wp.com\/eltrabajo.cl\/portal\/wp-content\/uploads\/2016\/03\/anciano-atropellado-%40elaconcagua-1.jpg?resize=300%2C198&amp;ssl=1 300w, https:\/\/i0.wp.com\/eltrabajo.cl\/portal\/wp-content\/uploads\/2016\/03\/anciano-atropellado-%40elaconcagua-1.jpg?resize=227%2C150&amp;ssl=1 227w, https:\/\/i0.wp.com\/eltrabajo.cl\/portal\/wp-content\/uploads\/2016\/03\/anciano-atropellado-%40elaconcagua-1.jpg?resize=400%2C264&amp;ssl=1 400w\" sizes=\"auto, (max-width: 530px) 100vw, 530px\" \/><\/a><figcaption id=\"caption-attachment-67421\" class=\"wp-caption-text\">El adulto mayor de 78 a\u00f1os de edad falleci\u00f3 de manera instant\u00e1nea en calle Traslavi\u00f1a a eso de las 21 horas del pasado martes.<\/figcaption><\/figure>\n<p><strong>Pericia preliminar concluye que peat\u00f3n se expuso al riesgo de este accidente, en tanto empresa Vera Arcos asegur\u00f3 que video demuestra que conductor no tuvo contacto visual ni verbal con la v\u00edctima:<\/strong><br \/>\nConductor del recorrido local de microb\u00fas Vera Arcos fue dejado en libertad por disposici\u00f3n de la Fiscal\u00eda tras primeras pericias de la Siat de Carabineros, por el tr\u00e1gico deceso de un hombre de 78 a\u00f1os que falleci\u00f3 aplastado por la pesada m\u00e1quina.<br \/>\nEl informe preliminar realizado por la Subcomisar\u00eda Investigadora de Accidentes de Tr\u00e1nsito de Carabineros de San Felipe, descartar\u00eda la responsabilidad del conductor del microb\u00fas Vera Arcos que habr\u00eda atropellado al peat\u00f3n Juan Domingo Araya Mu\u00f1oz de 78 a\u00f1os, fallecido instant\u00e1neamente tras ser aplastado por el veh\u00edculo en calle Traslavi\u00f1a.<br \/>\nEl tr\u00e1gico accidente ocurri\u00f3 a eso de las 21:30 horas del pasado martes, en circunstancias que la v\u00edctima se encontraba en el paradero ubicado en dicha arteria a la espera del microb\u00fas de recorrido local. No obstante, seg\u00fan algunos testimonios, el conductor de la m\u00e1quina no se habr\u00eda detenido, provocando la molestia del peat\u00f3n que se encontraba en aparente estado de ebriedad.<br \/>\nEn esta din\u00e1mica, de conocimiento por la Fiscal\u00eda, el adulto mayor habr\u00eda cruzado hacia la calzada siguiendo al microb\u00fas, exigiendo que el conductor le abriera las puertas para abordar el medio de transporte. Sin embargo, el chofer al continuar la marcha, habr\u00eda provocado que el peat\u00f3n perdiera el equilibrio y cayera directamente al suelo, siendo arroyado por la pesada m\u00e1quina.<br \/>\nEl fallecimiento del adulto mayor provoc\u00f3 bastante impacto entre los transe\u00fantes que a esas horas circulaban por el lugar. Minutos m\u00e1s tarde Carabineros, al concurrir al lugar de los hechos, contact\u00f3 a los familiares de la v\u00edctima quienes debieron reconocer el cuerpo del malogrado hombre que perdi\u00f3 la vida de manera instant\u00e1nea, causando un amargo dolor a sus cercanos.<br \/>\nEl Fiscal de turno Julio Palacios Bobadilla concurri\u00f3 al sitio del suceso, disponiendo las pericias de la Siat de Carabineros para la elaboraci\u00f3n de los primeros antecedentes sobre este caso. Pasadas las 23:00 horas Diario El Trabajo se entrevist\u00f3 con el Teniente Roberto C\u00e1rdenas Gatica, oficial investigador de esta secci\u00f3n de Carabineros, quien argument\u00f3 en esos momentos que el accidente se trat\u00f3 de un aplastamiento en la calzada de calle Traslavi\u00f1a. \u201cEn el lugar particip\u00f3 un bus de recorrido local y un peat\u00f3n, quien al aproximarse por circunstancias que se investigan pierde el equilibrio, cayendo al suelo, siendo aplastado por el bus. Hasta el momento se est\u00e1n barajando distintas hip\u00f3tesis si es que \u00e9ste sub\u00eda al bus, pero se informa que lamentablemente y producto de las graves lesiones sufridas a ra\u00edz del aplastamiento la persona fallece en el lugar siendo atendido oportunamente por el personal del Samu que concurre al lugar, pero \u00e9ste ya se encontraba fallecido. Una de las ruedas del sistema de tracci\u00f3n del bus pasa por sobre la anatom\u00eda del peat\u00f3n y producto de las desagradables lesiones fallece\u201d, se\u00f1al\u00f3.<br \/>\n<strong>&#8211; \u00bfCu\u00e1l es el testimonio del conductor del microb\u00fas?<\/strong><br \/>\n&#8211; Seg\u00fan su propia versi\u00f3n, se\u00f1ala que sinti\u00f3 un movimiento extra\u00f1o dentro de su m\u00e1quina producto de lo cual se detiene y verifica con distintas personas que se encontraban en el lugar. Por tanto es una versi\u00f3n que va a ser barajada y vertida dentro del proceso investigativo y se incluye para que sea remitida previamente a la Fiscal\u00eda.<br \/>\n<strong>&#8211; \u00bfEl conductor iba en normal estado de intemperancia?<\/strong><br \/>\n&#8211; Visiblemente por parte del personal de servicio, se encontraba en normal estado de intemperancia alcoh\u00f3lica, no obstante aquello deber\u00e1n ser confirmados con los respectivos ex\u00e1menes de alcoholemia que se le practicar\u00e1n y formar\u00e1n parte del informe que mantendr\u00e1 a cargo el Fiscal a cargo de la causa.<\/p>\n<p><strong>VERSI\u00d3N FISCAL\u00cdA<\/strong><\/p>\n<figure id=\"attachment_67420\" aria-describedby=\"caption-attachment-67420\" style=\"width: 300px\" class=\"wp-caption alignleft\"><a href=\"http:\/\/www.eltrabajo.cl\/portal\/eximen-de-responsabilidad-a-chofer-que-atropello-a-anciano-en-traslavina\/fiscal-julio-palacios-19\/\" rel=\"attachment wp-att-67420\"><img data-recalc-dims=\"1\" loading=\"lazy\" decoding=\"async\" class=\"size-medium wp-image-67420\" src=\"https:\/\/i0.wp.com\/www.eltrabajo.cl\/portal\/wp-content\/uploads\/2016\/03\/Fiscal-Julio-Palacios-300x197.jpg?resize=300%2C197\" alt=\"Fiscal Julio Palacios Bobadilla.\" width=\"300\" height=\"197\" srcset=\"https:\/\/i0.wp.com\/eltrabajo.cl\/portal\/wp-content\/uploads\/2016\/03\/Fiscal-Julio-Palacios.jpg?resize=300%2C197&amp;ssl=1 300w, https:\/\/i0.wp.com\/eltrabajo.cl\/portal\/wp-content\/uploads\/2016\/03\/Fiscal-Julio-Palacios.jpg?resize=200%2C131&amp;ssl=1 200w, https:\/\/i0.wp.com\/eltrabajo.cl\/portal\/wp-content\/uploads\/2016\/03\/Fiscal-Julio-Palacios.jpg?resize=228%2C150&amp;ssl=1 228w, https:\/\/i0.wp.com\/eltrabajo.cl\/portal\/wp-content\/uploads\/2016\/03\/Fiscal-Julio-Palacios.jpg?resize=400%2C263&amp;ssl=1 400w, https:\/\/i0.wp.com\/eltrabajo.cl\/portal\/wp-content\/uploads\/2016\/03\/Fiscal-Julio-Palacios.jpg?w=530&amp;ssl=1 530w\" sizes=\"auto, (max-width: 300px) 100vw, 300px\" \/><\/a><figcaption id=\"caption-attachment-67420\" class=\"wp-caption-text\">Fiscal Julio Palacios Bobadilla.<\/figcaption><\/figure>\n<p>Por su parte el Fiscal del Ministerio P\u00fablico de San Felipe, Julio Palacios Bobadilla, confirm\u00f3 que el informe preliminar de la Siat de Carabineros, concluye que la causa basal en este caso \u201cno era responsabilidad del conductor y que habr\u00eda sido el peat\u00f3n quien se expuso al riesgo de este accidente. De esta manera el conductor qued\u00f3 en libertad sin ser sometido a control de detenci\u00f3n, quedando a la espera de citaci\u00f3n por parte de la Fiscal\u00eda\u201d.<br \/>\nConsultado referente a la din\u00e1mica de los hechos sobre este accidente, el persecutor indic\u00f3 que \u201cpresumiblemente el conductor del microb\u00fas al desplazarse por calle Traslavi\u00f1a no se detuvo al ver al peat\u00f3n que se encontrar\u00eda en estado de ebriedad. Aparentemente esta persona habr\u00eda cruzado hacia la calzada para golpear la micro para que le abriera las puertas. Momentos en que el conductor continu\u00f3 la marcha y esta persona habr\u00eda tropezado cayendo al suelo\u201d. Palacios subray\u00f3 que esta hip\u00f3tesis no es concluyente y que el caso se encuentra en proceso investigativo para determinar las responsabilidades de esta lamentable tragedia.<br \/>\nEl cuerpo de Juan Domingo Araya Mu\u00f1oz, fue remitido al Servicio M\u00e9dico Legal para la correspondiente autopsia de rigor.<br \/>\n<strong>Pablo Salinas Sald\u00edas<\/strong><\/p>\n<p>&nbsp;<\/p>\n<p><span style=\"color: #993300;\"><strong>Video descartar\u00eda responsabilidad de conductor en muerte de adulto mayor<\/strong><\/span><\/p>\n<p>A trav\u00e9s de un comunicado, la empresa de Transportes de Pasajeros Vera Arcos Ltda., lament\u00f3 profundamente el accidente ocurrido la noche del martes 1 de marzo en que falleci\u00f3 don Juan Domingo Araya Mu\u00f1oz y da sus condolencias a sus familiares.<br \/>\n\u201cTras ocurrido el accidente, nuestra empresa acudi\u00f3 de inmediato al lugar del suceso, prestando la mayor colaboraci\u00f3n con el objeto de poder aclarar los hechos, entregando la totalidad de los medios de prueba a Carabineros, entre los que se encuentran las grabaciones de las c\u00e1maras de seguridad con que cuentan nuestros microbuses.<br \/>\n\u201cAl tener acceso a las c\u00e1maras se evidencia claramente que cuando el microb\u00fas inicia su marcha para dejar el paradero, \u00e9ste se encontraba con las puertas cerradas y en proceso de incorporaci\u00f3n hacia la segunda pista de la calle Traslavi\u00f1a, donde su conductor se hallaba atento a las condiciones del tr\u00e1nsito para poder adelantar a un veh\u00edculo que lo anteced\u00eda. Durante ese proceso, se aprecia claramente que el conductor no tiene contacto visual ni menos verbal con el transe\u00fante, quien se acerc\u00f3 por el lado de la puerta al microb\u00fas, las que se encontraban cerradas, sin que el conductor pudiera en momento alguno percatarse de su presencia.<br \/>\n\u201cReiteramos nuestros sentimientos de pesar por lo ocurrido, encontr\u00e1ndonos a disposici\u00f3n de los organismos pertinentes para esclarecer los hechos\u201d, se\u00f1ala la empresa de transportes en su comunicado.<\/p>\n","protected":false},"excerpt":{"rendered":"<p>Pericia preliminar concluye que peat\u00f3n se expuso al riesgo de este accidente, en tanto empresa Vera Arcos asegur\u00f3 que video demuestra que conductor no tuvo contacto visual ni verbal con la v\u00edctima:&#8230;<\/p>\n","protected":false},"author":1,"featured_media":67421,"comment_status":"open","ping_status":"open","sticky":false,"template":"","format":"standard","meta":{"advanced_seo_description":"","jetpack_seo_html_title":"","jetpack_seo_noindex":false,"_jetpack_memberships_contains_paid_content":false,"footnotes":""},"categories":[21],"tags":[],"class_list":["post-67418","post","type-post","status-publish","format-standard","has-post-thumbnail","hentry","category-policial"],"jetpack_featured_media_url":"https:\/\/i0.wp.com\/eltrabajo.cl\/portal\/wp-content\/uploads\/2016\/03\/anciano-atropellado-%40elaconcagua-1.jpg?fit=530%2C350&ssl=1","jetpack_sharing_enabled":true,"jetpack_likes_enabled":true,"jetpack-related-posts":[],"_links":{"self":[{"href":"https:\/\/eltrabajo.cl\/portal\/wp-json\/wp\/v2\/posts\/67418","targetHints":{"allow":["GET"]}}],"collection":[{"href":"https:\/\/eltrabajo.cl\/portal\/wp-json\/wp\/v2\/posts"}],"about":[{"href":"https:\/\/eltrabajo.cl\/portal\/wp-json\/wp\/v2\/types\/post"}],"author":[{"embeddable":true,"href":"https:\/\/eltrabajo.cl\/portal\/wp-json\/wp\/v2\/users\/1"}],"replies":[{"embeddable":true,"href":"https:\/\/eltrabajo.cl\/portal\/wp-json\/wp\/v2\/comments?post=67418"}],"version-history":[{"count":0,"href":"https:\/\/eltrabajo.cl\/portal\/wp-json\/wp\/v2\/posts\/67418\/revisions"}],"wp:featuredmedia":[{"embeddable":true,"href":"https:\/\/eltrabajo.cl\/portal\/wp-json\/wp\/v2\/media\/67421"}],"wp:attachment":[{"href":"https:\/\/eltrabajo.cl\/portal\/wp-json\/wp\/v2\/media?parent=67418"}],"wp:term":[{"taxonomy":"category","embeddable":true,"href":"https:\/\/eltrabajo.cl\/portal\/wp-json\/wp\/v2\/categories?post=67418"},{"taxonomy":"post_tag","embeddable":true,"href":"https:\/\/eltrabajo.cl\/portal\/wp-json\/wp\/v2\/tags?post=67418"}],"curies":[{"name":"wp","href":"https:\/\/api.w.org\/{rel}","templated":true}]}}