{"id":67424,"date":"2016-03-04T09:02:02","date_gmt":"2016-03-04T12:02:02","guid":{"rendered":"http:\/\/www.eltrabajo.cl\/portal\/?p=67424"},"modified":"2016-03-04T09:02:02","modified_gmt":"2016-03-04T12:02:02","slug":"mop-construira-micro-embalse-de-200-mil-m3-en-santa-maria","status":"publish","type":"post","link":"https:\/\/eltrabajo.cl\/portal\/mop-construira-micro-embalse-de-200-mil-m3-en-santa-maria\/","title":{"rendered":"MOP construir\u00e1 micro embalse de 200 mil m3 en Santa Mar\u00eda"},"content":{"rendered":"<figure id=\"attachment_67425\" aria-describedby=\"caption-attachment-67425\" style=\"width: 300px\" class=\"wp-caption alignleft\"><a href=\"http:\/\/www.eltrabajo.cl\/portal\/mop-construira-micro-embalse-de-200-mil-m3-en-santa-maria\/claudio-zurita-1-2\/\" rel=\"attachment wp-att-67425\"><img data-recalc-dims=\"1\" loading=\"lazy\" decoding=\"async\" class=\"size-medium wp-image-67425\" src=\"https:\/\/i0.wp.com\/www.eltrabajo.cl\/portal\/wp-content\/uploads\/2016\/03\/Claudio-Zurita-1-300x198.jpg?resize=300%2C198\" alt=\"Claudio Zurita alcalde de Santa Mar\u00eda.\" width=\"300\" height=\"198\" srcset=\"https:\/\/i0.wp.com\/eltrabajo.cl\/portal\/wp-content\/uploads\/2016\/03\/Claudio-Zurita-1.jpg?resize=300%2C198&amp;ssl=1 300w, https:\/\/i0.wp.com\/eltrabajo.cl\/portal\/wp-content\/uploads\/2016\/03\/Claudio-Zurita-1.jpg?resize=200%2C132&amp;ssl=1 200w, https:\/\/i0.wp.com\/eltrabajo.cl\/portal\/wp-content\/uploads\/2016\/03\/Claudio-Zurita-1.jpg?resize=228%2C150&amp;ssl=1 228w, https:\/\/i0.wp.com\/eltrabajo.cl\/portal\/wp-content\/uploads\/2016\/03\/Claudio-Zurita-1.jpg?resize=400%2C263&amp;ssl=1 400w, https:\/\/i0.wp.com\/eltrabajo.cl\/portal\/wp-content\/uploads\/2016\/03\/Claudio-Zurita-1.jpg?w=530&amp;ssl=1 530w\" sizes=\"auto, (max-width: 300px) 100vw, 300px\" \/><\/a><figcaption id=\"caption-attachment-67425\" class=\"wp-caption-text\">Claudio Zurita alcalde de Santa Mar\u00eda.<\/figcaption><\/figure>\n<p><strong>Represa debiera estar construida a fines de 2017 y junto a los otros estanques de la comuna podr\u00edan asegurar agua para riego durante dos a\u00f1os de sequ\u00eda.<\/strong><\/p>\n<p>El alcalde de Santa Mar\u00eda Claudio Zurita anunci\u00f3 que el Seremi de Obras P\u00fablicas Miguel Saavedra, le comunic\u00f3 hace un par de d\u00edas que la comuna est\u00e1 considerada para la construcci\u00f3n de un micro embalse de 200 mil m3, el cual, junto a los que ya se encuentran en construcci\u00f3n permitir\u00edan abastecimiento de agua para regad\u00edo durante dos veranos consecutivos en tiempo de sequ\u00eda.<br \/>\nSeg\u00fan Zurita, la importancia de este tipo de proyectos radica fundamentalmente en que \u201cSanta Mar\u00eda, en la zona de Jahuel es muy similar a Petorca, tiene poca agua, no se riega por el r\u00edo, por lo tanto, la \u00fanica posibilidad de regar es por vertientes superficiales. Ya se hizo un tranque a\u00f1os atr\u00e1s de 18 mil m3, se est\u00e1 haciendo un segundo de 10 mil m3 y ahora se construir\u00eda uno 10 veces m\u00e1s grande de los que ya tenemos, con fecha de t\u00e9rmino diciembre de 2017\u201d, detall\u00f3.<br \/>\nRespecto de c\u00f3mo se financiar\u00e1 y los plazos que se fijaron para esta obra el alcalde indic\u00f3 que \u201ceste es un proyecto que realiza el Ministerio de Obras P\u00fablicas, MOP, estos 6 primeros meses corresponden a la etapa y el a\u00f1o 2017 se realizar\u00e1 la ejecuci\u00f3n de las obras\u201d, describi\u00f3, agregando que \u201cestos son recursos de Gobierno, que tienen relaci\u00f3n con metas presidenciales, por lo que la gente est\u00e1 muy contenta porque pese a que llovi\u00f3 y tenemos un poco m\u00e1s de agua, el Gobierno sigue preocupado de que en Aconcagua no sigamos perdiendo el agua, por no tener d\u00f3nde embalsarla. En Santa Mar\u00eda, ahora tendremos d\u00f3nde preservarla\u201d, sostuvo.<br \/>\nDe acuerdo a lo manifestado por el edil santamariano, afortunadamente este a\u00f1o no se han presentado grandes dificultades en el tema de regad\u00edo gracias a que el 2015 fue un a\u00f1o bastante lluvioso que permiti\u00f3 aplacar las consecuencias de los a\u00f1os de sequ\u00eda, sin embargo, defini\u00f3 como imprescindible comenzar a embalsar el recurso h\u00eddrico para enfrentar de mejor forma posibles nuevos per\u00edodos de sequ\u00eda.<br \/>\n\u201cAfortunadamente ya no estamos viviendo una etapa tan cr\u00edtica, nos estamos recuperando, pero s\u00ed debemos ir guardando el agua que estamos sacando, aunque estamos en sequ\u00eda a\u00fan pero no tan fuerte como otros a\u00f1os porque llovi\u00f3, juntamos algo de agua y la gente ha tenido como regar al menos\u201d, expres\u00f3 Zurita.<\/p>\n","protected":false},"excerpt":{"rendered":"<p>Represa debiera estar construida a fines de 2017 y junto a los otros estanques de la comuna podr\u00edan asegurar agua para riego durante dos a\u00f1os de sequ\u00eda. El alcalde de Santa Mar\u00eda&#8230;<\/p>\n","protected":false},"author":1,"featured_media":67425,"comment_status":"open","ping_status":"open","sticky":false,"template":"","format":"standard","meta":{"advanced_seo_description":"","jetpack_seo_html_title":"","jetpack_seo_noindex":false,"_jetpack_memberships_contains_paid_content":false,"footnotes":""},"categories":[1],"tags":[],"class_list":["post-67424","post","type-post","status-publish","format-standard","has-post-thumbnail","hentry","category-cronica"],"jetpack_featured_media_url":"https:\/\/i0.wp.com\/eltrabajo.cl\/portal\/wp-content\/uploads\/2016\/03\/Claudio-Zurita-1.jpg?fit=530%2C349&ssl=1","jetpack_sharing_enabled":true,"jetpack_likes_enabled":true,"jetpack-related-posts":[],"_links":{"self":[{"href":"https:\/\/eltrabajo.cl\/portal\/wp-json\/wp\/v2\/posts\/67424","targetHints":{"allow":["GET"]}}],"collection":[{"href":"https:\/\/eltrabajo.cl\/portal\/wp-json\/wp\/v2\/posts"}],"about":[{"href":"https:\/\/eltrabajo.cl\/portal\/wp-json\/wp\/v2\/types\/post"}],"author":[{"embeddable":true,"href":"https:\/\/eltrabajo.cl\/portal\/wp-json\/wp\/v2\/users\/1"}],"replies":[{"embeddable":true,"href":"https:\/\/eltrabajo.cl\/portal\/wp-json\/wp\/v2\/comments?post=67424"}],"version-history":[{"count":0,"href":"https:\/\/eltrabajo.cl\/portal\/wp-json\/wp\/v2\/posts\/67424\/revisions"}],"wp:featuredmedia":[{"embeddable":true,"href":"https:\/\/eltrabajo.cl\/portal\/wp-json\/wp\/v2\/media\/67425"}],"wp:attachment":[{"href":"https:\/\/eltrabajo.cl\/portal\/wp-json\/wp\/v2\/media?parent=67424"}],"wp:term":[{"taxonomy":"category","embeddable":true,"href":"https:\/\/eltrabajo.cl\/portal\/wp-json\/wp\/v2\/categories?post=67424"},{"taxonomy":"post_tag","embeddable":true,"href":"https:\/\/eltrabajo.cl\/portal\/wp-json\/wp\/v2\/tags?post=67424"}],"curies":[{"name":"wp","href":"https:\/\/api.w.org\/{rel}","templated":true}]}}