{"id":67428,"date":"2016-03-04T09:04:16","date_gmt":"2016-03-04T12:04:16","guid":{"rendered":"http:\/\/www.eltrabajo.cl\/portal\/?p=67428"},"modified":"2016-03-04T09:04:16","modified_gmt":"2016-03-04T12:04:16","slug":"realizan-manifestacion-contra-codelco-por-derrame-de-minerales-al-rio","status":"publish","type":"post","link":"https:\/\/eltrabajo.cl\/portal\/realizan-manifestacion-contra-codelco-por-derrame-de-minerales-al-rio\/","title":{"rendered":"Realizan manifestaci\u00f3n contra Codelco por derrame de minerales al R\u00edo"},"content":{"rendered":"<figure id=\"attachment_67429\" aria-describedby=\"caption-attachment-67429\" style=\"width: 530px\" class=\"wp-caption alignleft\"><a href=\"http:\/\/www.eltrabajo.cl\/portal\/realizan-manifestacion-contra-codelco-por-derrame-de-minerales-al-rio\/mitin-codelco1\/\" rel=\"attachment wp-att-67429\"><img data-recalc-dims=\"1\" loading=\"lazy\" decoding=\"async\" class=\"size-full wp-image-67429\" src=\"https:\/\/i0.wp.com\/www.eltrabajo.cl\/portal\/wp-content\/uploads\/2016\/03\/mitin-codelco1.jpg?resize=530%2C350\" alt=\"La velat\u00f3n se realiz\u00f3 en las afueras del edificio institucional de la Divisi\u00f3n Andina de Codelco, la tarde del mi\u00e9rcoles.\" width=\"530\" height=\"350\" srcset=\"https:\/\/i0.wp.com\/eltrabajo.cl\/portal\/wp-content\/uploads\/2016\/03\/mitin-codelco1.jpg?w=530&amp;ssl=1 530w, https:\/\/i0.wp.com\/eltrabajo.cl\/portal\/wp-content\/uploads\/2016\/03\/mitin-codelco1.jpg?resize=200%2C132&amp;ssl=1 200w, https:\/\/i0.wp.com\/eltrabajo.cl\/portal\/wp-content\/uploads\/2016\/03\/mitin-codelco1.jpg?resize=300%2C198&amp;ssl=1 300w, https:\/\/i0.wp.com\/eltrabajo.cl\/portal\/wp-content\/uploads\/2016\/03\/mitin-codelco1.jpg?resize=227%2C150&amp;ssl=1 227w, https:\/\/i0.wp.com\/eltrabajo.cl\/portal\/wp-content\/uploads\/2016\/03\/mitin-codelco1.jpg?resize=400%2C264&amp;ssl=1 400w\" sizes=\"auto, (max-width: 530px) 100vw, 530px\" \/><\/a><figcaption id=\"caption-attachment-67429\" class=\"wp-caption-text\">La velat\u00f3n se realiz\u00f3 en las afueras del edificio institucional de la Divisi\u00f3n Andina de Codelco, la tarde del mi\u00e9rcoles.<\/figcaption><\/figure>\n<p><strong>Organizaciones sociales y ciudadanas llegaron hasta las afueras del edificio institucional de la cupr\u00edfera donde realizaron una velat\u00f3n.<\/strong><\/p>\n<p><strong>LOS ANDES.-<\/strong> Con una masiva protesta en la Plaza de Armas y luego una velat\u00f3n en las afueras del edificio institucional de la Divisi\u00f3n Andina efectuada la tarde del mi\u00e9rcoles, diversas organizaciones sociales y ciudadanas protestaron en contra de Codelco por el derrame de minerales a las aguas del r\u00edo Aconcagua que gener\u00f3 una emergencia ambiental en toda la regi\u00f3n.<br \/>\nUna de las voceras de las agrupaciones ciudadanas, Valentina Vargas, declar\u00f3 que esta es una respuesta de todos los vecinos del valle a la situaci\u00f3n de incertidumbre que se vive respecto a las condiciones de seguridad ambiental en las faenas de Codelco Andina, \u201c pues cada cuatro o cinco meses se est\u00e1n produciendo derrames al r\u00edo y la informaci\u00f3n se esconde\u201d.<br \/>\nLa ciudadana dijo que hay una gran preocupaci\u00f3n por la agricultura local por los niveles de contaminaci\u00f3n que pueda presentar el agua y la fruta que se pueda exportar.<br \/>\nAfirm\u00f3 que esta es una cat\u00e1strofe ambiental a nivel mucho mayor, \u201cy por eso hemos salido a la calle a informar a los vecinos de lo que est\u00e1 pasando y no puede ser que no tomemos control del agua que tomamos, porque cuando nuestros hijos nazcan deformes ser\u00e1 responsabilidad del agua\u201d.<br \/>\nValentina Vargas expuso que la idea es crear instancias de di\u00e1logo con Codelco para evitar que este tipo de hechos no vuelva a suceder.<br \/>\nA su vez, el Presidente de la C\u00e1mara de Turismo de San Esteban, Franz R\u00f6ber, manifest\u00f3 la preocupaci\u00f3n del gremio por los efectos que los derrames de concentrado de cobre pueda provocar en su sector, porque muchos turistas argentinos vieron lo que estaba pasando.<br \/>\nAgreg\u00f3 que se deben mejorar los protocolos en Codelco Andina y crear una instancia que supervise esos procesos industriales para garantizar el nivel que presentan las aguas del r\u00edo.<br \/>\n\u201cLo que queremos tambi\u00e9n es que la comunidad tome consciencia, ya que este es un problema para todos, pues hubo muchos vecinos que se quedaron sin agua en la ciudad de Los Andes, hubo gente que se ba\u00f1\u00f3 con esta agua y tenemos pensar que a futuro podamos tener personas con c\u00e1ncer y por lo tanto debemos saber cu\u00e1les son los impactos futuros\u201d, expres\u00f3 el Presidente de la C\u00e1mara de Turismo de San Esteban.<br \/>\nR\u00f6ber manifest\u00f3 que es necesario que se investigue y la gente tiene que involucrarse en este tema, aun cuando tengan familiares que trabajan en Codelco, \u201cporque este es un problema grav\u00edsimo y si no participamos estaremos expuesto a que la empresa est\u00e9 tratando de compensar por estos da\u00f1os no de la forma m\u00e1s correcta\u201d.<br \/>\nInsisti\u00f3 en que se debe retomar el tema de las mesas participativas con Codelco donde representantes de la comunidad puedan trabajar con la empresa en estos temas.<br \/>\nFinalmente, el Concejal de Los Andes Miguel Henr\u00edquez se\u00f1al\u00f3 que esta es una manifestaci\u00f3n por la incertidumbre que existe sobre la calidad de la aguas del r\u00edo y advirti\u00f3 que en forma seguida se llevar\u00e1n adelante estas manifestaciones ciudadanas.<br \/>\nHenr\u00edquez advirti\u00f3 a Codelco que la ciudadan\u00eda de Los Andes ya no le cree lo que su eslogan del \u2018Buen Vecino\u2019 y reiter\u00f3 sus dichos en cuanto a que el Gerente de Andina debe renunciar como m\u00e1ximo responsable de este crimen ecol\u00f3gico que se ha vivido en la zona, \u201cy este es el momento que \u00e9l en un acto de valent\u00eda responda por este y por los siete eventos acontecidos\u201d.<\/p>\n","protected":false},"excerpt":{"rendered":"<p>Organizaciones sociales y ciudadanas llegaron hasta las afueras del edificio institucional de la cupr\u00edfera donde realizaron una velat\u00f3n. LOS ANDES.- Con una masiva protesta en la Plaza de Armas y luego una&#8230;<\/p>\n","protected":false},"author":1,"featured_media":67429,"comment_status":"open","ping_status":"open","sticky":false,"template":"","format":"standard","meta":{"advanced_seo_description":"","jetpack_seo_html_title":"","jetpack_seo_noindex":false,"_jetpack_memberships_contains_paid_content":false,"footnotes":""},"categories":[1],"tags":[],"class_list":["post-67428","post","type-post","status-publish","format-standard","has-post-thumbnail","hentry","category-cronica"],"jetpack_featured_media_url":"https:\/\/i0.wp.com\/eltrabajo.cl\/portal\/wp-content\/uploads\/2016\/03\/mitin-codelco1.jpg?fit=530%2C350&ssl=1","jetpack_sharing_enabled":true,"jetpack_likes_enabled":true,"jetpack-related-posts":[],"_links":{"self":[{"href":"https:\/\/eltrabajo.cl\/portal\/wp-json\/wp\/v2\/posts\/67428","targetHints":{"allow":["GET"]}}],"collection":[{"href":"https:\/\/eltrabajo.cl\/portal\/wp-json\/wp\/v2\/posts"}],"about":[{"href":"https:\/\/eltrabajo.cl\/portal\/wp-json\/wp\/v2\/types\/post"}],"author":[{"embeddable":true,"href":"https:\/\/eltrabajo.cl\/portal\/wp-json\/wp\/v2\/users\/1"}],"replies":[{"embeddable":true,"href":"https:\/\/eltrabajo.cl\/portal\/wp-json\/wp\/v2\/comments?post=67428"}],"version-history":[{"count":0,"href":"https:\/\/eltrabajo.cl\/portal\/wp-json\/wp\/v2\/posts\/67428\/revisions"}],"wp:featuredmedia":[{"embeddable":true,"href":"https:\/\/eltrabajo.cl\/portal\/wp-json\/wp\/v2\/media\/67429"}],"wp:attachment":[{"href":"https:\/\/eltrabajo.cl\/portal\/wp-json\/wp\/v2\/media?parent=67428"}],"wp:term":[{"taxonomy":"category","embeddable":true,"href":"https:\/\/eltrabajo.cl\/portal\/wp-json\/wp\/v2\/categories?post=67428"},{"taxonomy":"post_tag","embeddable":true,"href":"https:\/\/eltrabajo.cl\/portal\/wp-json\/wp\/v2\/tags?post=67428"}],"curies":[{"name":"wp","href":"https:\/\/api.w.org\/{rel}","templated":true}]}}