{"id":67432,"date":"2016-03-04T09:08:08","date_gmt":"2016-03-04T12:08:08","guid":{"rendered":"http:\/\/www.eltrabajo.cl\/portal\/?p=67432"},"modified":"2016-03-04T09:08:08","modified_gmt":"2016-03-04T12:08:08","slug":"equipo-municipal-atiende-mas-de-40-reportes-con-vecinos-conectados","status":"publish","type":"post","link":"https:\/\/eltrabajo.cl\/portal\/equipo-municipal-atiende-mas-de-40-reportes-con-vecinos-conectados\/","title":{"rendered":"Equipo municipal atiende m\u00e1s de 40 reportes con \u2018Vecinos Conectados\u2019"},"content":{"rendered":"<figure id=\"attachment_67433\" aria-describedby=\"caption-attachment-67433\" style=\"width: 530px\" class=\"wp-caption alignleft\"><a href=\"http:\/\/www.eltrabajo.cl\/portal\/equipo-municipal-atiende-mas-de-40-reportes-con-vecinos-conectados\/respuesta-vecinos-conectados-3-sector-circunvalacion-oriente\/\" rel=\"attachment wp-att-67433\"><img data-recalc-dims=\"1\" loading=\"lazy\" decoding=\"async\" class=\"size-full wp-image-67433\" src=\"https:\/\/i0.wp.com\/www.eltrabajo.cl\/portal\/wp-content\/uploads\/2016\/03\/Respuesta-Vecinos-Conectados-3-sector-circunvalacion-oriente.jpg?resize=530%2C350\" alt=\"Equipos municipales tambi\u00e9n acudieron a un requerimiento en Circunvalaci\u00f3n Oriente.\" width=\"530\" height=\"350\" srcset=\"https:\/\/i0.wp.com\/eltrabajo.cl\/portal\/wp-content\/uploads\/2016\/03\/Respuesta-Vecinos-Conectados-3-sector-circunvalacion-oriente.jpg?w=530&amp;ssl=1 530w, https:\/\/i0.wp.com\/eltrabajo.cl\/portal\/wp-content\/uploads\/2016\/03\/Respuesta-Vecinos-Conectados-3-sector-circunvalacion-oriente.jpg?resize=200%2C132&amp;ssl=1 200w, https:\/\/i0.wp.com\/eltrabajo.cl\/portal\/wp-content\/uploads\/2016\/03\/Respuesta-Vecinos-Conectados-3-sector-circunvalacion-oriente.jpg?resize=300%2C198&amp;ssl=1 300w, https:\/\/i0.wp.com\/eltrabajo.cl\/portal\/wp-content\/uploads\/2016\/03\/Respuesta-Vecinos-Conectados-3-sector-circunvalacion-oriente.jpg?resize=227%2C150&amp;ssl=1 227w, https:\/\/i0.wp.com\/eltrabajo.cl\/portal\/wp-content\/uploads\/2016\/03\/Respuesta-Vecinos-Conectados-3-sector-circunvalacion-oriente.jpg?resize=400%2C264&amp;ssl=1 400w\" sizes=\"auto, (max-width: 530px) 100vw, 530px\" \/><\/a><figcaption id=\"caption-attachment-67433\" class=\"wp-caption-text\">Equipos municipales tambi\u00e9n acudieron a un requerimiento en Circunvalaci\u00f3n Oriente.<\/figcaption><\/figure>\n<p><strong>La iniciativa ha logrado un alt\u00edsimo porcentaje de respuesta en sus dos primeras semanas de implementaci\u00f3n, muy por sobre otras comunas del pa\u00eds donde se ha implementado este sistema.<\/strong><\/p>\n<p>Tras dos semanas de ser implementado el programa \u2018Vecinos Conectados\u2019, que permite a la comunidad reportar los problemas de su sector para que sean resueltos por la municipalidad, este jueves se reuni\u00f3 el equipo a cargo de esta iniciativa, para evaluar el impacto y nivel de respuesta que ha registrado, concluyendo que el balance es m\u00e1s que positivo.<br \/>\nMientras otras comunas que llevan incluso cuatro meses ejecutando el programa, han registrado apenas 25 reportes, la Municipalidad de San Felipe \u2013a trav\u00e9s de la misma iniciativa impulsada y gestionada por el alcalde Patricio Freire- ha logrado una favorable respuesta de la comunidad, con 52 casos reportados, de los cuales 46 ya han sido atendidos satisfactoriamente.<br \/>\nEl director de Desarrollo Comunitario de la Municipalidad de San Felipe, Pablo Silva, manifest\u00f3 su satisfacci\u00f3n por la acogida de los vecinos, pero tambi\u00e9n por el profesionalismo de los equipos municipales para cumplir con el compromiso de responder en un plazo de entre tres y cinco d\u00edas a los requerimientos que se formulan.<br \/>\n\u201cEstamos muy contentos de que la comunidad haya formalizado sus peticiones a trav\u00e9s de esta plataforma, sobre todo porque eso nos permite retroalimentar y contribuir de manera conjunta al desarrollo de la comuna, que es uno de los principales objetivos de la gesti\u00f3n de nuestro alcalde\u201d, se\u00f1al\u00f3 Silva.<br \/>\n\u2018Vecinos conectados\u2019 es una plataforma que considera diferentes categor\u00edas correspondientes a los principales problemas con que se encuentra d\u00eda a d\u00eda la comunidad y que pueden ser atendidos por la municipalidad. Para reportarlos, existen dos alternativas de comunicaci\u00f3n, primero en el sitio en internet www.municipalidaddes anfelipe.cl y la segunda, en la l\u00ednea telef\u00f3nica gratuita 800 211 700.<br \/>\nEl director de Desarrollo Comunitario explicit\u00f3 en todo caso que \u201chay temas que lamentablemente no pasan por el resorte municipal, pero donde nuestra intenci\u00f3n es coordinar con los organismos pertinentes, como Serviu, Direcci\u00f3n de Vialidad, entre otros, comprendiendo que no podemos resolver todos los problemas\u201d.<br \/>\nEn relaci\u00f3n a los resultados, Pablo Silva se\u00f1al\u00f3 que San Felipe se encuentra en un muy buen pie, no solo desde el punto de vista del porcentaje de respuesta que se da a los requerimientos de los vecinos, sino tambi\u00e9n en relaci\u00f3n a la participaci\u00f3n ciudadana, que ha visto con buenos ojos esta iniciativa, m\u00e1s a\u00fan considerando que ha constatado que esta plataforma arroja resultados concretos.<\/p>\n<figure id=\"attachment_67434\" aria-describedby=\"caption-attachment-67434\" style=\"width: 530px\" class=\"wp-caption alignleft\"><a href=\"http:\/\/www.eltrabajo.cl\/portal\/equipo-municipal-atiende-mas-de-40-reportes-con-vecinos-conectados\/respuesta-vecinos-conectados-1-las-camelias\/\" rel=\"attachment wp-att-67434\"><img data-recalc-dims=\"1\" loading=\"lazy\" decoding=\"async\" class=\"size-full wp-image-67434\" src=\"https:\/\/i0.wp.com\/www.eltrabajo.cl\/portal\/wp-content\/uploads\/2016\/03\/Respuesta-Vecinos-Conectados-1-Las-Camelias.jpg?resize=530%2C349\" alt=\"Uno de los requerimientos vino de parte de vecinos de la villa Las Camelias.\" width=\"530\" height=\"349\" srcset=\"https:\/\/i0.wp.com\/eltrabajo.cl\/portal\/wp-content\/uploads\/2016\/03\/Respuesta-Vecinos-Conectados-1-Las-Camelias.jpg?w=530&amp;ssl=1 530w, https:\/\/i0.wp.com\/eltrabajo.cl\/portal\/wp-content\/uploads\/2016\/03\/Respuesta-Vecinos-Conectados-1-Las-Camelias.jpg?resize=200%2C132&amp;ssl=1 200w, https:\/\/i0.wp.com\/eltrabajo.cl\/portal\/wp-content\/uploads\/2016\/03\/Respuesta-Vecinos-Conectados-1-Las-Camelias.jpg?resize=300%2C198&amp;ssl=1 300w, https:\/\/i0.wp.com\/eltrabajo.cl\/portal\/wp-content\/uploads\/2016\/03\/Respuesta-Vecinos-Conectados-1-Las-Camelias.jpg?resize=228%2C150&amp;ssl=1 228w, https:\/\/i0.wp.com\/eltrabajo.cl\/portal\/wp-content\/uploads\/2016\/03\/Respuesta-Vecinos-Conectados-1-Las-Camelias.jpg?resize=400%2C263&amp;ssl=1 400w\" sizes=\"auto, (max-width: 530px) 100vw, 530px\" \/><\/a><figcaption id=\"caption-attachment-67434\" class=\"wp-caption-text\">Uno de los requerimientos vino de parte de vecinos de la villa Las Camelias.<\/figcaption><\/figure>\n","protected":false},"excerpt":{"rendered":"<p>La iniciativa ha logrado un alt\u00edsimo porcentaje de respuesta en sus dos primeras semanas de implementaci\u00f3n, muy por sobre otras comunas del pa\u00eds donde se ha implementado este sistema. Tras dos semanas&#8230;<\/p>\n","protected":false},"author":1,"featured_media":67434,"comment_status":"open","ping_status":"open","sticky":false,"template":"","format":"standard","meta":{"advanced_seo_description":"","jetpack_seo_html_title":"","jetpack_seo_noindex":false,"_jetpack_memberships_contains_paid_content":false,"footnotes":""},"categories":[1],"tags":[],"class_list":["post-67432","post","type-post","status-publish","format-standard","has-post-thumbnail","hentry","category-cronica"],"jetpack_featured_media_url":"https:\/\/i0.wp.com\/eltrabajo.cl\/portal\/wp-content\/uploads\/2016\/03\/Respuesta-Vecinos-Conectados-1-Las-Camelias.jpg?fit=530%2C349&ssl=1","jetpack_sharing_enabled":true,"jetpack_likes_enabled":true,"jetpack-related-posts":[],"_links":{"self":[{"href":"https:\/\/eltrabajo.cl\/portal\/wp-json\/wp\/v2\/posts\/67432","targetHints":{"allow":["GET"]}}],"collection":[{"href":"https:\/\/eltrabajo.cl\/portal\/wp-json\/wp\/v2\/posts"}],"about":[{"href":"https:\/\/eltrabajo.cl\/portal\/wp-json\/wp\/v2\/types\/post"}],"author":[{"embeddable":true,"href":"https:\/\/eltrabajo.cl\/portal\/wp-json\/wp\/v2\/users\/1"}],"replies":[{"embeddable":true,"href":"https:\/\/eltrabajo.cl\/portal\/wp-json\/wp\/v2\/comments?post=67432"}],"version-history":[{"count":0,"href":"https:\/\/eltrabajo.cl\/portal\/wp-json\/wp\/v2\/posts\/67432\/revisions"}],"wp:featuredmedia":[{"embeddable":true,"href":"https:\/\/eltrabajo.cl\/portal\/wp-json\/wp\/v2\/media\/67434"}],"wp:attachment":[{"href":"https:\/\/eltrabajo.cl\/portal\/wp-json\/wp\/v2\/media?parent=67432"}],"wp:term":[{"taxonomy":"category","embeddable":true,"href":"https:\/\/eltrabajo.cl\/portal\/wp-json\/wp\/v2\/categories?post=67432"},{"taxonomy":"post_tag","embeddable":true,"href":"https:\/\/eltrabajo.cl\/portal\/wp-json\/wp\/v2\/tags?post=67432"}],"curies":[{"name":"wp","href":"https:\/\/api.w.org\/{rel}","templated":true}]}}