{"id":67438,"date":"2016-03-04T09:17:51","date_gmt":"2016-03-04T12:17:51","guid":{"rendered":"http:\/\/www.eltrabajo.cl\/portal\/?p=67438"},"modified":"2016-03-04T09:17:51","modified_gmt":"2016-03-04T12:17:51","slug":"algunos-llorando-y-otros-felices-miles-de-escolares-volvieron-ayer-a-clases","status":"publish","type":"post","link":"https:\/\/eltrabajo.cl\/portal\/algunos-llorando-y-otros-felices-miles-de-escolares-volvieron-ayer-a-clases\/","title":{"rendered":"Algunos llorando y otros felices miles de escolares volvieron ayer a clases"},"content":{"rendered":"<p>\u00a1No pudo ser mejor! Con toda la explosividad propia de los ni\u00f1os en edad escolar, as\u00ed arranc\u00f3 el a\u00f1o escolar 2016 en todas las escuelas de nuestra comuna, jornada de la cual las c\u00e1maras de Diario El Trabajo tomaron registro en muchas escuelas de educaci\u00f3n b\u00e1sica.<\/p>\n<p><strong>\u00abMAMITA MAMITA\u00bb<\/strong><br \/>\nLos m\u00e1s peque\u00f1itos, los de prekinder y kinder, llegaron acompa\u00f1ados de sus padres y aunque algunos de ellos se desentend\u00edan r\u00e1pidamente de los adultos para iniciar esa b\u00fasqueda alocada de nuevos amiguitos, otros en cambio estaban aterrorizados con la idea de tener que desprenderse de los mimos y cuidados de su mamita, los que les gener\u00f3 una tremenda impresi\u00f3n y muchas l\u00e1grimas.<br \/>\n\u00abMamita mamita, no me quiero quedar\u00bb, lloraba la peque\u00f1a Karol Espinace; \u00abNo quiero y no quiero, yo me quiero ir con usted mamita\u00bb, gritaba Kevin Z\u00fa\u00f1iga, ambos del prekinder de la Escuela Carmela Carvajal de Curim\u00f3n, mientras que las acongojadas madres se las ingeniaban para convencerlos de que ahora podr\u00edan tener nuevos amiguitos para jugar, sin embargo esas negociaciones se prolongaron por varias horas.<\/p>\n<p><strong>BUEN ARRANQUE<\/strong><br \/>\nEn otras escuelas, como por ejemplo la Escuela Bucalemu, el director realiz\u00f3 un acto p\u00fablico en el que present\u00f3 a los nuevos profesores y asign\u00f3 roles de manera clara para todo el alumnado. En esa escuela estudian 130 ni\u00f1os, lo que significa que est\u00e1 al tome de entusiasmo en todos sus rincones y salas de clases.<br \/>\nDiario El Trabajo tambi\u00e9n recorri\u00f3 escuelas del sector 21 de Mayo, El Asiento y Bellavista, as\u00ed como la Escuela Manuel Rodr\u00edguez de San Felipe centro. Dicho esto, s\u00f3lo resta esperar a que los nuevos campeones del Simce aparezcan; los concursos de m\u00fasica y de pintura se realicen; los paseos educativos y los juegos deportivos escolares tambi\u00e9n arranquen, para poder decir que plenamente el a\u00f1o escolar 2016 ya est\u00e1 oficialmente instaurado en nuestra comuna, anuncio que se realizar\u00e1 el pr\u00f3ximo martes en la Escuela Almendral en horas de la ma\u00f1ana.<br \/>\n<strong>Roberto Gonz\u00e1lez Short<\/strong><br \/>\n<strong>rgonzalez@eltrabajo.cl<\/strong><\/p>\n<div class=\"tiled-gallery type-rectangular tiled-gallery-unresized\" data-original-width=\"640\" data-carousel-extra='null' itemscope itemtype=\"http:\/\/schema.org\/ImageGallery\" > <div class=\"gallery-row\" style=\"width: 640px; height: 283px;\" data-original-width=\"640\" data-original-height=\"283\" > <div class=\"gallery-group images-1\" style=\"width: 428px; height: 283px;\" data-original-width=\"428\" data-original-height=\"283\" > <div class=\"tiled-gallery-item tiled-gallery-item-large\" itemprop=\"associatedMedia\" itemscope itemtype=\"http:\/\/schema.org\/ImageObject\"> <a href=\"https:\/\/eltrabajo.cl\/portal\/algunos-llorando-y-otros-felices-miles-de-escolares-volvieron-ayer-a-clases\/profesbucalemu\/\" border=\"0\" itemprop=\"url\"> <meta itemprop=\"width\" content=\"424\"> <meta itemprop=\"height\" content=\"279\"> <img decoding=\"async\" class=\"\" data-attachment-id=\"67449\" data-orig-file=\"https:\/\/eltrabajo.cl\/portal\/wp-content\/uploads\/2016\/03\/ProfesBucalemu.jpg\" data-orig-size=\"530,349\" data-comments-opened=\"1\" data-image-meta=\"{&quot;aperture&quot;:&quot;0&quot;,&quot;credit&quot;:&quot;&quot;,&quot;camera&quot;:&quot;&quot;,&quot;caption&quot;:&quot;&quot;,&quot;created_timestamp&quot;:&quot;0&quot;,&quot;copyright&quot;:&quot;&quot;,&quot;focal_length&quot;:&quot;0&quot;,&quot;iso&quot;:&quot;0&quot;,&quot;shutter_speed&quot;:&quot;0&quot;,&quot;title&quot;:&quot;&quot;,&quot;orientation&quot;:&quot;0&quot;}\" data-image-title=\"PROFES PREPARADOS.- Ellos son algunos de los profesores de la Escuela Bucalemu, quienes recibieron con alegr\u00eda a sus 130 estudiantes.\" data-image-description=\"&lt;p&gt;PROFES PREPARADOS.- Ellos son algunos de los profesores de la Escuela Bucalemu, quienes recibieron con alegr\u00eda a sus 130 estudiantes.&lt;\/p&gt; \" data-medium-file=\"https:\/\/i0.wp.com\/eltrabajo.cl\/portal\/wp-content\/uploads\/2016\/03\/ProfesBucalemu.jpg?fit=300%2C198&#038;ssl=1\" data-large-file=\"https:\/\/i0.wp.com\/eltrabajo.cl\/portal\/wp-content\/uploads\/2016\/03\/ProfesBucalemu.jpg?fit=530%2C349&#038;ssl=1\" src=\"https:\/\/i0.wp.com\/eltrabajo.cl\/portal\/wp-content\/uploads\/2016\/03\/ProfesBucalemu.jpg?w=424&#038;h=279&#038;ssl=1\" srcset=\"https:\/\/i0.wp.com\/eltrabajo.cl\/portal\/wp-content\/uploads\/2016\/03\/ProfesBucalemu.jpg?w=530&amp;ssl=1 530w, https:\/\/i0.wp.com\/eltrabajo.cl\/portal\/wp-content\/uploads\/2016\/03\/ProfesBucalemu.jpg?resize=200%2C132&amp;ssl=1 200w, https:\/\/i0.wp.com\/eltrabajo.cl\/portal\/wp-content\/uploads\/2016\/03\/ProfesBucalemu.jpg?resize=300%2C198&amp;ssl=1 300w, https:\/\/i0.wp.com\/eltrabajo.cl\/portal\/wp-content\/uploads\/2016\/03\/ProfesBucalemu.jpg?resize=228%2C150&amp;ssl=1 228w, https:\/\/i0.wp.com\/eltrabajo.cl\/portal\/wp-content\/uploads\/2016\/03\/ProfesBucalemu.jpg?resize=400%2C263&amp;ssl=1 400w\" width=\"424\" height=\"279\" loading=\"lazy\" data-original-width=\"424\" data-original-height=\"279\" itemprop=\"http:\/\/schema.org\/image\" title=\"PROFES PREPARADOS.- Ellos son algunos de los profesores de la Escuela Bucalemu, quienes recibieron con alegr\u00eda a sus 130 estudiantes.\" alt=\"PROFES PREPARADOS.- Ellos son algunos de los profesores de la Escuela Bucalemu, quienes recibieron con alegr\u00eda a sus 130 estudiantes.\" style=\"width: 424px; height: 279px;\" \/> <\/a> <div class=\"tiled-gallery-caption\" itemprop=\"caption description\"> PROFES PREPARADOS.- Ellos son algunos de los profesores de la Escuela Bucalemu, quienes recibieron con alegr\u00eda a sus 130 estudiantes. <\/div> <\/div> <\/div> <!-- close group --> <div class=\"gallery-group images-2\" style=\"width: 212px; height: 283px;\" data-original-width=\"212\" data-original-height=\"283\" > <div class=\"tiled-gallery-item tiled-gallery-item-small\" itemprop=\"associatedMedia\" itemscope itemtype=\"http:\/\/schema.org\/ImageObject\"> <a href=\"https:\/\/eltrabajo.cl\/portal\/algunos-llorando-y-otros-felices-miles-de-escolares-volvieron-ayer-a-clases\/prekindercurimon\/\" border=\"0\" itemprop=\"url\"> <meta itemprop=\"width\" content=\"208\"> <meta itemprop=\"height\" content=\"138\"> <img decoding=\"async\" class=\"\" data-attachment-id=\"67448\" data-orig-file=\"https:\/\/eltrabajo.cl\/portal\/wp-content\/uploads\/2016\/03\/PrekinderCurimon.jpg\" data-orig-size=\"528,349\" data-comments-opened=\"1\" data-image-meta=\"{&quot;aperture&quot;:&quot;0&quot;,&quot;credit&quot;:&quot;&quot;,&quot;camera&quot;:&quot;&quot;,&quot;caption&quot;:&quot;&quot;,&quot;created_timestamp&quot;:&quot;0&quot;,&quot;copyright&quot;:&quot;&quot;,&quot;focal_length&quot;:&quot;0&quot;,&quot;iso&quot;:&quot;0&quot;,&quot;shutter_speed&quot;:&quot;0&quot;,&quot;title&quot;:&quot;&quot;,&quot;orientation&quot;:&quot;0&quot;}\" data-image-title=\"SU PRIMER D\u00cdA.- Los peques del prekinder de la Escuela Carmela Carvajal, luego de darse algunos su llorada, aceptaron posar para las c\u00e1maras de Diario El Trabajo.\" data-image-description=\"&lt;p&gt;SU PRIMER D\u00cdA.- Los peques del prekinder de la Escuela Carmela Carvajal, luego de darse algunos su llorada, aceptaron posar para las c\u00e1maras de Diario El Trabajo.&lt;\/p&gt; \" data-medium-file=\"https:\/\/i0.wp.com\/eltrabajo.cl\/portal\/wp-content\/uploads\/2016\/03\/PrekinderCurimon.jpg?fit=300%2C198&#038;ssl=1\" data-large-file=\"https:\/\/i0.wp.com\/eltrabajo.cl\/portal\/wp-content\/uploads\/2016\/03\/PrekinderCurimon.jpg?fit=528%2C349&#038;ssl=1\" src=\"https:\/\/i0.wp.com\/eltrabajo.cl\/portal\/wp-content\/uploads\/2016\/03\/PrekinderCurimon.jpg?w=208&#038;h=138&#038;ssl=1\" srcset=\"https:\/\/i0.wp.com\/eltrabajo.cl\/portal\/wp-content\/uploads\/2016\/03\/PrekinderCurimon.jpg?w=528&amp;ssl=1 528w, https:\/\/i0.wp.com\/eltrabajo.cl\/portal\/wp-content\/uploads\/2016\/03\/PrekinderCurimon.jpg?resize=200%2C132&amp;ssl=1 200w, https:\/\/i0.wp.com\/eltrabajo.cl\/portal\/wp-content\/uploads\/2016\/03\/PrekinderCurimon.jpg?resize=300%2C198&amp;ssl=1 300w, https:\/\/i0.wp.com\/eltrabajo.cl\/portal\/wp-content\/uploads\/2016\/03\/PrekinderCurimon.jpg?resize=227%2C150&amp;ssl=1 227w, https:\/\/i0.wp.com\/eltrabajo.cl\/portal\/wp-content\/uploads\/2016\/03\/PrekinderCurimon.jpg?resize=400%2C264&amp;ssl=1 400w\" width=\"208\" height=\"138\" loading=\"lazy\" data-original-width=\"208\" data-original-height=\"138\" itemprop=\"http:\/\/schema.org\/image\" title=\"SU PRIMER D\u00cdA.- Los peques del prekinder de la Escuela Carmela Carvajal, luego de darse algunos su llorada, aceptaron posar para las c\u00e1maras de Diario El Trabajo.\" alt=\"SU PRIMER D\u00cdA.- Los peques del prekinder de la Escuela Carmela Carvajal, luego de darse algunos su llorada, aceptaron posar para las c\u00e1maras de Diario El Trabajo.\" style=\"width: 208px; height: 138px;\" \/> <\/a> <div class=\"tiled-gallery-caption\" itemprop=\"caption description\"> SU PRIMER D\u00cdA.- Los peques del prekinder de la Escuela Carmela Carvajal, luego de darse algunos su llorada, aceptaron posar para las c\u00e1maras de Diario El Trabajo. <\/div> <\/div> <div class=\"tiled-gallery-item tiled-gallery-item-small\" itemprop=\"associatedMedia\" itemscope itemtype=\"http:\/\/schema.org\/ImageObject\"> <a href=\"https:\/\/eltrabajo.cl\/portal\/algunos-llorando-y-otros-felices-miles-de-escolares-volvieron-ayer-a-clases\/prebasicatierrasblancas\/\" border=\"0\" itemprop=\"url\"> <meta itemprop=\"width\" content=\"208\"> <meta itemprop=\"height\" content=\"137\"> <img decoding=\"async\" class=\"\" data-attachment-id=\"67447\" data-orig-file=\"https:\/\/eltrabajo.cl\/portal\/wp-content\/uploads\/2016\/03\/PrebasicaTierrasBlancas.jpg\" data-orig-size=\"530,350\" data-comments-opened=\"1\" data-image-meta=\"{&quot;aperture&quot;:&quot;0&quot;,&quot;credit&quot;:&quot;&quot;,&quot;camera&quot;:&quot;&quot;,&quot;caption&quot;:&quot;&quot;,&quot;created_timestamp&quot;:&quot;0&quot;,&quot;copyright&quot;:&quot;&quot;,&quot;focal_length&quot;:&quot;0&quot;,&quot;iso&quot;:&quot;0&quot;,&quot;shutter_speed&quot;:&quot;0&quot;,&quot;title&quot;:&quot;&quot;,&quot;orientation&quot;:&quot;0&quot;}\" data-image-title=\"ESCUELA DE TIERRAS BLANCAS.- As\u00ed luc\u00edan ayer los chicos de prekinder de la Escuela Mateo Cokljat Knezic de Tierras Blancas, los acompa\u00f1an la directora escolar y sus educadoras encargadas.\" data-image-description=\"&lt;p&gt;ESCUELA DE TIERRAS BLANCAS.- As\u00ed luc\u00edan ayer los chicos de prekinder de la Escuela Mateo Cokljat Knezic de Tierras Blancas, los acompa\u00f1an la directora escolar y sus educadoras encargadas.&lt;\/p&gt; \" data-medium-file=\"https:\/\/i0.wp.com\/eltrabajo.cl\/portal\/wp-content\/uploads\/2016\/03\/PrebasicaTierrasBlancas.jpg?fit=300%2C198&#038;ssl=1\" data-large-file=\"https:\/\/i0.wp.com\/eltrabajo.cl\/portal\/wp-content\/uploads\/2016\/03\/PrebasicaTierrasBlancas.jpg?fit=530%2C350&#038;ssl=1\" src=\"https:\/\/i0.wp.com\/eltrabajo.cl\/portal\/wp-content\/uploads\/2016\/03\/PrebasicaTierrasBlancas.jpg?w=208&#038;h=137&#038;ssl=1\" srcset=\"https:\/\/i0.wp.com\/eltrabajo.cl\/portal\/wp-content\/uploads\/2016\/03\/PrebasicaTierrasBlancas.jpg?w=530&amp;ssl=1 530w, https:\/\/i0.wp.com\/eltrabajo.cl\/portal\/wp-content\/uploads\/2016\/03\/PrebasicaTierrasBlancas.jpg?resize=200%2C132&amp;ssl=1 200w, https:\/\/i0.wp.com\/eltrabajo.cl\/portal\/wp-content\/uploads\/2016\/03\/PrebasicaTierrasBlancas.jpg?resize=300%2C198&amp;ssl=1 300w, https:\/\/i0.wp.com\/eltrabajo.cl\/portal\/wp-content\/uploads\/2016\/03\/PrebasicaTierrasBlancas.jpg?resize=227%2C150&amp;ssl=1 227w, https:\/\/i0.wp.com\/eltrabajo.cl\/portal\/wp-content\/uploads\/2016\/03\/PrebasicaTierrasBlancas.jpg?resize=400%2C264&amp;ssl=1 400w\" width=\"208\" height=\"137\" loading=\"lazy\" data-original-width=\"208\" data-original-height=\"137\" itemprop=\"http:\/\/schema.org\/image\" title=\"ESCUELA DE TIERRAS BLANCAS.- As\u00ed luc\u00edan ayer los chicos de prekinder de la Escuela Mateo Cokljat Knezic de Tierras Blancas, los acompa\u00f1an la directora escolar y sus educadoras encargadas.\" alt=\"ESCUELA DE TIERRAS BLANCAS.- As\u00ed luc\u00edan ayer los chicos de prekinder de la Escuela Mateo Cokljat Knezic de Tierras Blancas, los acompa\u00f1an la directora escolar y sus educadoras encargadas.\" style=\"width: 208px; height: 137px;\" \/> <\/a> <div class=\"tiled-gallery-caption\" itemprop=\"caption description\"> ESCUELA DE TIERRAS BLANCAS.- As\u00ed luc\u00edan ayer los chicos de prekinder de la Escuela Mateo Cokljat Knezic de Tierras Blancas, los acompa\u00f1an la directora escolar y sus educadoras encargadas. <\/div> <\/div> <\/div> <!-- close group --> <\/div> <!-- close row --> <div class=\"gallery-row\" style=\"width: 640px; height: 142px;\" data-original-width=\"640\" data-original-height=\"142\" > <div class=\"gallery-group images-1\" style=\"width: 214px; height: 142px;\" data-original-width=\"214\" data-original-height=\"142\" > <div class=\"tiled-gallery-item tiled-gallery-item-small\" itemprop=\"associatedMedia\" itemscope itemtype=\"http:\/\/schema.org\/ImageObject\"> <a href=\"https:\/\/eltrabajo.cl\/portal\/algunos-llorando-y-otros-felices-miles-de-escolares-volvieron-ayer-a-clases\/mayo21-2\/\" border=\"0\" itemprop=\"url\"> <meta itemprop=\"width\" content=\"210\"> <meta itemprop=\"height\" content=\"138\"> <img decoding=\"async\" class=\"\" data-attachment-id=\"67446\" data-orig-file=\"https:\/\/eltrabajo.cl\/portal\/wp-content\/uploads\/2016\/03\/Mayo21-1.jpg\" data-orig-size=\"530,349\" data-comments-opened=\"1\" data-image-meta=\"{&quot;aperture&quot;:&quot;0&quot;,&quot;credit&quot;:&quot;&quot;,&quot;camera&quot;:&quot;&quot;,&quot;caption&quot;:&quot;&quot;,&quot;created_timestamp&quot;:&quot;0&quot;,&quot;copyright&quot;:&quot;&quot;,&quot;focal_length&quot;:&quot;0&quot;,&quot;iso&quot;:&quot;0&quot;,&quot;shutter_speed&quot;:&quot;0&quot;,&quot;title&quot;:&quot;&quot;,&quot;orientation&quot;:&quot;0&quot;}\" data-image-title=\"SANGRE NUEVA.- En la Escuela 21 de Mayo tambi\u00e9n hubo de nuevo alegr\u00eda en las salas y patios del recinto escolar, pues una nueva generaci\u00f3n de estudiantes naci\u00f3 este jueves 3 de marzo.\" data-image-description=\"&lt;p&gt;SANGRE NUEVA.- En la Escuela 21 de Mayo tambi\u00e9n hubo de nuevo alegr\u00eda en las salas y patios del recinto escolar, pues una nueva generaci\u00f3n de estudiantes naci\u00f3 este jueves 3 de marzo.&lt;\/p&gt; \" data-medium-file=\"https:\/\/i0.wp.com\/eltrabajo.cl\/portal\/wp-content\/uploads\/2016\/03\/Mayo21-1.jpg?fit=300%2C198&#038;ssl=1\" data-large-file=\"https:\/\/i0.wp.com\/eltrabajo.cl\/portal\/wp-content\/uploads\/2016\/03\/Mayo21-1.jpg?fit=530%2C349&#038;ssl=1\" src=\"https:\/\/i0.wp.com\/eltrabajo.cl\/portal\/wp-content\/uploads\/2016\/03\/Mayo21-1.jpg?w=210&#038;h=138&#038;ssl=1\" srcset=\"https:\/\/i0.wp.com\/eltrabajo.cl\/portal\/wp-content\/uploads\/2016\/03\/Mayo21-1.jpg?w=530&amp;ssl=1 530w, https:\/\/i0.wp.com\/eltrabajo.cl\/portal\/wp-content\/uploads\/2016\/03\/Mayo21-1.jpg?resize=200%2C132&amp;ssl=1 200w, https:\/\/i0.wp.com\/eltrabajo.cl\/portal\/wp-content\/uploads\/2016\/03\/Mayo21-1.jpg?resize=300%2C198&amp;ssl=1 300w, https:\/\/i0.wp.com\/eltrabajo.cl\/portal\/wp-content\/uploads\/2016\/03\/Mayo21-1.jpg?resize=228%2C150&amp;ssl=1 228w, https:\/\/i0.wp.com\/eltrabajo.cl\/portal\/wp-content\/uploads\/2016\/03\/Mayo21-1.jpg?resize=400%2C263&amp;ssl=1 400w\" width=\"210\" height=\"138\" loading=\"lazy\" data-original-width=\"210\" data-original-height=\"138\" itemprop=\"http:\/\/schema.org\/image\" title=\"SANGRE NUEVA.- En la Escuela 21 de Mayo tambi\u00e9n hubo de nuevo alegr\u00eda en las salas y patios del recinto escolar, pues una nueva generaci\u00f3n de estudiantes naci\u00f3 este jueves 3 de marzo.\" alt=\"SANGRE NUEVA.- En la Escuela 21 de Mayo tambi\u00e9n hubo de nuevo alegr\u00eda en las salas y patios del recinto escolar, pues una nueva generaci\u00f3n de estudiantes naci\u00f3 este jueves 3 de marzo.\" style=\"width: 210px; height: 138px;\" \/> <\/a> <div class=\"tiled-gallery-caption\" itemprop=\"caption description\"> SANGRE NUEVA.- En la Escuela 21 de Mayo tambi\u00e9n hubo de nuevo alegr\u00eda en las salas y patios del recinto escolar, pues una nueva generaci\u00f3n de estudiantes naci\u00f3 este jueves 3 de marzo. <\/div> <\/div> <\/div> <!-- close group --> <div class=\"gallery-group images-1\" style=\"width: 213px; height: 142px;\" data-original-width=\"213\" data-original-height=\"142\" > <div class=\"tiled-gallery-item tiled-gallery-item-small\" itemprop=\"associatedMedia\" itemscope itemtype=\"http:\/\/schema.org\/ImageObject\"> <a href=\"https:\/\/eltrabajo.cl\/portal\/algunos-llorando-y-otros-felices-miles-de-escolares-volvieron-ayer-a-clases\/manuelrodriguez\/\" border=\"0\" itemprop=\"url\"> <meta itemprop=\"width\" content=\"209\"> <meta itemprop=\"height\" content=\"138\"> <img decoding=\"async\" class=\"\" data-attachment-id=\"67445\" data-orig-file=\"https:\/\/eltrabajo.cl\/portal\/wp-content\/uploads\/2016\/03\/ManuelRodriguez.jpg\" data-orig-size=\"530,350\" data-comments-opened=\"1\" data-image-meta=\"{&quot;aperture&quot;:&quot;0&quot;,&quot;credit&quot;:&quot;&quot;,&quot;camera&quot;:&quot;&quot;,&quot;caption&quot;:&quot;&quot;,&quot;created_timestamp&quot;:&quot;0&quot;,&quot;copyright&quot;:&quot;&quot;,&quot;focal_length&quot;:&quot;0&quot;,&quot;iso&quot;:&quot;0&quot;,&quot;shutter_speed&quot;:&quot;0&quot;,&quot;title&quot;:&quot;&quot;,&quot;orientation&quot;:&quot;0&quot;}\" data-image-title=\"LA GRAN CHIQUILLADA.- Ellos son los alumnos de la Escuela Manuel Rodr\u00edguez de San Felipe con algunos de sus profesores, llenos de alegr\u00eda y muy aseados.\" data-image-description=\"&lt;p&gt;LA GRAN CHIQUILLADA.- Ellos son los alumnos de la Escuela Manuel Rodr\u00edguez de San Felipe con algunos de sus profesores, llenos de alegr\u00eda y muy aseados.&lt;\/p&gt; \" data-medium-file=\"https:\/\/i0.wp.com\/eltrabajo.cl\/portal\/wp-content\/uploads\/2016\/03\/ManuelRodriguez.jpg?fit=300%2C198&#038;ssl=1\" data-large-file=\"https:\/\/i0.wp.com\/eltrabajo.cl\/portal\/wp-content\/uploads\/2016\/03\/ManuelRodriguez.jpg?fit=530%2C350&#038;ssl=1\" src=\"https:\/\/i0.wp.com\/eltrabajo.cl\/portal\/wp-content\/uploads\/2016\/03\/ManuelRodriguez.jpg?w=209&#038;h=138&#038;ssl=1\" srcset=\"https:\/\/i0.wp.com\/eltrabajo.cl\/portal\/wp-content\/uploads\/2016\/03\/ManuelRodriguez.jpg?w=530&amp;ssl=1 530w, https:\/\/i0.wp.com\/eltrabajo.cl\/portal\/wp-content\/uploads\/2016\/03\/ManuelRodriguez.jpg?resize=200%2C132&amp;ssl=1 200w, https:\/\/i0.wp.com\/eltrabajo.cl\/portal\/wp-content\/uploads\/2016\/03\/ManuelRodriguez.jpg?resize=300%2C198&amp;ssl=1 300w, https:\/\/i0.wp.com\/eltrabajo.cl\/portal\/wp-content\/uploads\/2016\/03\/ManuelRodriguez.jpg?resize=227%2C150&amp;ssl=1 227w, https:\/\/i0.wp.com\/eltrabajo.cl\/portal\/wp-content\/uploads\/2016\/03\/ManuelRodriguez.jpg?resize=400%2C264&amp;ssl=1 400w\" width=\"209\" height=\"138\" loading=\"lazy\" data-original-width=\"209\" data-original-height=\"138\" itemprop=\"http:\/\/schema.org\/image\" title=\"LA GRAN CHIQUILLADA.- Ellos son los alumnos de la Escuela Manuel Rodr\u00edguez de San Felipe con algunos de sus profesores, llenos de alegr\u00eda y muy aseados.\" alt=\"LA GRAN CHIQUILLADA.- Ellos son los alumnos de la Escuela Manuel Rodr\u00edguez de San Felipe con algunos de sus profesores, llenos de alegr\u00eda y muy aseados.\" style=\"width: 209px; height: 138px;\" \/> <\/a> <div class=\"tiled-gallery-caption\" itemprop=\"caption description\"> LA GRAN CHIQUILLADA.- Ellos son los alumnos de la Escuela Manuel Rodr\u00edguez de San Felipe con algunos de sus profesores, llenos de alegr\u00eda y muy aseados. <\/div> <\/div> <\/div> <!-- close group --> <div class=\"gallery-group images-1\" style=\"width: 213px; height: 142px;\" data-original-width=\"213\" data-original-height=\"142\" > <div class=\"tiled-gallery-item tiled-gallery-item-small\" itemprop=\"associatedMedia\" itemscope itemtype=\"http:\/\/schema.org\/ImageObject\"> <a href=\"https:\/\/eltrabajo.cl\/portal\/algunos-llorando-y-otros-felices-miles-de-escolares-volvieron-ayer-a-clases\/kindercurimon\/\" border=\"0\" itemprop=\"url\"> <meta itemprop=\"width\" content=\"209\"> <meta itemprop=\"height\" content=\"138\"> <img decoding=\"async\" class=\"\" data-attachment-id=\"67444\" data-orig-file=\"https:\/\/eltrabajo.cl\/portal\/wp-content\/uploads\/2016\/03\/KinderCurimon.jpg\" data-orig-size=\"530,349\" data-comments-opened=\"1\" data-image-meta=\"{&quot;aperture&quot;:&quot;0&quot;,&quot;credit&quot;:&quot;&quot;,&quot;camera&quot;:&quot;&quot;,&quot;caption&quot;:&quot;&quot;,&quot;created_timestamp&quot;:&quot;0&quot;,&quot;copyright&quot;:&quot;&quot;,&quot;focal_length&quot;:&quot;0&quot;,&quot;iso&quot;:&quot;0&quot;,&quot;shutter_speed&quot;:&quot;0&quot;,&quot;title&quot;:&quot;&quot;,&quot;orientation&quot;:&quot;0&quot;}\" data-image-title=\"CONQUISTADORES.- Ellos son los peques de k\u00ednder de la Escuela Carmela Carvajal, de Curim\u00f3n.\" data-image-description=\"&lt;p&gt;CONQUISTADORES.- Ellos son los peques de k\u00ednder de la Escuela Carmela Carvajal, de Curim\u00f3n.&lt;\/p&gt; \" data-medium-file=\"https:\/\/i0.wp.com\/eltrabajo.cl\/portal\/wp-content\/uploads\/2016\/03\/KinderCurimon.jpg?fit=300%2C198&#038;ssl=1\" data-large-file=\"https:\/\/i0.wp.com\/eltrabajo.cl\/portal\/wp-content\/uploads\/2016\/03\/KinderCurimon.jpg?fit=530%2C349&#038;ssl=1\" src=\"https:\/\/i0.wp.com\/eltrabajo.cl\/portal\/wp-content\/uploads\/2016\/03\/KinderCurimon.jpg?w=209&#038;h=138&#038;ssl=1\" srcset=\"https:\/\/i0.wp.com\/eltrabajo.cl\/portal\/wp-content\/uploads\/2016\/03\/KinderCurimon.jpg?w=530&amp;ssl=1 530w, https:\/\/i0.wp.com\/eltrabajo.cl\/portal\/wp-content\/uploads\/2016\/03\/KinderCurimon.jpg?resize=200%2C132&amp;ssl=1 200w, https:\/\/i0.wp.com\/eltrabajo.cl\/portal\/wp-content\/uploads\/2016\/03\/KinderCurimon.jpg?resize=300%2C198&amp;ssl=1 300w, https:\/\/i0.wp.com\/eltrabajo.cl\/portal\/wp-content\/uploads\/2016\/03\/KinderCurimon.jpg?resize=228%2C150&amp;ssl=1 228w, https:\/\/i0.wp.com\/eltrabajo.cl\/portal\/wp-content\/uploads\/2016\/03\/KinderCurimon.jpg?resize=400%2C263&amp;ssl=1 400w\" width=\"209\" height=\"138\" loading=\"lazy\" data-original-width=\"209\" data-original-height=\"138\" itemprop=\"http:\/\/schema.org\/image\" title=\"CONQUISTADORES.- Ellos son los peques de k\u00ednder de la Escuela Carmela Carvajal, de Curim\u00f3n.\" alt=\"CONQUISTADORES.- Ellos son los peques de k\u00ednder de la Escuela Carmela Carvajal, de Curim\u00f3n.\" style=\"width: 209px; height: 138px;\" \/> <\/a> <div class=\"tiled-gallery-caption\" itemprop=\"caption description\"> CONQUISTADORES.- Ellos son los peques de k\u00ednder de la Escuela Carmela Carvajal, de Curim\u00f3n. <\/div> <\/div> <\/div> <!-- close group --> <\/div> <!-- close row --> <div class=\"gallery-row\" style=\"width: 640px; height: 283px;\" data-original-width=\"640\" data-original-height=\"283\" > <div class=\"gallery-group images-2\" style=\"width: 213px; height: 283px;\" data-original-width=\"213\" data-original-height=\"283\" > <div class=\"tiled-gallery-item tiled-gallery-item-small\" itemprop=\"associatedMedia\" itemscope itemtype=\"http:\/\/schema.org\/ImageObject\"> <a href=\"https:\/\/eltrabajo.cl\/portal\/algunos-llorando-y-otros-felices-miles-de-escolares-volvieron-ayer-a-clases\/kevin-zuniga\/\" border=\"0\" itemprop=\"url\"> <meta itemprop=\"width\" content=\"209\"> <meta itemprop=\"height\" content=\"137\"> <img decoding=\"async\" class=\"\" data-attachment-id=\"67443\" data-orig-file=\"https:\/\/eltrabajo.cl\/portal\/wp-content\/uploads\/2016\/03\/Kevin-Zuniga.jpg\" data-orig-size=\"530,349\" data-comments-opened=\"1\" data-image-meta=\"{&quot;aperture&quot;:&quot;0&quot;,&quot;credit&quot;:&quot;&quot;,&quot;camera&quot;:&quot;&quot;,&quot;caption&quot;:&quot;&quot;,&quot;created_timestamp&quot;:&quot;0&quot;,&quot;copyright&quot;:&quot;&quot;,&quot;focal_length&quot;:&quot;0&quot;,&quot;iso&quot;:&quot;0&quot;,&quot;shutter_speed&quot;:&quot;0&quot;,&quot;title&quot;:&quot;&quot;,&quot;orientation&quot;:&quot;0&quot;}\" data-image-title=\"PERO ES UN VALIENTE.- Para Kevin Z\u00fa\u00f1iga, de prekinder de la Carmela Carvajal, el d\u00eda de ayer ser\u00e1 inolvidable, pues lo pas\u00f3 bastante mal sin su mam\u00e1.\" data-image-description=\"&lt;p&gt;PERO ES UN VALIENTE.- Para Kevin Z\u00fa\u00f1iga, de prekinder de la Carmela Carvajal, el d\u00eda de ayer ser\u00e1 inolvidable, pues lo pas\u00f3 bastante mal sin su mam\u00e1.&lt;\/p&gt; \" data-medium-file=\"https:\/\/i0.wp.com\/eltrabajo.cl\/portal\/wp-content\/uploads\/2016\/03\/Kevin-Zuniga.jpg?fit=300%2C198&#038;ssl=1\" data-large-file=\"https:\/\/i0.wp.com\/eltrabajo.cl\/portal\/wp-content\/uploads\/2016\/03\/Kevin-Zuniga.jpg?fit=530%2C349&#038;ssl=1\" src=\"https:\/\/i0.wp.com\/eltrabajo.cl\/portal\/wp-content\/uploads\/2016\/03\/Kevin-Zuniga.jpg?w=209&#038;h=137&#038;ssl=1\" srcset=\"https:\/\/i0.wp.com\/eltrabajo.cl\/portal\/wp-content\/uploads\/2016\/03\/Kevin-Zuniga.jpg?w=530&amp;ssl=1 530w, https:\/\/i0.wp.com\/eltrabajo.cl\/portal\/wp-content\/uploads\/2016\/03\/Kevin-Zuniga.jpg?resize=200%2C132&amp;ssl=1 200w, https:\/\/i0.wp.com\/eltrabajo.cl\/portal\/wp-content\/uploads\/2016\/03\/Kevin-Zuniga.jpg?resize=300%2C198&amp;ssl=1 300w, https:\/\/i0.wp.com\/eltrabajo.cl\/portal\/wp-content\/uploads\/2016\/03\/Kevin-Zuniga.jpg?resize=228%2C150&amp;ssl=1 228w, https:\/\/i0.wp.com\/eltrabajo.cl\/portal\/wp-content\/uploads\/2016\/03\/Kevin-Zuniga.jpg?resize=400%2C263&amp;ssl=1 400w\" width=\"209\" height=\"137\" loading=\"lazy\" data-original-width=\"209\" data-original-height=\"137\" itemprop=\"http:\/\/schema.org\/image\" title=\"PERO ES UN VALIENTE.- Para Kevin Z\u00fa\u00f1iga, de prekinder de la Carmela Carvajal, el d\u00eda de ayer ser\u00e1 inolvidable, pues lo pas\u00f3 bastante mal sin su mam\u00e1.\" alt=\"PERO ES UN VALIENTE.- Para Kevin Z\u00fa\u00f1iga, de prekinder de la Carmela Carvajal, el d\u00eda de ayer ser\u00e1 inolvidable, pues lo pas\u00f3 bastante mal sin su mam\u00e1.\" style=\"width: 209px; height: 137px;\" \/> <\/a> <div class=\"tiled-gallery-caption\" itemprop=\"caption description\"> PERO ES UN VALIENTE.- Para Kevin Z\u00fa\u00f1iga, de prekinder de la Carmela Carvajal, el d\u00eda de ayer ser\u00e1 inolvidable, pues lo pas\u00f3 bastante mal sin su mam\u00e1. <\/div> <\/div> <div class=\"tiled-gallery-item tiled-gallery-item-small\" itemprop=\"associatedMedia\" itemscope itemtype=\"http:\/\/schema.org\/ImageObject\"> <a href=\"https:\/\/eltrabajo.cl\/portal\/algunos-llorando-y-otros-felices-miles-de-escolares-volvieron-ayer-a-clases\/karol-espinace\/\" border=\"0\" itemprop=\"url\"> <meta itemprop=\"width\" content=\"209\"> <meta itemprop=\"height\" content=\"138\"> <img decoding=\"async\" class=\"\" data-attachment-id=\"67442\" data-orig-file=\"https:\/\/eltrabajo.cl\/portal\/wp-content\/uploads\/2016\/03\/Karol-Espinace.jpg\" data-orig-size=\"530,350\" data-comments-opened=\"1\" data-image-meta=\"{&quot;aperture&quot;:&quot;0&quot;,&quot;credit&quot;:&quot;&quot;,&quot;camera&quot;:&quot;&quot;,&quot;caption&quot;:&quot;&quot;,&quot;created_timestamp&quot;:&quot;0&quot;,&quot;copyright&quot;:&quot;&quot;,&quot;focal_length&quot;:&quot;0&quot;,&quot;iso&quot;:&quot;0&quot;,&quot;shutter_speed&quot;:&quot;0&quot;,&quot;title&quot;:&quot;&quot;,&quot;orientation&quot;:&quot;0&quot;}\" data-image-title=\"UNA PESADILLA.- Karol Espinace, de apenas tres a\u00f1os y diez meses, no soport\u00f3 la idea de ser alejada del espacio vital de su madre, igual que ella lo pasaron otros peque\u00f1itos.\" data-image-description=\"&lt;p&gt;UNA PESADILLA.- Karol Espinace, de apenas tres a\u00f1os y diez meses, no soport\u00f3 la idea de ser alejada del espacio vital de su madre, igual que ella lo pasaron otros peque\u00f1itos.&lt;\/p&gt; \" data-medium-file=\"https:\/\/i0.wp.com\/eltrabajo.cl\/portal\/wp-content\/uploads\/2016\/03\/Karol-Espinace.jpg?fit=300%2C198&#038;ssl=1\" data-large-file=\"https:\/\/i0.wp.com\/eltrabajo.cl\/portal\/wp-content\/uploads\/2016\/03\/Karol-Espinace.jpg?fit=530%2C350&#038;ssl=1\" src=\"https:\/\/i0.wp.com\/eltrabajo.cl\/portal\/wp-content\/uploads\/2016\/03\/Karol-Espinace.jpg?w=209&#038;h=138&#038;ssl=1\" srcset=\"https:\/\/i0.wp.com\/eltrabajo.cl\/portal\/wp-content\/uploads\/2016\/03\/Karol-Espinace.jpg?w=530&amp;ssl=1 530w, https:\/\/i0.wp.com\/eltrabajo.cl\/portal\/wp-content\/uploads\/2016\/03\/Karol-Espinace.jpg?resize=200%2C132&amp;ssl=1 200w, https:\/\/i0.wp.com\/eltrabajo.cl\/portal\/wp-content\/uploads\/2016\/03\/Karol-Espinace.jpg?resize=300%2C198&amp;ssl=1 300w, https:\/\/i0.wp.com\/eltrabajo.cl\/portal\/wp-content\/uploads\/2016\/03\/Karol-Espinace.jpg?resize=227%2C150&amp;ssl=1 227w, https:\/\/i0.wp.com\/eltrabajo.cl\/portal\/wp-content\/uploads\/2016\/03\/Karol-Espinace.jpg?resize=400%2C264&amp;ssl=1 400w\" width=\"209\" height=\"138\" loading=\"lazy\" data-original-width=\"209\" data-original-height=\"138\" itemprop=\"http:\/\/schema.org\/image\" title=\"UNA PESADILLA.- Karol Espinace, de apenas tres a\u00f1os y diez meses, no soport\u00f3 la idea de ser alejada del espacio vital de su madre, igual que ella lo pasaron otros peque\u00f1itos.\" alt=\"UNA PESADILLA.- Karol Espinace, de apenas tres a\u00f1os y diez meses, no soport\u00f3 la idea de ser alejada del espacio vital de su madre, igual que ella lo pasaron otros peque\u00f1itos.\" style=\"width: 209px; height: 138px;\" \/> <\/a> <div class=\"tiled-gallery-caption\" itemprop=\"caption description\"> UNA PESADILLA.- Karol Espinace, de apenas tres a\u00f1os y diez meses, no soport\u00f3 la idea de ser alejada del espacio vital de su madre, igual que ella lo pasaron otros peque\u00f1itos. <\/div> <\/div> <\/div> <!-- close group --> <div class=\"gallery-group images-1\" style=\"width: 427px; height: 283px;\" data-original-width=\"427\" data-original-height=\"283\" > <div class=\"tiled-gallery-item tiled-gallery-item-large\" itemprop=\"associatedMedia\" itemscope itemtype=\"http:\/\/schema.org\/ImageObject\"> <a href=\"https:\/\/eltrabajo.cl\/portal\/algunos-llorando-y-otros-felices-miles-de-escolares-volvieron-ayer-a-clases\/bucalemu33\/\" border=\"0\" itemprop=\"url\"> <meta itemprop=\"width\" content=\"423\"> <meta itemprop=\"height\" content=\"279\"> <img decoding=\"async\" class=\"\" data-attachment-id=\"67441\" data-orig-file=\"https:\/\/eltrabajo.cl\/portal\/wp-content\/uploads\/2016\/03\/Bucalemu33.jpg\" data-orig-size=\"530,350\" data-comments-opened=\"1\" data-image-meta=\"{&quot;aperture&quot;:&quot;0&quot;,&quot;credit&quot;:&quot;&quot;,&quot;camera&quot;:&quot;&quot;,&quot;caption&quot;:&quot;&quot;,&quot;created_timestamp&quot;:&quot;0&quot;,&quot;copyright&quot;:&quot;&quot;,&quot;focal_length&quot;:&quot;0&quot;,&quot;iso&quot;:&quot;0&quot;,&quot;shutter_speed&quot;:&quot;0&quot;,&quot;title&quot;:&quot;&quot;,&quot;orientation&quot;:&quot;0&quot;}\" data-image-title=\"\u00a1VAMOS CHICOS! .- Ellos son parte de los 130 estudiantes de la Escuela Bucalemu, en donde ayer esta comunidad educativa inici\u00f3 feliz el a\u00f1o lectivo.\" data-image-description=\"&lt;p&gt;\u00a1VAMOS CHICOS! .- Ellos son parte de los 130 estudiantes de la Escuela Bucalemu, en donde ayer esta comunidad educativa inici\u00f3 feliz el a\u00f1o lectivo.&lt;\/p&gt; \" data-medium-file=\"https:\/\/i0.wp.com\/eltrabajo.cl\/portal\/wp-content\/uploads\/2016\/03\/Bucalemu33.jpg?fit=300%2C198&#038;ssl=1\" data-large-file=\"https:\/\/i0.wp.com\/eltrabajo.cl\/portal\/wp-content\/uploads\/2016\/03\/Bucalemu33.jpg?fit=530%2C350&#038;ssl=1\" src=\"https:\/\/i0.wp.com\/eltrabajo.cl\/portal\/wp-content\/uploads\/2016\/03\/Bucalemu33.jpg?w=423&#038;h=279&#038;ssl=1\" srcset=\"https:\/\/i0.wp.com\/eltrabajo.cl\/portal\/wp-content\/uploads\/2016\/03\/Bucalemu33.jpg?w=530&amp;ssl=1 530w, https:\/\/i0.wp.com\/eltrabajo.cl\/portal\/wp-content\/uploads\/2016\/03\/Bucalemu33.jpg?resize=200%2C132&amp;ssl=1 200w, https:\/\/i0.wp.com\/eltrabajo.cl\/portal\/wp-content\/uploads\/2016\/03\/Bucalemu33.jpg?resize=300%2C198&amp;ssl=1 300w, https:\/\/i0.wp.com\/eltrabajo.cl\/portal\/wp-content\/uploads\/2016\/03\/Bucalemu33.jpg?resize=227%2C150&amp;ssl=1 227w, https:\/\/i0.wp.com\/eltrabajo.cl\/portal\/wp-content\/uploads\/2016\/03\/Bucalemu33.jpg?resize=400%2C264&amp;ssl=1 400w\" width=\"423\" height=\"279\" loading=\"lazy\" data-original-width=\"423\" data-original-height=\"279\" itemprop=\"http:\/\/schema.org\/image\" title=\"\u00a1VAMOS CHICOS! .- Ellos son parte de los 130 estudiantes de la Escuela Bucalemu, en donde ayer esta comunidad educativa inici\u00f3 feliz el a\u00f1o lectivo.\" alt=\"\u00a1VAMOS CHICOS! .- Ellos son parte de los 130 estudiantes de la Escuela Bucalemu, en donde ayer esta comunidad educativa inici\u00f3 feliz el a\u00f1o lectivo.\" style=\"width: 423px; height: 279px;\" \/> <\/a> <div class=\"tiled-gallery-caption\" itemprop=\"caption description\"> \u00a1VAMOS CHICOS! .- Ellos son parte de los 130 estudiantes de la Escuela Bucalemu, en donde ayer esta comunidad educativa inici\u00f3 feliz el a\u00f1o lectivo. <\/div> <\/div> <\/div> <!-- close group --> <\/div> <!-- close row --> <div class=\"gallery-row\" style=\"width: 640px; height: 212px;\" data-original-width=\"640\" data-original-height=\"212\" > <div class=\"gallery-group images-1\" style=\"width: 320px; height: 212px;\" data-original-width=\"320\" data-original-height=\"212\" > <div class=\"tiled-gallery-item tiled-gallery-item-large\" itemprop=\"associatedMedia\" itemscope itemtype=\"http:\/\/schema.org\/ImageObject\"> <a href=\"https:\/\/eltrabajo.cl\/portal\/algunos-llorando-y-otros-felices-miles-de-escolares-volvieron-ayer-a-clases\/bellavista1-3\/\" border=\"0\" itemprop=\"url\"> <meta itemprop=\"width\" content=\"316\"> <meta itemprop=\"height\" content=\"208\"> <img decoding=\"async\" class=\"\" data-attachment-id=\"67440\" data-orig-file=\"https:\/\/eltrabajo.cl\/portal\/wp-content\/uploads\/2016\/03\/Bellavista1-1.jpg\" data-orig-size=\"530,350\" data-comments-opened=\"1\" data-image-meta=\"{&quot;aperture&quot;:&quot;0&quot;,&quot;credit&quot;:&quot;&quot;,&quot;camera&quot;:&quot;&quot;,&quot;caption&quot;:&quot;&quot;,&quot;created_timestamp&quot;:&quot;0&quot;,&quot;copyright&quot;:&quot;&quot;,&quot;focal_length&quot;:&quot;0&quot;,&quot;iso&quot;:&quot;0&quot;,&quot;shutter_speed&quot;:&quot;0&quot;,&quot;title&quot;:&quot;&quot;,&quot;orientation&quot;:&quot;0&quot;}\" data-image-title=\"NUEVA GENERACI\u00d3N.- Los estudiantes de la Escuela Carolina Ocampo, de Bellavista, tambi\u00e9n posaron para nuestras c\u00e1maras en su primer d\u00eda de clases.\" data-image-description=\"&lt;p&gt;NUEVA GENERACI\u00d3N.- Los estudiantes de la Escuela Carolina Ocampo, de Bellavista, tambi\u00e9n posaron para nuestras c\u00e1maras en su primer d\u00eda de clases.&lt;\/p&gt; \" data-medium-file=\"https:\/\/i0.wp.com\/eltrabajo.cl\/portal\/wp-content\/uploads\/2016\/03\/Bellavista1-1.jpg?fit=300%2C198&#038;ssl=1\" data-large-file=\"https:\/\/i0.wp.com\/eltrabajo.cl\/portal\/wp-content\/uploads\/2016\/03\/Bellavista1-1.jpg?fit=530%2C350&#038;ssl=1\" src=\"https:\/\/i0.wp.com\/eltrabajo.cl\/portal\/wp-content\/uploads\/2016\/03\/Bellavista1-1.jpg?w=316&#038;h=208&#038;ssl=1\" srcset=\"https:\/\/i0.wp.com\/eltrabajo.cl\/portal\/wp-content\/uploads\/2016\/03\/Bellavista1-1.jpg?w=530&amp;ssl=1 530w, https:\/\/i0.wp.com\/eltrabajo.cl\/portal\/wp-content\/uploads\/2016\/03\/Bellavista1-1.jpg?resize=200%2C132&amp;ssl=1 200w, https:\/\/i0.wp.com\/eltrabajo.cl\/portal\/wp-content\/uploads\/2016\/03\/Bellavista1-1.jpg?resize=300%2C198&amp;ssl=1 300w, https:\/\/i0.wp.com\/eltrabajo.cl\/portal\/wp-content\/uploads\/2016\/03\/Bellavista1-1.jpg?resize=227%2C150&amp;ssl=1 227w, https:\/\/i0.wp.com\/eltrabajo.cl\/portal\/wp-content\/uploads\/2016\/03\/Bellavista1-1.jpg?resize=400%2C264&amp;ssl=1 400w\" width=\"316\" height=\"208\" loading=\"lazy\" data-original-width=\"316\" data-original-height=\"208\" itemprop=\"http:\/\/schema.org\/image\" title=\"NUEVA GENERACI\u00d3N.- Los estudiantes de la Escuela Carolina Ocampo, de Bellavista, tambi\u00e9n posaron para nuestras c\u00e1maras en su primer d\u00eda de clases.\" alt=\"NUEVA GENERACI\u00d3N.- Los estudiantes de la Escuela Carolina Ocampo, de Bellavista, tambi\u00e9n posaron para nuestras c\u00e1maras en su primer d\u00eda de clases.\" style=\"width: 316px; height: 208px;\" \/> <\/a> <div class=\"tiled-gallery-caption\" itemprop=\"caption description\"> NUEVA GENERACI\u00d3N.- Los estudiantes de la Escuela Carolina Ocampo, de Bellavista, tambi\u00e9n posaron para nuestras c\u00e1maras en su primer d\u00eda de clases. <\/div> <\/div> <\/div> <!-- close group --> <div class=\"gallery-group images-1\" style=\"width: 320px; height: 212px;\" data-original-width=\"320\" data-original-height=\"212\" > <div class=\"tiled-gallery-item tiled-gallery-item-large\" itemprop=\"associatedMedia\" itemscope itemtype=\"http:\/\/schema.org\/ImageObject\"> <a href=\"https:\/\/eltrabajo.cl\/portal\/algunos-llorando-y-otros-felices-miles-de-escolares-volvieron-ayer-a-clases\/asiento1-12\/\" border=\"0\" itemprop=\"url\"> <meta itemprop=\"width\" content=\"316\"> <meta itemprop=\"height\" content=\"208\"> <img decoding=\"async\" class=\"\" data-attachment-id=\"67439\" data-orig-file=\"https:\/\/eltrabajo.cl\/portal\/wp-content\/uploads\/2016\/03\/Asiento1-1.jpg\" data-orig-size=\"530,349\" data-comments-opened=\"1\" data-image-meta=\"{&quot;aperture&quot;:&quot;0&quot;,&quot;credit&quot;:&quot;&quot;,&quot;camera&quot;:&quot;&quot;,&quot;caption&quot;:&quot;&quot;,&quot;created_timestamp&quot;:&quot;0&quot;,&quot;copyright&quot;:&quot;&quot;,&quot;focal_length&quot;:&quot;0&quot;,&quot;iso&quot;:&quot;0&quot;,&quot;shutter_speed&quot;:&quot;0&quot;,&quot;title&quot;:&quot;&quot;,&quot;orientation&quot;:&quot;0&quot;}\" data-image-title=\"BIEN PORTADITOS.- Los peque\u00f1itos de la Escuela Jos\u00e9 Bernardo Su\u00e1rez, de El Asiento, lucieron su mejor sonrisa en su primer d\u00eda de clases.\" data-image-description=\"&lt;p&gt;BIEN PORTADITOS.- Los peque\u00f1itos de la Escuela Jos\u00e9 Bernardo Su\u00e1rez, de El Asiento, lucieron su mejor sonrisa en su primer d\u00eda de clases.&lt;\/p&gt; \" data-medium-file=\"https:\/\/i0.wp.com\/eltrabajo.cl\/portal\/wp-content\/uploads\/2016\/03\/Asiento1-1.jpg?fit=300%2C198&#038;ssl=1\" data-large-file=\"https:\/\/i0.wp.com\/eltrabajo.cl\/portal\/wp-content\/uploads\/2016\/03\/Asiento1-1.jpg?fit=530%2C349&#038;ssl=1\" src=\"https:\/\/i0.wp.com\/eltrabajo.cl\/portal\/wp-content\/uploads\/2016\/03\/Asiento1-1.jpg?w=316&#038;h=208&#038;ssl=1\" srcset=\"https:\/\/i0.wp.com\/eltrabajo.cl\/portal\/wp-content\/uploads\/2016\/03\/Asiento1-1.jpg?w=530&amp;ssl=1 530w, https:\/\/i0.wp.com\/eltrabajo.cl\/portal\/wp-content\/uploads\/2016\/03\/Asiento1-1.jpg?resize=200%2C132&amp;ssl=1 200w, https:\/\/i0.wp.com\/eltrabajo.cl\/portal\/wp-content\/uploads\/2016\/03\/Asiento1-1.jpg?resize=300%2C198&amp;ssl=1 300w, https:\/\/i0.wp.com\/eltrabajo.cl\/portal\/wp-content\/uploads\/2016\/03\/Asiento1-1.jpg?resize=228%2C150&amp;ssl=1 228w, https:\/\/i0.wp.com\/eltrabajo.cl\/portal\/wp-content\/uploads\/2016\/03\/Asiento1-1.jpg?resize=400%2C263&amp;ssl=1 400w\" width=\"316\" height=\"208\" loading=\"lazy\" data-original-width=\"316\" data-original-height=\"208\" itemprop=\"http:\/\/schema.org\/image\" title=\"BIEN PORTADITOS.- Los peque\u00f1itos de la Escuela Jos\u00e9 Bernardo Su\u00e1rez, de El Asiento, lucieron su mejor sonrisa en su primer d\u00eda de clases.\" alt=\"BIEN PORTADITOS.- Los peque\u00f1itos de la Escuela Jos\u00e9 Bernardo Su\u00e1rez, de El Asiento, lucieron su mejor sonrisa en su primer d\u00eda de clases.\" style=\"width: 316px; height: 208px;\" \/> <\/a> <div class=\"tiled-gallery-caption\" itemprop=\"caption description\"> BIEN PORTADITOS.- Los peque\u00f1itos de la Escuela Jos\u00e9 Bernardo Su\u00e1rez, de El Asiento, lucieron su mejor sonrisa en su primer d\u00eda de clases. <\/div> <\/div> <\/div> <!-- close group --> <\/div> <!-- close row --> <\/div>\n","protected":false},"excerpt":{"rendered":"<p>\u00a1No pudo ser mejor! Con toda la explosividad propia de los ni\u00f1os en edad escolar, as\u00ed arranc\u00f3 el a\u00f1o escolar 2016 en todas las escuelas de nuestra comuna, jornada de la cual&#8230;<\/p>\n","protected":false},"author":1,"featured_media":67443,"comment_status":"open","ping_status":"open","sticky":false,"template":"","format":"standard","meta":{"advanced_seo_description":"","jetpack_seo_html_title":"","jetpack_seo_noindex":false,"_jetpack_memberships_contains_paid_content":false,"footnotes":""},"categories":[15],"tags":[],"class_list":["post-67438","post","type-post","status-publish","format-standard","has-post-thumbnail","hentry","category-comunidad"],"jetpack_featured_media_url":"https:\/\/i0.wp.com\/eltrabajo.cl\/portal\/wp-content\/uploads\/2016\/03\/Kevin-Zuniga.jpg?fit=530%2C349&ssl=1","jetpack_sharing_enabled":true,"jetpack_likes_enabled":true,"jetpack-related-posts":[],"_links":{"self":[{"href":"https:\/\/eltrabajo.cl\/portal\/wp-json\/wp\/v2\/posts\/67438","targetHints":{"allow":["GET"]}}],"collection":[{"href":"https:\/\/eltrabajo.cl\/portal\/wp-json\/wp\/v2\/posts"}],"about":[{"href":"https:\/\/eltrabajo.cl\/portal\/wp-json\/wp\/v2\/types\/post"}],"author":[{"embeddable":true,"href":"https:\/\/eltrabajo.cl\/portal\/wp-json\/wp\/v2\/users\/1"}],"replies":[{"embeddable":true,"href":"https:\/\/eltrabajo.cl\/portal\/wp-json\/wp\/v2\/comments?post=67438"}],"version-history":[{"count":0,"href":"https:\/\/eltrabajo.cl\/portal\/wp-json\/wp\/v2\/posts\/67438\/revisions"}],"wp:featuredmedia":[{"embeddable":true,"href":"https:\/\/eltrabajo.cl\/portal\/wp-json\/wp\/v2\/media\/67443"}],"wp:attachment":[{"href":"https:\/\/eltrabajo.cl\/portal\/wp-json\/wp\/v2\/media?parent=67438"}],"wp:term":[{"taxonomy":"category","embeddable":true,"href":"https:\/\/eltrabajo.cl\/portal\/wp-json\/wp\/v2\/categories?post=67438"},{"taxonomy":"post_tag","embeddable":true,"href":"https:\/\/eltrabajo.cl\/portal\/wp-json\/wp\/v2\/tags?post=67438"}],"curies":[{"name":"wp","href":"https:\/\/api.w.org\/{rel}","templated":true}]}}