{"id":67451,"date":"2016-03-04T09:30:21","date_gmt":"2016-03-04T12:30:21","guid":{"rendered":"http:\/\/www.eltrabajo.cl\/portal\/?p=67451"},"modified":"2016-03-04T09:30:21","modified_gmt":"2016-03-04T12:30:21","slug":"hasta-el-domingo-estudiantes-podran-postular-a-programa-becas-de-pasajes","status":"publish","type":"post","link":"https:\/\/eltrabajo.cl\/portal\/hasta-el-domingo-estudiantes-podran-postular-a-programa-becas-de-pasajes\/","title":{"rendered":"Hasta el domingo estudiantes podr\u00e1n postular a programa Becas de Pasajes"},"content":{"rendered":"<figure id=\"attachment_67452\" aria-describedby=\"caption-attachment-67452\" style=\"width: 528px\" class=\"wp-caption alignleft\"><a href=\"http:\/\/www.eltrabajo.cl\/portal\/hasta-el-domingo-estudiantes-podran-postular-a-programa-becas-de-pasajes\/pasajes\/\" rel=\"attachment wp-att-67452\"><img data-recalc-dims=\"1\" loading=\"lazy\" decoding=\"async\" class=\"size-full wp-image-67452\" src=\"https:\/\/i0.wp.com\/www.eltrabajo.cl\/portal\/wp-content\/uploads\/2016\/03\/pasajes.jpg?resize=528%2C349\" alt=\"Beneficio priorizado por el alcalde Patricio Freire, consiste en un pasaje de ida y regreso, por diez meses, para viajar a Valpara\u00edso o Santiago.\" width=\"528\" height=\"349\" srcset=\"https:\/\/i0.wp.com\/eltrabajo.cl\/portal\/wp-content\/uploads\/2016\/03\/pasajes.jpg?w=528&amp;ssl=1 528w, https:\/\/i0.wp.com\/eltrabajo.cl\/portal\/wp-content\/uploads\/2016\/03\/pasajes.jpg?resize=200%2C132&amp;ssl=1 200w, https:\/\/i0.wp.com\/eltrabajo.cl\/portal\/wp-content\/uploads\/2016\/03\/pasajes.jpg?resize=300%2C198&amp;ssl=1 300w, https:\/\/i0.wp.com\/eltrabajo.cl\/portal\/wp-content\/uploads\/2016\/03\/pasajes.jpg?resize=227%2C150&amp;ssl=1 227w, https:\/\/i0.wp.com\/eltrabajo.cl\/portal\/wp-content\/uploads\/2016\/03\/pasajes.jpg?resize=400%2C264&amp;ssl=1 400w\" sizes=\"auto, (max-width: 528px) 100vw, 528px\" \/><\/a><figcaption id=\"caption-attachment-67452\" class=\"wp-caption-text\">Beneficio priorizado por el alcalde Patricio Freire, consiste en un pasaje de ida y regreso, por diez meses, para viajar a Valpara\u00edso o Santiago.<\/figcaption><\/figure>\n<p>Hasta este domingo, a las 23.59 horas, estar\u00e1 abierto el proceso de postulaci\u00f3n en l\u00ednea al Programa de Becas de Pasajes, que a\u00f1o a a\u00f1o ejecuta la municipalidad de San Felipe, a trav\u00e9s de la Direcci\u00f3n de Desarrollo Comunitario, beneficiando a alumnos de Ense\u00f1anza Superior que estudian en Santiago o Valpara\u00edso.<br \/>\nLa informaci\u00f3n la entreg\u00f3 el coordinador del \u00e1rea comunitaria, Ricardo Carrasco, quien manifest\u00f3 que hasta el momento m\u00e1s de 600 j\u00f3venes de la comuna han realizado el tr\u00e1mite de postulaci\u00f3n al programa, el que consiste en la entrega de un pasaje de ida y regreso al mes, por el per\u00edodo marzo \u2013 diciembre.<br \/>\nPara este a\u00f1o, se proyecta que m\u00e1s de 800 j\u00f3venes postulen a este beneficio municipal, tal como ocurri\u00f3 en 2015, cuando una cifra similar se inscribi\u00f3, resultando m\u00e1s de 700 estudiantes favorecidos con la entrega de esta beca.<br \/>\nCarrasco manifest\u00f3 que una vez que se cumple esta etapa, los estudiantes tienen plazo hasta el 18 de marzo para entregar la documentaci\u00f3n de respaldo, por lo que deben acreditar su condici\u00f3n de alumno regular de una casa de estudios superiores de Valpara\u00edso o Santiago; as\u00ed como su domicilio en San Felipe, que se verifica a trav\u00e9s del Registro Social de Hogares.<br \/>\nDe la misma manera, se les solicita fotocopia de su c\u00e9dula de identidad, tener aplicada la Ficha de Protecci\u00f3n Social o Registro Social de Hogares con porcentaje vigente aplicado en la comuna de San Felipe y por \u00faltimo presentar la copia del formulario y correo electr\u00f3nico de postulaci\u00f3n a la beca.<br \/>\nRicardo Carrasco se\u00f1al\u00f3 que a contar del 21 de marzo y hasta el 1 de abril se efectuar\u00e1 la evaluaci\u00f3n t\u00e9cnica, para definirse precisamente en abril los seleccionados para recibir este beneficio. Los resultados ser\u00e1n publicados el 8 de abril, mientras que a partir de 18 de abril, se realizar\u00e1 la entrega del beneficio.<br \/>\n\u201cProyectamos que este a\u00f1o unos 750 a 800 j\u00f3venes conformen el universo de postulantes. Nosotros pensamos que finalmente favoreceremos a unas 600 familias, pues hablamos de un aporte a las familias de la comuna que tienen hijos estudiando en la capital o en Valpara\u00edso, a quienes humildemente ayudamos con este programa\u201d, se\u00f1al\u00f3 el profesional.<br \/>\nA\u00f1adi\u00f3 que \u201cel beneficio que nosotros generamos, seg\u00fan lo que nos ha pedido el alcalde Freire, dice relaci\u00f3n con aportar a la movilidad social, pero adem\u00e1s con favorecer la cercan\u00eda entre los estudiantes y sus seres queridos, comprendiendo que hay muchos de ellos que de no ser por esta beca, no podr\u00edan viajar a la comuna para estar junto a su familia\u201d.<br \/>\nLos j\u00f3venes que deseen postular al Programa de Pasajes, deben ingresar al sitio en internet www.muni cipalidaddesanfelipe.cl.<\/p>\n","protected":false},"excerpt":{"rendered":"<p>Hasta este domingo, a las 23.59 horas, estar\u00e1 abierto el proceso de postulaci\u00f3n en l\u00ednea al Programa de Becas de Pasajes, que a\u00f1o a a\u00f1o ejecuta la municipalidad de San Felipe, a&#8230;<\/p>\n","protected":false},"author":1,"featured_media":67452,"comment_status":"open","ping_status":"open","sticky":false,"template":"","format":"standard","meta":{"advanced_seo_description":"","jetpack_seo_html_title":"","jetpack_seo_noindex":false,"_jetpack_memberships_contains_paid_content":false,"footnotes":""},"categories":[1],"tags":[],"class_list":["post-67451","post","type-post","status-publish","format-standard","has-post-thumbnail","hentry","category-cronica"],"jetpack_featured_media_url":"https:\/\/i0.wp.com\/eltrabajo.cl\/portal\/wp-content\/uploads\/2016\/03\/pasajes.jpg?fit=528%2C349&ssl=1","jetpack_sharing_enabled":true,"jetpack_likes_enabled":true,"jetpack-related-posts":[],"_links":{"self":[{"href":"https:\/\/eltrabajo.cl\/portal\/wp-json\/wp\/v2\/posts\/67451","targetHints":{"allow":["GET"]}}],"collection":[{"href":"https:\/\/eltrabajo.cl\/portal\/wp-json\/wp\/v2\/posts"}],"about":[{"href":"https:\/\/eltrabajo.cl\/portal\/wp-json\/wp\/v2\/types\/post"}],"author":[{"embeddable":true,"href":"https:\/\/eltrabajo.cl\/portal\/wp-json\/wp\/v2\/users\/1"}],"replies":[{"embeddable":true,"href":"https:\/\/eltrabajo.cl\/portal\/wp-json\/wp\/v2\/comments?post=67451"}],"version-history":[{"count":0,"href":"https:\/\/eltrabajo.cl\/portal\/wp-json\/wp\/v2\/posts\/67451\/revisions"}],"wp:featuredmedia":[{"embeddable":true,"href":"https:\/\/eltrabajo.cl\/portal\/wp-json\/wp\/v2\/media\/67452"}],"wp:attachment":[{"href":"https:\/\/eltrabajo.cl\/portal\/wp-json\/wp\/v2\/media?parent=67451"}],"wp:term":[{"taxonomy":"category","embeddable":true,"href":"https:\/\/eltrabajo.cl\/portal\/wp-json\/wp\/v2\/categories?post=67451"},{"taxonomy":"post_tag","embeddable":true,"href":"https:\/\/eltrabajo.cl\/portal\/wp-json\/wp\/v2\/tags?post=67451"}],"curies":[{"name":"wp","href":"https:\/\/api.w.org\/{rel}","templated":true}]}}