{"id":67455,"date":"2016-03-04T09:33:56","date_gmt":"2016-03-04T12:33:56","guid":{"rendered":"http:\/\/www.eltrabajo.cl\/portal\/?p=67455"},"modified":"2016-03-04T09:43:51","modified_gmt":"2016-03-04T12:43:51","slug":"a-un-mes-de-partir-profesor-pablo-flores-sigue-en-el-corazon-de-sus-amigos","status":"publish","type":"post","link":"https:\/\/eltrabajo.cl\/portal\/a-un-mes-de-partir-profesor-pablo-flores-sigue-en-el-corazon-de-sus-amigos\/","title":{"rendered":"A un mes de partir Profesor Pablo Flores sigue en el coraz\u00f3n de sus amigos"},"content":{"rendered":"<figure id=\"attachment_67457\" aria-describedby=\"caption-attachment-67457\" style=\"width: 300px\" class=\"wp-caption alignleft\"><a href=\"http:\/\/www.eltrabajo.cl\/portal\/a-un-mes-de-partir-profesor-pablo-flores-sigue-en-el-corazon-de-sus-amigos\/pablo-rouget\/\" rel=\"attachment wp-att-67457\"><img data-recalc-dims=\"1\" loading=\"lazy\" decoding=\"async\" class=\"size-medium wp-image-67457\" src=\"https:\/\/i0.wp.com\/www.eltrabajo.cl\/portal\/wp-content\/uploads\/2016\/03\/Pablo-Rouget-300x197.jpg?resize=300%2C197\" alt=\"Pablo Rouget Flores Rodr\u00edguez, falleci\u00f3 el 30 de enero.\" width=\"300\" height=\"197\" srcset=\"https:\/\/i0.wp.com\/eltrabajo.cl\/portal\/wp-content\/uploads\/2016\/03\/Pablo-Rouget.jpg?resize=300%2C197&amp;ssl=1 300w, https:\/\/i0.wp.com\/eltrabajo.cl\/portal\/wp-content\/uploads\/2016\/03\/Pablo-Rouget.jpg?resize=200%2C131&amp;ssl=1 200w, https:\/\/i0.wp.com\/eltrabajo.cl\/portal\/wp-content\/uploads\/2016\/03\/Pablo-Rouget.jpg?resize=228%2C150&amp;ssl=1 228w, https:\/\/i0.wp.com\/eltrabajo.cl\/portal\/wp-content\/uploads\/2016\/03\/Pablo-Rouget.jpg?resize=400%2C263&amp;ssl=1 400w, https:\/\/i0.wp.com\/eltrabajo.cl\/portal\/wp-content\/uploads\/2016\/03\/Pablo-Rouget.jpg?w=530&amp;ssl=1 530w\" sizes=\"auto, (max-width: 300px) 100vw, 300px\" \/><\/a><figcaption id=\"caption-attachment-67457\" class=\"wp-caption-text\">Pablo Rouget Flores Rodr\u00edguez, falleci\u00f3 el 30 de enero.<\/figcaption><\/figure>\n<p><strong>Colegas y amigos dejaron ofrenda floral en su tumba:<\/strong><\/p>\n<p>El profesor Pablo Rouget Flores Rodr\u00edguez fue uno de los educadores m\u00e1s queridos dentro del gremio de profesores en Aconcagua. \u00c9l entreg\u00f3 a la docencia 28 a\u00f1os de su vida y labor\u00f3 en distintos establecimientos educacionales de nuestra provincia.<br \/>\nFlores labor\u00f3 en el Colegio Ingl\u00e9s; Escuela Santa Juana de Arco; Escuela Mateo Cokljat; el Instituto Libertador y falleci\u00f3 siendo profesor activo de la Escuela Carolina Ocampo Garc\u00eda en el sector de Bellavista. Siempre fue un profesor alegre, muy comprometido con su quehacer, cercano a todos sus alumnos y apoderados y con una gran conciencia social.<br \/>\nEste abnegado educador falleci\u00f3 el 30 de enero de este a\u00f1o, raz\u00f3n por la cual varios de sus excompa\u00f1eros de la Escuela Carolina Ocampo de Bellavista, dedicaron una tarde entera para visitar su tumba en el Cementerio Municipal de El Almendral.<br \/>\nFlores era casado, ten\u00eda cuatro hijos y muri\u00f3 luego de haber estado hospitalizado por una semana en la UCI del Hospital San Camilo. Quienes laboramos en Diario El Trabajo tambi\u00e9n nos unimos al sentimiento de P\u00e9rdida de la familia y amigos de Pablo Rouget Flores Rodr\u00edguez.<br \/>\n<strong>Roberto Gonz\u00e1lez Short<\/strong><br \/>\n<strong>rgonzalez@eltrabajo.cl<\/strong><\/p>\n<figure id=\"attachment_67456\" aria-describedby=\"caption-attachment-67456\" style=\"width: 530px\" class=\"wp-caption alignleft\"><a href=\"http:\/\/www.eltrabajo.cl\/portal\/a-un-mes-de-partir-profesor-pablo-flores-sigue-en-el-corazon-de-sus-amigos\/amistad1\/\" rel=\"attachment wp-att-67456\"><img data-recalc-dims=\"1\" loading=\"lazy\" decoding=\"async\" class=\"wp-image-67456 size-full\" src=\"https:\/\/i0.wp.com\/www.eltrabajo.cl\/portal\/wp-content\/uploads\/2016\/03\/Amistad1.jpg?resize=530%2C350\" alt=\"SIEMPRE AMIGOS.- Profesores sanfelipe\u00f1os, amigos de Pablo Flores, visitaron la tumba de este querido profesor.\" width=\"530\" height=\"350\" srcset=\"https:\/\/i0.wp.com\/eltrabajo.cl\/portal\/wp-content\/uploads\/2016\/03\/Amistad1.jpg?w=530&amp;ssl=1 530w, https:\/\/i0.wp.com\/eltrabajo.cl\/portal\/wp-content\/uploads\/2016\/03\/Amistad1.jpg?resize=200%2C132&amp;ssl=1 200w, https:\/\/i0.wp.com\/eltrabajo.cl\/portal\/wp-content\/uploads\/2016\/03\/Amistad1.jpg?resize=300%2C198&amp;ssl=1 300w, https:\/\/i0.wp.com\/eltrabajo.cl\/portal\/wp-content\/uploads\/2016\/03\/Amistad1.jpg?resize=227%2C150&amp;ssl=1 227w, https:\/\/i0.wp.com\/eltrabajo.cl\/portal\/wp-content\/uploads\/2016\/03\/Amistad1.jpg?resize=400%2C264&amp;ssl=1 400w\" sizes=\"auto, (max-width: 530px) 100vw, 530px\" \/><\/a><figcaption id=\"caption-attachment-67456\" class=\"wp-caption-text\">SIEMPRE AMIGOS.- Profesores sanfelipe\u00f1os, amigos de Pablo Flores, visitaron la tumba de este querido profesor.<\/figcaption><\/figure>\n","protected":false},"excerpt":{"rendered":"<p>Colegas y amigos dejaron ofrenda floral en su tumba: El profesor Pablo Rouget Flores Rodr\u00edguez fue uno de los educadores m\u00e1s queridos dentro del gremio de profesores en Aconcagua. \u00c9l entreg\u00f3 a&#8230;<\/p>\n","protected":false},"author":1,"featured_media":67457,"comment_status":"open","ping_status":"open","sticky":false,"template":"","format":"standard","meta":{"advanced_seo_description":"","jetpack_seo_html_title":"","jetpack_seo_noindex":false,"_jetpack_memberships_contains_paid_content":false,"footnotes":""},"categories":[15],"tags":[],"class_list":["post-67455","post","type-post","status-publish","format-standard","has-post-thumbnail","hentry","category-comunidad"],"jetpack_featured_media_url":"https:\/\/i0.wp.com\/eltrabajo.cl\/portal\/wp-content\/uploads\/2016\/03\/Pablo-Rouget.jpg?fit=530%2C348&ssl=1","jetpack_sharing_enabled":true,"jetpack_likes_enabled":true,"jetpack-related-posts":[],"_links":{"self":[{"href":"https:\/\/eltrabajo.cl\/portal\/wp-json\/wp\/v2\/posts\/67455","targetHints":{"allow":["GET"]}}],"collection":[{"href":"https:\/\/eltrabajo.cl\/portal\/wp-json\/wp\/v2\/posts"}],"about":[{"href":"https:\/\/eltrabajo.cl\/portal\/wp-json\/wp\/v2\/types\/post"}],"author":[{"embeddable":true,"href":"https:\/\/eltrabajo.cl\/portal\/wp-json\/wp\/v2\/users\/1"}],"replies":[{"embeddable":true,"href":"https:\/\/eltrabajo.cl\/portal\/wp-json\/wp\/v2\/comments?post=67455"}],"version-history":[{"count":0,"href":"https:\/\/eltrabajo.cl\/portal\/wp-json\/wp\/v2\/posts\/67455\/revisions"}],"wp:featuredmedia":[{"embeddable":true,"href":"https:\/\/eltrabajo.cl\/portal\/wp-json\/wp\/v2\/media\/67457"}],"wp:attachment":[{"href":"https:\/\/eltrabajo.cl\/portal\/wp-json\/wp\/v2\/media?parent=67455"}],"wp:term":[{"taxonomy":"category","embeddable":true,"href":"https:\/\/eltrabajo.cl\/portal\/wp-json\/wp\/v2\/categories?post=67455"},{"taxonomy":"post_tag","embeddable":true,"href":"https:\/\/eltrabajo.cl\/portal\/wp-json\/wp\/v2\/tags?post=67455"}],"curies":[{"name":"wp","href":"https:\/\/api.w.org\/{rel}","templated":true}]}}