{"id":67460,"date":"2016-03-04T09:37:24","date_gmt":"2016-03-04T12:37:24","guid":{"rendered":"http:\/\/www.eltrabajo.cl\/portal\/?p=67460"},"modified":"2016-03-04T09:37:24","modified_gmt":"2016-03-04T12:37:24","slug":"a-balazos-repelio-a-tres-asaltantes-que-irrumpieron-dentro-de-su-casa","status":"publish","type":"post","link":"https:\/\/eltrabajo.cl\/portal\/a-balazos-repelio-a-tres-asaltantes-que-irrumpieron-dentro-de-su-casa\/","title":{"rendered":"A balazos repeli\u00f3 a tres asaltantes que irrumpieron dentro de su casa"},"content":{"rendered":"<figure id=\"attachment_67461\" aria-describedby=\"caption-attachment-67461\" style=\"width: 530px\" class=\"wp-caption alignleft\"><a href=\"http:\/\/www.eltrabajo.cl\/portal\/a-balazos-repelio-a-tres-asaltantes-que-irrumpieron-dentro-de-su-casa\/arma-2\/\" rel=\"attachment wp-att-67461\"><img data-recalc-dims=\"1\" loading=\"lazy\" decoding=\"async\" class=\"size-full wp-image-67461\" src=\"https:\/\/i0.wp.com\/www.eltrabajo.cl\/portal\/wp-content\/uploads\/2016\/03\/arma.jpg?resize=530%2C349\" alt=\"Al o\u00edr los disparos los sujetos huyeron dejando abandonado autom\u00f3vil y pistola a fogueo.\" width=\"530\" height=\"349\" srcset=\"https:\/\/i0.wp.com\/eltrabajo.cl\/portal\/wp-content\/uploads\/2016\/03\/arma.jpg?w=530&amp;ssl=1 530w, https:\/\/i0.wp.com\/eltrabajo.cl\/portal\/wp-content\/uploads\/2016\/03\/arma.jpg?resize=200%2C132&amp;ssl=1 200w, https:\/\/i0.wp.com\/eltrabajo.cl\/portal\/wp-content\/uploads\/2016\/03\/arma.jpg?resize=300%2C198&amp;ssl=1 300w, https:\/\/i0.wp.com\/eltrabajo.cl\/portal\/wp-content\/uploads\/2016\/03\/arma.jpg?resize=228%2C150&amp;ssl=1 228w, https:\/\/i0.wp.com\/eltrabajo.cl\/portal\/wp-content\/uploads\/2016\/03\/arma.jpg?resize=400%2C263&amp;ssl=1 400w\" sizes=\"auto, (max-width: 530px) 100vw, 530px\" \/><\/a><figcaption id=\"caption-attachment-67461\" class=\"wp-caption-text\">Al o\u00edr los disparos los sujetos huyeron dejando abandonado autom\u00f3vil y pistola a fogueo.<\/figcaption><\/figure>\n<p><strong>La v\u00edctima se defendi\u00f3 haciendo uso de su arma de fuego, enfrent\u00e1ndose a los delincuentes cuando escalaron al interior de su parcela en el sector de Curim\u00f3n.<\/strong><\/p>\n<p>&nbsp;<\/p>\n<p>Producto de la invasi\u00f3n de tres delincuentes que irrumpieron al interior de una parcela ubicada en el sector de Curim\u00f3n; su propietario hizo uso de su arma de fuego en leg\u00edtima defensa y dispar\u00f3 en contra de los antisociales que debieron huir a pie en medio de la oscuridad, dejando abandonado el veh\u00edculo en el que se movilizaban.<br \/>\nLos sucesos habr\u00edan ocurrido a eso de las 22:00 horas del pasado mi\u00e9rcoles, cuando Carabineros del ret\u00e9n de Curim\u00f3n recepcion\u00f3 el llamado de auxilio del afectado, quien se\u00f1al\u00f3 la irrupci\u00f3n de estos desconocidos que pretend\u00edan concretar el robo de especies al interior de su vivienda.<br \/>\nLos efectivos policiales, al trasladarse al lugar de los hechos, hallaron un veh\u00edculo abandonado en cuyo interior los sujetos manten\u00edan un arma a fogueo. Desde ah\u00ed se iniciaron los respectivos patrullajes por los sectores aleda\u00f1os en b\u00fasqueda de estos antisociales que podr\u00edan encontrarse heridos tras la balacera.<br \/>\nEl Capit\u00e1n de Carabineros Osvaldo Villarroel, inform\u00f3 a Diario El Trabajo, que el propietario de la vivienda utiliz\u00f3 su armamento debidamente inscrito y con su documentaci\u00f3n al d\u00eda, haciendo uso leg\u00edtimo de defensa tras la invasi\u00f3n de estos sujetos dentro de su domicilio.<br \/>\n\u201cEl propietario hab\u00eda repelido el ataque haciendo uso de su arma de fuego. Cuando llega Carabineros al lugar, verificaron efectivamente los hechos ocurridos cerca de las 22:00 horas del pasado mi\u00e9rcoles. El afectado se encontraba en su domicilio tipo parcela de agrado, en calle Los Villares, cuando sus canes comenzaron a ladrar, observando que por el port\u00f3n principal, tres sujetos escalaban el port\u00f3n de entrada. Inmediatamente toma su armamento inscrito a su nombre, con su documentaci\u00f3n al d\u00eda, disparando al aire en pleno uso de leg\u00edtima defensa que le otorga el C\u00f3digo Penal, provocando que los desconocidos huyeron del lugar\u201d, afirm\u00f3 el oficial policial.<br \/>\nLas diligencias a cargo del personal de la Secci\u00f3n de Investigaci\u00f3n Policial, SIP, de Carabineros de San Felipe, confirmaron que el veh\u00edculo abandonado no manten\u00eda encargo por robo, registrado a nombre de una persona domiciliada en la comuna de \u00d1u\u00f1oa en Santiago, \u201ctambi\u00e9n se inform\u00f3 al personal policial de Santiago para contactar al propietario del veh\u00edculo hallado, quien indic\u00f3 haberlo vendido a una automotora sin haber concretado a\u00fan la trasferencia. Asimismo dentro del m\u00f3vil se encontr\u00f3 una pistola a fogueo que fue levantada como evidencias para la Fiscal\u00eda\u201d, precis\u00f3 Villarroel.<br \/>\nDe este modo, Carabineros a\u00fan no ha establecido la identidad de estos sujetos que habr\u00edan cometido este delito, dando cuenta correspondiente a todos los servicios de urgencias hospitalarios del sector tras el inminente arribo de alguna persona lesionada o herida a bala que pudiese resultar protagonista de estos hechos para continuar las diligencias.<br \/>\nPablo Salinas Sald\u00edas<\/p>\n","protected":false},"excerpt":{"rendered":"<p>La v\u00edctima se defendi\u00f3 haciendo uso de su arma de fuego, enfrent\u00e1ndose a los delincuentes cuando escalaron al interior de su parcela en el sector de Curim\u00f3n. &nbsp; Producto de la invasi\u00f3n&#8230;<\/p>\n","protected":false},"author":1,"featured_media":67461,"comment_status":"open","ping_status":"open","sticky":false,"template":"","format":"standard","meta":{"advanced_seo_description":"","jetpack_seo_html_title":"","jetpack_seo_noindex":false,"_jetpack_memberships_contains_paid_content":false,"footnotes":""},"categories":[21],"tags":[],"class_list":["post-67460","post","type-post","status-publish","format-standard","has-post-thumbnail","hentry","category-policial"],"jetpack_featured_media_url":"https:\/\/i0.wp.com\/eltrabajo.cl\/portal\/wp-content\/uploads\/2016\/03\/arma.jpg?fit=530%2C349&ssl=1","jetpack_sharing_enabled":true,"jetpack_likes_enabled":true,"jetpack-related-posts":[],"_links":{"self":[{"href":"https:\/\/eltrabajo.cl\/portal\/wp-json\/wp\/v2\/posts\/67460","targetHints":{"allow":["GET"]}}],"collection":[{"href":"https:\/\/eltrabajo.cl\/portal\/wp-json\/wp\/v2\/posts"}],"about":[{"href":"https:\/\/eltrabajo.cl\/portal\/wp-json\/wp\/v2\/types\/post"}],"author":[{"embeddable":true,"href":"https:\/\/eltrabajo.cl\/portal\/wp-json\/wp\/v2\/users\/1"}],"replies":[{"embeddable":true,"href":"https:\/\/eltrabajo.cl\/portal\/wp-json\/wp\/v2\/comments?post=67460"}],"version-history":[{"count":0,"href":"https:\/\/eltrabajo.cl\/portal\/wp-json\/wp\/v2\/posts\/67460\/revisions"}],"wp:featuredmedia":[{"embeddable":true,"href":"https:\/\/eltrabajo.cl\/portal\/wp-json\/wp\/v2\/media\/67461"}],"wp:attachment":[{"href":"https:\/\/eltrabajo.cl\/portal\/wp-json\/wp\/v2\/media?parent=67460"}],"wp:term":[{"taxonomy":"category","embeddable":true,"href":"https:\/\/eltrabajo.cl\/portal\/wp-json\/wp\/v2\/categories?post=67460"},{"taxonomy":"post_tag","embeddable":true,"href":"https:\/\/eltrabajo.cl\/portal\/wp-json\/wp\/v2\/tags?post=67460"}],"curies":[{"name":"wp","href":"https:\/\/api.w.org\/{rel}","templated":true}]}}